{"id":6205,"date":"2016-05-14T11:09:47","date_gmt":"2016-05-14T09:09:47","guid":{"rendered":"http:\/\/www.nollendorfblog.de\/?p=6205"},"modified":"2019-03-02T11:52:59","modified_gmt":"2019-03-02T09:52:59","slug":"74-fortschritt-ist-eine-schnecke-von-hans-huett-anlasslos-de","status":"publish","type":"post","link":"https:\/\/www.nollendorfblog.de\/?p=6205","title":{"rendered":"7\/4 &#8211; &#8222;Fortschritt ist eine Schnecke.&#8220; Von Hans H\u00fctt \/ anlasslos.de"},"content":{"rendered":"<p><strong>#Tage7Blogger &#8211; 4. Tag<\/strong><\/p>\n<h5><img loading=\"lazy\" decoding=\"async\" class=\"alignright wp-image-6242\" src=\"https:\/\/www.nollendorfblog.de\/wp-content\/uploads\/2016\/05\/7-Nollendorf-4-mit-Kind-1024x1024.jpeg\" alt=\"7 Nollendorf 4 mit Kind\" width=\"200\" height=\"200\" srcset=\"https:\/\/www.nollendorfblog.de\/wp-content\/uploads\/2016\/05\/7-Nollendorf-4-mit-Kind-1024x1024.jpeg 1024w, https:\/\/www.nollendorfblog.de\/wp-content\/uploads\/2016\/05\/7-Nollendorf-4-mit-Kind-150x150.jpeg 150w, https:\/\/www.nollendorfblog.de\/wp-content\/uploads\/2016\/05\/7-Nollendorf-4-mit-Kind-300x300.jpeg 300w, https:\/\/www.nollendorfblog.de\/wp-content\/uploads\/2016\/05\/7-Nollendorf-4-mit-Kind-768x768.jpeg 768w, https:\/\/www.nollendorfblog.de\/wp-content\/uploads\/2016\/05\/7-Nollendorf-4-mit-Kind-140x140.jpeg 140w, https:\/\/www.nollendorfblog.de\/wp-content\/uploads\/2016\/05\/7-Nollendorf-4-mit-Kind.jpeg 2048w\" sizes=\"auto, (max-width: 200px) 100vw, 200px\" \/>\u00a0Willkommen zur schwulen Bloggerwoche. Anl\u00e4\u00dflich des <a href=\"https:\/\/www.nollendorfblog.de\/?p=6098\">Siebenj\u00e4hrigen dieses Blogs<\/a> schreibt eine Woche lang jeden Tag ein anderer schwuler Blogger \u00fcber die letzten sieben Jahre: W<span class=\"_5yl5\">as bedeuten sie f\u00fcr die homosexuelle Emanzipationsbewegung, was f\u00fcr das schwule* Leben in Deutschland? Was hat sich ver\u00e4ndert, wo standen wir damals, wo stehen wir heute?<\/span><\/h5>\n<p>&nbsp;<\/p>\n<h2>Fortschritt ist eine Schnecke<\/h2>\n<p><em>von Hans H\u00fctt<\/em><\/p>\n<p>Heute Nachmittag folgte ich Falk Richters Vortrag \u00fcber sein St\u00fcck <a href=\"https:\/\/www.nollendorfblog.de\/?p=4981\">FEAR<\/a> bei der B\u00f6ll-Stiftung. W\u00e4hrend ich in einem Fenster meines Laptops diesem Livestream folgte, waren einige weitere Tabs offen, die mich kaum ablenken konnten. Sie n\u00e4hrten aber eine frei schwebende Aufmerksamkeit, die aus vielen T\u00f6pfchen gleichzeitig nascht. Nebenbei ist das eine der sch\u00f6nsten Voraussetzungen f\u00fcr das Bloggen: das situative Aufgreifen eines bedeutenden Augenblicks aus einem Strom von Bildfetzen.<\/p>\n<p>Pl\u00f6tzlich erinnere ich mich an einen <a href=\"http:\/\/www.faz.net\/aktuell\/feuilleton\/debatten\/integration\/geert-wilders-in-berlin-der-populist-und-sein-volk-11131481.html?printPagedArticle=true#pageIndex_2\" target=\"_blank\">Vortrag des niederl\u00e4ndischen Rechtspopulisten Geert Wilders<\/a> im September 2011 in Berlin. In dem voll besetzten gro\u00dfen Hotelsaal sa\u00dfen ziemlich viele sehr adrett zurecht gemachte junge M\u00e4nner, die man am sp\u00e4teren Abend an anderen Stellen des Tiergartens vermutet h\u00e4tte. Bei jeder sich ihnen bietenden Gelegenheit sprangen sie auf und applaudierten.<\/p>\n<p>Zwei Jahre sp\u00e4ter, an einem Sp\u00e4tsommerabend nur wenige Wochen vor der Bundestagswahl, dringt durch einen Chor verhaltenen St\u00f6hnens eine Stimme an mein Ohr, die meine Aufmerksamkeit fesselt. Ich h\u00f6re dem volkswirtschaftlich zweifelhaften Vortrag eines anderen Gastes zu, den nicht der Sex lockte, sondern die Absicht, Stimmen f\u00fcr die AfD zu sammeln. Ich verwickele ihn in ein Gespr\u00e4ch, stelle ihn auf die Probe, frage ihn nach der Vorgeschichte der Finanzkrise und der griechischen Schulden, bringe ihn allm\u00e4hlich in Verlegenheit. Er wirft mir vor, ich drehte ihm das Wort im Mund um. Das mag sogar stimmen. Mein Zweck war erf\u00fcllt.<\/p>\n<p>Was war an diesen zwei Septemberabenden in Sch\u00f6neberg zu besichtigen? In der Begeisterung f\u00fcr Wilders und in der Propaganda f\u00fcr die AfD nahm ich Sehnsucht nach Zugeh\u00f6rigkeit wahr. Ich verstehe sie als Ergebnis einer komplizierten Operation. Sie funktioniert \u00e4hnlich wie Kontaktanzeigen, die nur mitteilen, was ihre Urheber nicht suchen. Diese Sehnsucht sucht Zugeh\u00f6rigkeit an einer Stelle im sozialen Raum, an der sie fast nur entt\u00e4uscht werden kann. Sie verwandelt <a href=\"http:\/\/www.anlasslos.de\/?p=521\" target=\"_blank\">Angst vor der Gleichheit<\/a> durch Anwendung unmittelbaren Zwangs gegen sich selbst in eine Angleichung. Sie verlagert den Zwang gesellschaftlicher Verh\u00e4ltnisse in den eigenen Leib.<\/p>\n<p>Es g\u00e4be eine Alternative dazu. Sie k\u00f6nnten ihre Sehnsucht nach Gleichheit, den Traum vom Dazugeh\u00f6ren, mit ihrer Ungleichheit begr\u00fcnden.<\/p>\n<p>\u2666<\/p>\n<p><a href=\"http:\/\/www.anlasslos.de\"><span style=\"color: #000000;\"><strong><em>www.anlasslos.de<\/em><\/strong><\/span><\/a><\/p>\n<p><em>H<span style=\"color: #000000;\">ans H\u00fctt f\u00e4llt etwas aus dem Rahmen der in dieser Woche versammelten schwulen Blogger. Anders als die anderen betreibt er kein explizit schwules Blog, keine queere Website. Er ist aber einer der renommiertesten schwulen Blogger und vielleicht derjenige, der queere Themen am konsequentesten intellektuell und anschaulich in einem kulturhistorischen Zusammenhang darstellt und analysiert. 2014 gewann er den Michael-Althen Preis f\u00fcr ein Essay, in dem er u.a. das Theaterst\u00fcck &#8222;Small Town Boy&#8220; von Falk Richter betrachtete (hier der <span style=\"color: #333399;\"><a style=\"color: #333399;\" href=\"https:\/\/www.nollendorfblog.de\/?p=4193\">damalige Beitrag<\/a><\/span> des Nollendorfblogs dazu) .\u00a0 Er bloggt unter <span style=\"color: #333399;\"><a style=\"color: #333399;\" href=\"http:\/\/www.anlasslos.de\/\">www.anlasslos.de<\/a><\/span>, ist freier Autor f\u00fcr die FAZ, den Freitag, das Kursbuch, <span style=\"color: #333399;\"><a style=\"color: #333399;\" href=\"https:\/\/www.taz.de\/!5048736\/\" target=\"_blank\">die taz<\/a><\/span> und Zeit Online.Von 1978 bis 1981 war er (zusammen mit Egmont Fassbinder) Verleger des Verlags rosa Winkel.<\/span><\/em><\/p>\n<p><span style=\"color: #000000;\"><em><strong>Linktipp f\u00fcr Einsteiger: <a style=\"color: #000000;\" href=\"http:\/\/www.anlasslos.de\/?p=755\">Aufstand des K\u00f6rpers<\/a><\/strong><\/em><\/span><\/p>\n<p class=\"western\">&#8212;<\/p>\n<p><span style=\"color: #000000;\"><em>Bisher auf &#8222;7 Jahre&#8220; (Aktueller Nachtrag):<\/em><\/span><\/p>\n<p>[table id=2 \/]<\/p>\n<div id=\"main\">\n<section id=\"primary\">\n<div id=\"content\">\n<article id=\"post-6103\">\n<header><em><span style=\"color: #000000;\"> &#8212;<\/span><\/em><\/header>\n<p><span style=\"color: #000000;\"><em>Hier Beitr\u00e4ge zum von Hans H\u00fctt erw\u00e4hnten\u00a0 Theaterst\u00fcck &#8222;Fear&#8220; von Falk Richter im Nollendorfblog:<\/em><\/span><\/p>\n<header>\n<p id=\"masthead\"><span style=\"color: #000000;\"><em><a style=\"color: #000000;\" title=\"Permanentlink zu \u201eWas entgegene ich einem Argument, das schon tot ist?\u201c \u2013 Falk Richters \u201eFear\u201c an der Berliner Schaub\u00fchne\" href=\"https:\/\/www.nollendorfblog.de\/?p=4981\" rel=\"bookmark\">\u201eWas entgegene ich einem Argument, das schon tot ist?\u201c \u2013 Falk Richters \u201eFear\u201c an der Berliner Schaub\u00fchne \/ <\/a><\/em><\/span><\/p>\n<p class=\"site-header\"><span style=\"color: #000000;\"><em><a style=\"color: #000000;\" title=\"Permanentlink zu \u201eWas entgegene ich einem Argument, das schon tot ist?\u201c \u2013 Falk Richters \u201eFear\u201c an der Berliner Schaub\u00fchne\" href=\"https:\/\/www.nollendorfblog.de\/?p=4981\" rel=\"bookmark\">Einsch\u00fcchterung und Angst: Die gespenstische Gerichtsshow von Hedwig von Beverfoerde \/ <\/a><\/em><\/span><\/p>\n<p class=\"site-header\"><span style=\"color: #000000;\"><em><a style=\"color: #000000;\" title=\"Permanentlink zu \u201eWas entgegene ich einem Argument, das schon tot ist?\u201c \u2013 Falk Richters \u201eFear\u201c an der Berliner Schaub\u00fchne\" href=\"https:\/\/www.nollendorfblog.de\/?p=4981\" rel=\"bookmark\">\u201eFocus\u201c \u00fcbt sich als Handlanger von AfD und \u201eDemo f\u00fcr alle\u201c<\/a><\/em><\/span><\/p>\n<header><em>..<\/em><\/header>\n<header><em>* Ich wei\u00df, dass schwul und homosexuell nicht das Gleiche ist, aber es ist nun mal ein schwules Blog und somit auch ein homosexuelles. J.K<\/em><\/header>\n<header><em>&#8212;<\/em><\/header>\n<header><em>Grafik: <a href=\"http:\/\/von-klettenberg.net\/\">Thomas von Klettenberg<\/a><\/em><\/header>\n<\/header>\n<\/article>\n<\/div>\n<\/section>\n<\/div>\n<p>&nbsp;<\/p>\n","protected":false},"excerpt":{"rendered":"<p>.#7Tage7Blogger \u2013 4. Tag. \u201eSie k\u00f6nnten ihre Sehnsucht nach Gleichheit, den Traum vom Dazugeh\u00f6ren, mit ihrer Ungleichheit begr\u00fcnden..\u201c \u2013 Hans H\u00fctt, anlasslos.de<\/p>\n","protected":false},"author":1,"featured_media":6242,"comment_status":"open","ping_status":"open","sticky":false,"template":"","format":"standard","meta":{"footnotes":""},"categories":[162,107,1],"tags":[],"class_list":["post-6205","post","type-post","status-publish","format-standard","has-post-thumbnail","hentry","category-162","category-7-jahre","category-politik"],"_links":{"self":[{"href":"https:\/\/www.nollendorfblog.de\/index.php?rest_route=\/wp\/v2\/posts\/6205","targetHints":{"allow":["GET"]}}],"collection":[{"href":"https:\/\/www.nollendorfblog.de\/index.php?rest_route=\/wp\/v2\/posts"}],"about":[{"href":"https:\/\/www.nollendorfblog.de\/index.php?rest_route=\/wp\/v2\/types\/post"}],"author":[{"embeddable":true,"href":"https:\/\/www.nollendorfblog.de\/index.php?rest_route=\/wp\/v2\/users\/1"}],"replies":[{"embeddable":true,"href":"https:\/\/www.nollendorfblog.de\/index.php?rest_route=%2Fwp%2Fv2%2Fcomments&post=6205"}],"version-history":[{"count":28,"href":"https:\/\/www.nollendorfblog.de\/index.php?rest_route=\/wp\/v2\/posts\/6205\/revisions"}],"predecessor-version":[{"id":6273,"href":"https:\/\/www.nollendorfblog.de\/index.php?rest_route=\/wp\/v2\/posts\/6205\/revisions\/6273"}],"wp:featuredmedia":[{"embeddable":true,"href":"https:\/\/www.nollendorfblog.de\/index.php?rest_route=\/wp\/v2\/media\/6242"}],"wp:attachment":[{"href":"https:\/\/www.nollendorfblog.de\/index.php?rest_route=%2Fwp%2Fv2%2Fmedia&parent=6205"}],"wp:term":[{"taxonomy":"category","embeddable":true,"href":"https:\/\/www.nollendorfblog.de\/index.php?rest_route=%2Fwp%2Fv2%2Fcategories&post=6205"},{"taxonomy":"post_tag","embeddable":true,"href":"https:\/\/www.nollendorfblog.de\/index.php?rest_route=%2Fwp%2Fv2%2Ftags&post=6205"}],"curies":[{"name":"wp","href":"https:\/\/api.w.org\/{rel}","templated":true}]}}