{"id":6245,"date":"2016-05-15T16:47:11","date_gmt":"2016-05-15T14:47:11","guid":{"rendered":"http:\/\/www.nollendorfblog.de\/?p=6245"},"modified":"2019-03-02T11:52:59","modified_gmt":"2019-03-02T09:52:59","slug":"75-der-hetero-wird-mitgedacht-von-alexander-von-beyme","status":"publish","type":"post","link":"https:\/\/www.nollendorfblog.de\/?p=6245","title":{"rendered":"7\/5 &#8211; &#8222;Der Hetero wird mitgedacht.&#8220;  Von Alexander von Beyme"},"content":{"rendered":"<p><strong>#Tage7Blogger &#8211; 5. Tag<\/strong><\/p>\n<h5><img loading=\"lazy\" decoding=\"async\" class=\"alignright wp-image-6246\" src=\"https:\/\/www.nollendorfblog.de\/wp-content\/uploads\/2016\/05\/7-Nollendorfblog-5-1024x1024.jpeg\" alt=\"7 Nollendorfblog 5\" width=\"200\" height=\"200\" srcset=\"https:\/\/www.nollendorfblog.de\/wp-content\/uploads\/2016\/05\/7-Nollendorfblog-5-1024x1024.jpeg 1024w, https:\/\/www.nollendorfblog.de\/wp-content\/uploads\/2016\/05\/7-Nollendorfblog-5-150x150.jpeg 150w, https:\/\/www.nollendorfblog.de\/wp-content\/uploads\/2016\/05\/7-Nollendorfblog-5-300x300.jpeg 300w, https:\/\/www.nollendorfblog.de\/wp-content\/uploads\/2016\/05\/7-Nollendorfblog-5-768x768.jpeg 768w, https:\/\/www.nollendorfblog.de\/wp-content\/uploads\/2016\/05\/7-Nollendorfblog-5-140x140.jpeg 140w, https:\/\/www.nollendorfblog.de\/wp-content\/uploads\/2016\/05\/7-Nollendorfblog-5.jpeg 2048w\" sizes=\"auto, (max-width: 200px) 100vw, 200px\" \/>Willkommen zur schwulen Bloggerwoche. Anl\u00e4\u00dflich des <a href=\"https:\/\/www.nollendorfblog.de\/?p=6098\">Siebenj\u00e4hrigen dieses Blogs<\/a> schreibt eine Woche lang jeden Tag ein anderer schwuler Blogger \u00fcber die letzten sieben Jahre: W<span class=\"_5yl5\">as bedeuten sie f\u00fcr die homosexuelle Emanzipationsbewegung, was f\u00fcr das schwule* Leben in Deutschland? Was hat sich ver\u00e4ndert, wo standen wir damals, wo stehen wir heute?<\/span><\/h5>\n<p>&nbsp;<\/p>\n<h2>Der Hetero wird mitgedacht<\/h2>\n<p><em>von Alexander von Beyme<br \/>\n<\/em><\/p>\n<p align=\"left\">Gut vier Monate nach dem Start des Nollendorfblogs habe ich mich verpartnert. An diesem Tag im Herbst 2009 haben mein Mann und ich das trickreich gemacht: Wir bedienten uns all der heterosexuellen Konventionen, die uns gefallen haben: Anzug und Tischreden, dazu eine festgelegte Sitzordnung, die voller Berechnung Fremde mit \u00e4hnlichen Interessen ins Gespr\u00e4ch gebracht hat. Und die Konventionen, die uns nicht gefallen haben, die haben wir weggelassen &#8211; mit der Begr\u00fcndung, dass es ja eine unkonventionelle Schwulen-Hochzeit ist. Kein Er\u00f6ffnungswalzer, einfach gar kein Tanzen. Die Fotos habe ich auf Facebook geteilt. <img loading=\"lazy\" decoding=\"async\" class=\"alignleft wp-image-6249\" src=\"https:\/\/www.nollendorfblog.de\/wp-content\/uploads\/2016\/05\/IMG_8543-1024x681.jpg\" alt=\"IMG_8543\" width=\"230\" height=\"153\" srcset=\"https:\/\/www.nollendorfblog.de\/wp-content\/uploads\/2016\/05\/IMG_8543-1024x681.jpg 1024w, https:\/\/www.nollendorfblog.de\/wp-content\/uploads\/2016\/05\/IMG_8543-300x199.jpg 300w, https:\/\/www.nollendorfblog.de\/wp-content\/uploads\/2016\/05\/IMG_8543-768x511.jpg 768w\" sizes=\"auto, (max-width: 230px) 100vw, 230px\" \/>Auf diese Weise haben ganz beil\u00e4ufig diverse heterosexuelle Freunde und Arbeitskollegen gesehen, wie wenig sich eine schwule Verpartnerung von einer Eheschlie\u00dfung unterscheidet. Alster, Ruderclub, Sekt und H\u00e4ppchen halt.<\/p>\n<p align=\"left\">Was hat das mit dem Nollendorfblog zu tun? Sehr viel! So wie die Bilder meiner Verpartnerung in die Timeline meiner Facebook-Freund gesp\u00fclt wurde, treffen mittlerweile st\u00e4ndig homosexuelle Inhalte auf heterosexuelle Leser. Schwules und lesbisches Leben ist durch social media in den vergangenen Jahren sichtbarer geworden. Und das gilt eben nicht nur f\u00fcr die vermeintliche Normalit\u00e4t einer homosexuellen Verpartnerung, sondern auch f\u00fcr all die Widrigkeiten und Alltagsdiskriminierungen. Die von mir geposteten Beitr\u00e4ge vom Nollendorfblog empfanden Freunde und Bekannte von mir immer wieder als horizonterweiternd.<\/p>\n<p align=\"left\">In den sieben Jahren hat sich die Schreibe ver\u00e4ndert: Der <a href=\"https:\/\/www.nollendorfblog.de\/?p=1\">erste Beitrag im Nollendorfblog<\/a> war noch von einem \u201ewir\u201c gepr\u00e4gt, das klar auf die homosexuelle Community begrenzt war. Steven Milverton hat fr\u00fcher oft<a href=\"http:\/\/stevenmilverton.com\/2012\/11\/spahn-will-kein-ferkel-sein\/\"> eine explizite Sprache<\/a>\u00a0 verwendet, die ich meinen Eltern und vielen anderen Heteros als Lesestoff nicht zugemutet h\u00e4tte. Jetzt ist die Perspektive vieler homosexueller Medienschaffenden eine andere: Der oder die Hetero wird mitgedacht. Jeder Artikel hat auch Leser, die fr\u00fcher kaum erreichbar waren f\u00fcr homosexuelle Themen. Webseiten und Blogs kommen raus aus der Nische: Inzwischen ist es mehr als nur eine vage Hoffnung, von Heterosexuellen geh\u00f6rt zu werden, \u00fcberzeugen zu k\u00f6nnen und neue Verb\u00fcndete zu gewinnen. Es passiert jeden Tag. \u2666<\/p>\n<p><em><span style=\"color: #000000;\"><strong>www.alexandervonbeyme.net<\/strong><\/span><\/em><\/p>\n<p><em>Alexander von Beyme ist als Nachrichtenjournalist Experte f\u00fcr alles. In seinem 2010 gestartetem Blog beschr\u00e4nkt er sich auf Themen rund um Lesben und Schwule, aber man merkt ihm, dem Blog, an, dass es von einem &#8222;Allrounder&#8220; gemacht wird, jemandem, der sich in verschiedenen Welten bewegen und \u00fcber Komplexes anschaulich berichten kann. Auff\u00e4llig ist der optimistische, konstruktive Grundton, das Anliegen, mit \u00fcberzeugend aufbereiteten Fakten und klaren Positionen etwas zu bewegen zu wollen. Gro\u00dfe Beachtung fand dabei sein Blog-Beitrag <a href=\"http:\/\/www.alexandervonbeyme.net\/2014\/10\/16\/unter-dem-deckmantel-des-journalismus\/\">&#8222;Unter dem Deckmantel des Journalismus&#8220;<\/a>, in dem er der FAZ manipulative und falsche Darstellungen in der Bildungsplan-Diskussion nachwies. Ein Schwerpunkt seines Blogs ist der Bereich Homosexuelle im Sport. Beyme ist selbst Fussballer, er war Sprecher und einer der Organisatoren der schwul-lesbischen Fu\u00dfball-Europameisterschaft IGLFA im letzten Jahr in Hamburg.\u00a0<\/em><\/p>\n<p><strong><em><span style=\"color: #000000;\">Linktipp f\u00fcr Einsteiger: <a style=\"color: #000000;\" href=\"http:\/\/www.alexandervonbeyme.net\/2015\/02\/02\/ratgeber-fuer-fussball-profis-was-tun-mit-einem-schwulen\/\" rel=\"bookmark\">Ratgeber f\u00fcr Fu\u00dfball-Profis: Was tun mit einem Schwulen?<\/a><\/span><\/em><\/strong><\/p>\n<p>&#8212;<\/p>\n<p><span style=\"color: #000000;\"><em>Bisher auf &#8222;7 Jahre&#8220; (Aktueller Nachtrag):<\/em><\/span><\/p>\n<p>[table id=2 \/]<\/p>\n<div id=\"main\">\n<section id=\"primary\">\n<div id=\"content\">\n<article><em>&#8212;<\/em><\/article>\n<article><em>* Ich wei\u00df, dass schwul und homosexuell nicht das Gleiche ist, aber es ist nun mal ein schwules Blog und somit auch ein homosexuelles. J.K.<\/em><\/article>\n<article>\n<header><em>&#8212;<\/em><\/header>\n<header><em>Foto: Thomas G\u00fctt \/ Grafik<span style=\"color: #000000;\">: <a style=\"color: #000000;\" href=\"http:\/\/von-klettenberg.net\/\">Thomas von Klettenberg<\/a><\/span><\/em><\/header>\n<\/article>\n<\/div>\n<\/section>\n<\/div>\n<p>&nbsp;<\/p>\n","protected":false},"excerpt":{"rendered":"<p>#7Tage7Blogger \u2013 5. Tag. &#8222;Jeder Artikel hat auch Leser, die fr\u00fcher kaum erreichbar waren f\u00fcr homosexuelle Themen. Webseiten und Blogs kommen raus aus der Nische: Inzwischen ist es mehr als nur eine vage Hoffnung, von Heterosexuellen geh\u00f6rt zu werden, \u00fcberzeugen zu k\u00f6nnen und neue Verb\u00fcndete zu gewinnen.&#8220; Alexander von Beyme<\/p>\n","protected":false},"author":1,"featured_media":6246,"comment_status":"open","ping_status":"open","sticky":false,"template":"","format":"standard","meta":{"footnotes":""},"categories":[162,107,145],"tags":[],"class_list":["post-6245","post","type-post","status-publish","format-standard","has-post-thumbnail","hentry","category-162","category-7-jahre","category-gastbeitraege"],"_links":{"self":[{"href":"https:\/\/www.nollendorfblog.de\/index.php?rest_route=\/wp\/v2\/posts\/6245","targetHints":{"allow":["GET"]}}],"collection":[{"href":"https:\/\/www.nollendorfblog.de\/index.php?rest_route=\/wp\/v2\/posts"}],"about":[{"href":"https:\/\/www.nollendorfblog.de\/index.php?rest_route=\/wp\/v2\/types\/post"}],"author":[{"embeddable":true,"href":"https:\/\/www.nollendorfblog.de\/index.php?rest_route=\/wp\/v2\/users\/1"}],"replies":[{"embeddable":true,"href":"https:\/\/www.nollendorfblog.de\/index.php?rest_route=%2Fwp%2Fv2%2Fcomments&post=6245"}],"version-history":[{"count":15,"href":"https:\/\/www.nollendorfblog.de\/index.php?rest_route=\/wp\/v2\/posts\/6245\/revisions"}],"predecessor-version":[{"id":6266,"href":"https:\/\/www.nollendorfblog.de\/index.php?rest_route=\/wp\/v2\/posts\/6245\/revisions\/6266"}],"wp:featuredmedia":[{"embeddable":true,"href":"https:\/\/www.nollendorfblog.de\/index.php?rest_route=\/wp\/v2\/media\/6246"}],"wp:attachment":[{"href":"https:\/\/www.nollendorfblog.de\/index.php?rest_route=%2Fwp%2Fv2%2Fmedia&parent=6245"}],"wp:term":[{"taxonomy":"category","embeddable":true,"href":"https:\/\/www.nollendorfblog.de\/index.php?rest_route=%2Fwp%2Fv2%2Fcategories&post=6245"},{"taxonomy":"post_tag","embeddable":true,"href":"https:\/\/www.nollendorfblog.de\/index.php?rest_route=%2Fwp%2Fv2%2Ftags&post=6245"}],"curies":[{"name":"wp","href":"https:\/\/api.w.org\/{rel}","templated":true}]}}