{"id":6278,"date":"2016-05-16T12:47:57","date_gmt":"2016-05-16T10:47:57","guid":{"rendered":"http:\/\/www.nollendorfblog.de\/?p=6278"},"modified":"2019-03-02T12:43:28","modified_gmt":"2019-03-02T10:43:28","slug":"6278","status":"publish","type":"post","link":"https:\/\/www.nollendorfblog.de\/?p=6278","title":{"rendered":"7\/6 &#8222;Gefangen in der schwulen Zeitschleife&#8220; Von Micha Schulze \/ queer.de"},"content":{"rendered":"<p><strong>Tage7Blogger &#8211; 6. Tag<\/strong><\/p>\n<h5><\/h5>\n<h5><img loading=\"lazy\" decoding=\"async\" class=\"alignright wp-image-6279\" src=\"https:\/\/www.nollendorfblog.de\/wp-content\/uploads\/2016\/05\/7-Jahre-6-1024x1024.jpeg\" alt=\"7 Jahre 6\" width=\"200\" height=\"200\" srcset=\"https:\/\/www.nollendorfblog.de\/wp-content\/uploads\/2016\/05\/7-Jahre-6-1024x1024.jpeg 1024w, https:\/\/www.nollendorfblog.de\/wp-content\/uploads\/2016\/05\/7-Jahre-6-150x150.jpeg 150w, https:\/\/www.nollendorfblog.de\/wp-content\/uploads\/2016\/05\/7-Jahre-6-300x300.jpeg 300w, https:\/\/www.nollendorfblog.de\/wp-content\/uploads\/2016\/05\/7-Jahre-6-768x768.jpeg 768w, https:\/\/www.nollendorfblog.de\/wp-content\/uploads\/2016\/05\/7-Jahre-6-140x140.jpeg 140w, https:\/\/www.nollendorfblog.de\/wp-content\/uploads\/2016\/05\/7-Jahre-6.jpeg 2048w\" sizes=\"auto, (max-width: 200px) 100vw, 200px\" \/>Willkommen zur schwulen Bloggerwoche. Anl\u00e4\u00dflich des <a href=\"https:\/\/www.nollendorfblog.de\/?p=6098\">Siebenj\u00e4hrigen dieses Blogs<\/a> schreibt eine Woche lang jeden Tag ein anderer schwuler Blogger \u00fcber die letzten sieben Jahre: W<span class=\"_5yl5\">as bedeuten sie f\u00fcr die homosexuelle Emanzipationsbewegung, was f\u00fcr das schwule* Leben in Deutschland? Was hat sich ver\u00e4ndert, wo standen wir damals, wo stehen wir heute?<\/span><\/h5>\n<p>&nbsp;<\/p>\n<h2><a href=\"https:\/\/www.nollendorfblog.de\/?p=455\">Gefangen in der schwulen Zeitschleife<\/a><\/h2>\n<p><em>von Micha Schulze \/ queer.de<br \/>\n<\/em><\/p>\n<p lang=\"de-DE\"><span lang=\"de-DE\">Vor einigen Monaten konnte ich mein 25-j\u00e4hriges Jubil\u00e4um im Homojournalismus feiern. In meinem ersten Eldoradio-Beitrag ging es um &#8222;homosexuelle&#8220; Tiere. Gewalt gegen Schwule war damals ein gro\u00dfes Thema, nat\u00fcrlich der Paragraf 175, die b\u00f6se katholische Kirche, der Grand Prix (den meine j\u00fcngeren Kollegen als Eurovision Song Contest kennen), Fieses in der Heteropresse oder &#8222;Clause 28&#8220;, das Verbot von &#8222;Homopropaganda&#8220; an britischen Schulen. Wie gesagt, das war Anfang der 1990er Jahre. Manchmal habe ich das Gef\u00fchl, wie Captain Picard in einer Zeitschleife gefangen zu sein, st\u00e4ndig irgendwie dasselbe zu schreiben, und w\u00fcnschte, ich h\u00e4tte doch besser was Anst\u00e4ndiges gelernt.<\/span><\/p>\n<p><span lang=\"de-DE\">Das einzige Mal, wo mich das Gef\u00fchl ereilte, es gehe in der Bundesrepublik bei LGBT-Rechten voran, ja ich sogar fast ein wenig stolz war auf mein Land, das war um die Jahrtausendwende. Die rot-gr\u00fcne Bundesregierung nach 16 muffigen Jahren Helmut Kohl war ein Befreiungsschlag f\u00fcr Lesben und Schwule. Trotz Dauerzank zwischen SPD und Gr\u00fcnen wurde das Lebenspartnerschaftsgesetz auf den Weg gebracht, homosexuelle Paare erstmals vom Staat anerkannt. So schlecht das Rumpfgesetz auch gestrickt war &#8211; ein historischer Moment!<\/span><\/p>\n<p><span lang=\"de-DE\">Beim Inkrafttreten des LPartG gab es das &#8222;junge&#8220; Nollendorfblog noch nicht, es ging erst 2009 an den Start. Doch als ich mir jetzt seine Themen der ersten Monate anschaute, musste ich dann doch schmunzeln: ein <a href=\"https:\/\/www.nollendorfblog.de\/?p=78\">homophober \u00dcbergriff auf Schwule <\/a>in Berlin, die b\u00f6se <a href=\"https:\/\/www.nollendorfblog.de\/?p=577\">katholische Kirche<\/a>, der <a href=\"https:\/\/www.nollendorfblog.de\/?p=59\">Eurovision Song Contest,<\/a> nat\u00fcrlich <a href=\"https:\/\/www.nollendorfblog.de\/?p=455\">Fieses in der Heteropresse<\/a>. <\/span><\/p>\n<p><span lang=\"de-DE\">Was w\u00e4re ich heute froh, w\u00e4ren wir in dieser schwulen Zeitschleife nur weiter gefangen geblieben und m\u00fcssten nur den Dauerkrampf um die Gleichstellung eingetragener Lebenspartner immer wieder aufs Neue ertragen. Doch immer mehr bekomme ich leider das Gef\u00fchl, dass wir in ein Braunes Loch gezogen werden, das tief in die Vergangenheit f\u00fchrt. Eine neue (in Wahrheit sehr alte) Homophobie macht sich breit in Deutschland in Gestalt der &#8222;Demo f\u00fcr alle&#8220; und der AfD, sie erreicht die Mitte der Gesellschaft und stellt l\u00e4ngst Erreichtes wieder zur Disposition. <\/span><\/p>\n<p lang=\"de-DE\"><span lang=\"de-DE\">Deutschlands LGBT-Bewegung steht vor ihrer gr\u00f6\u00dften Herausforderung, und l\u00e4ngst nicht alle haben es gemerkt. Die <a href=\"https:\/\/www.nollendorfblog.de\/?tag=besorgte-buerger\">&#8222;Besorgten B\u00fcrger&#8220;<\/a> dominieren zunehmend &#8211; und das ist sehr gut so! &#8211; auch das Nollendorfblog. Wir wissen l\u00e4ngst: Im Vergleich mit Beverfoerde, Storch und Co. war Norbert Geis ein harmloser alter Kauz. Und einen Clown wie Mirko Welsch h\u00e4tten wir uns doch vor sieben Jahren nur in einer gutgemachten Satire vorstellen k\u00f6nnen&#8230;<\/span><\/p>\n<p><span lang=\"de-DE\">Meine gr\u00f6\u00dfte Entt\u00e4uschung der letzten sieben Jahre ist, dass die schwule Community im Kampf gegen Rechtspopulismus in den eigenen Reihen so kl\u00e4glich versagt hat. Mit David Berger haben wichtige Protagonisten sogar erst jemanden gezielt aufgebaut, viel zu lange gew\u00e4hren lassen und <a href=\"https:\/\/www.nollendorfblog.de\/?p=4393\">verteidigt<\/a>, der heute auf allen Gratis-Kan\u00e4len seine menschenfeindliche G\u00fclle gegen emanzipatorische Politik verspritzt, sich unseren Feinden andient und dem es noch immer gelingt, sich dabei als Opfer zu inszenieren. Hier ist Aufarbeitung gefragt, auch von diesem Blog. \u2666<br \/>\n<\/span><\/p>\n<p><em><a href=\"http:\/\/www.queer.de\"><strong><span style=\"color: #000000;\">www.queer.de<\/span><\/strong><\/a><\/em><\/p>\n<p><span style=\"color: #000000;\"><em><span lang=\"de-DE\">Streng formal gesehen kann man dar\u00fcber disktutieren, ob Micha Schulze \u00fcberhaupt ein Blogger ist, da die Website queer.de, die er seit 2004 herausgibt, etwa keine\u00a0 <a href=\"https:\/\/de.wikipedia.org\/wiki\/Blog\">&#8222;chronologisch abw\u00e4rts sortierte Liste von Eintr\u00e4gen&#8220;<\/a> darstellt und das Portal zum Gro\u00dfteil aus\u00a0 Nachrichtenbeitr\u00e4gen besteht. Aber er ist selbst auch kommentierender Autor dort, und macht als socher das, was schwule Blogger, was die in dieser 7-Tage-7-Blogger-Reihe versammelten &#8222;digitalen Meinungsschreiber&#8220; eben so machen: Meist anhand von aktuellen Ereingnissen Position zu beziehen,\u00a0 eine eigene Sicht formulieren, die dazu beitr\u00e4gt, den schwulen\/queeren Emanzipationsprozess zu erkl\u00e4ren, zu verteidigen, voranzubringen. Bei Micha Schulze kommt hinzu, dass er (zusammen mit Chefredakteur Norbert Blech) auch eine der beiden Hauptstimmen von queer.de ist,\u00a0 und somit (da queer.de nicht nur &#8222;Marktf\u00fchrer&#8220; ist, sonder quasi auch einziger &#8222;Grundversorger&#8220;, auf den nahezu alle Teile der Community Bezug nehmen) auch etwas wie ein &#8222;Leitartikler&#8220; der Szene fungiert.\u00a0 Schulze ist im Namen des Volkes ein &#8222;hochintelligenter und gewandt formulierender Journalist mit vorz\u00fcglicher Sprachbeherrschung&#8220; (Urteil des Berliner Landgerichts 64\/4 P Js 42\/89 Ns 80\/92 vom 29. Oktober 1992 im sogenannten Ubbelohde-Prozess). Er war u.a. Redakteur bei der &#8222;Siegess\u00e4ule&#8220;, Co-Verleger der &#8222;Rosa Zone&#8220; und Herausgeber der eingestellten Monatszeitung &#8222;Queer&#8220;.<br \/>\n<\/span><\/em><\/span><\/p>\n<p><span style=\"color: #000000;\"><em><strong>Linktipp f\u00fcr Einsteiger: <a style=\"color: #000000;\" href=\"http:\/\/www.queer.de\/detail.php?article_id=9115\">&#8222;Vom <span class=\"il\">Queer<\/span>-Tower zum virtuellen B\u00fcro ohne Nana Mouskuri und Currywurst aus der Mikrowelle&#8220;<\/a><\/strong><\/em><\/span><\/p>\n<p>&#8212;<\/p>\n<p><em>Nollendorfblog \u00fcber que<span style=\"color: #000000;\">er.de: <a style=\"color: #000000;\" href=\"https:\/\/www.nollendorfblog.de\/?p=5370\">&#8222;Tut es f\u00fcr Euch, tut es f\u00fcr die Community&#8220;<\/a><\/span><\/em><\/p>\n<p>&#8212;<\/p>\n<p><em>Morgen erscheint der letzte Teil dieser Reihe mit Blogger Steven Milverton.<\/em><\/p>\n<p>&#8212;<\/p>\n<p><span style=\"color: #000000;\"><em>Bisher auf &#8222;7 Jahre&#8220; (Aktueller Nachtrag):<\/em><\/span><\/p>\n<p>[table id=2 \/]<\/p>\n<div id=\"main\">\n<section id=\"primary\">\n<div id=\"content\">\n<article><em>&#8212;<\/em><\/article>\n<article><em>* Ich wei\u00df, dass schwul und homosexuell nicht das Gleiche ist, aber es ist nun mal ein schwules Blog und somit auch ein homosexuelles. J.K.<\/em><\/article>\n<article>\n<header><em>&#8212;<\/em><\/header>\n<header><em>Grafik<span style=\"color: #000000;\">: <a style=\"color: #000000;\" href=\"http:\/\/von-klettenberg.net\/\">Thomas von Klettenberg<\/a><\/span><\/em><\/header>\n<\/article>\n<\/div>\n<\/section>\n<\/div>\n","protected":false},"excerpt":{"rendered":"<p>#7Tage7Blogger \u2013 6. Tag. &#8222;Immer mehr bekomme ich leider das Gef\u00fchl, dass wir in ein Braunes Loch gezogen werden, das tief in die Vergangenheit f\u00fchrt. Eine neue (in Wahrheit sehr alte) Homophobie macht sich breit in Deutschland in Gestalt der &#8222;Demo f\u00fcr alle&#8220; und der AfD, sie erreicht die Mitte der Gesellschaft und stellt l\u00e4ngst Erreichtes wieder zur Disposition. &#8220; Micha Schulze, queer.de<\/p>\n","protected":false},"author":1,"featured_media":6279,"comment_status":"open","ping_status":"open","sticky":false,"template":"","format":"standard","meta":{"footnotes":""},"categories":[162,107,145,169],"tags":[],"class_list":["post-6278","post","type-post","status-publish","format-standard","has-post-thumbnail","hentry","category-162","category-7-jahre","category-gastbeitraege","category-online"],"_links":{"self":[{"href":"https:\/\/www.nollendorfblog.de\/index.php?rest_route=\/wp\/v2\/posts\/6278","targetHints":{"allow":["GET"]}}],"collection":[{"href":"https:\/\/www.nollendorfblog.de\/index.php?rest_route=\/wp\/v2\/posts"}],"about":[{"href":"https:\/\/www.nollendorfblog.de\/index.php?rest_route=\/wp\/v2\/types\/post"}],"author":[{"embeddable":true,"href":"https:\/\/www.nollendorfblog.de\/index.php?rest_route=\/wp\/v2\/users\/1"}],"replies":[{"embeddable":true,"href":"https:\/\/www.nollendorfblog.de\/index.php?rest_route=%2Fwp%2Fv2%2Fcomments&post=6278"}],"version-history":[{"count":18,"href":"https:\/\/www.nollendorfblog.de\/index.php?rest_route=\/wp\/v2\/posts\/6278\/revisions"}],"predecessor-version":[{"id":6298,"href":"https:\/\/www.nollendorfblog.de\/index.php?rest_route=\/wp\/v2\/posts\/6278\/revisions\/6298"}],"wp:featuredmedia":[{"embeddable":true,"href":"https:\/\/www.nollendorfblog.de\/index.php?rest_route=\/wp\/v2\/media\/6279"}],"wp:attachment":[{"href":"https:\/\/www.nollendorfblog.de\/index.php?rest_route=%2Fwp%2Fv2%2Fmedia&parent=6278"}],"wp:term":[{"taxonomy":"category","embeddable":true,"href":"https:\/\/www.nollendorfblog.de\/index.php?rest_route=%2Fwp%2Fv2%2Fcategories&post=6278"},{"taxonomy":"post_tag","embeddable":true,"href":"https:\/\/www.nollendorfblog.de\/index.php?rest_route=%2Fwp%2Fv2%2Ftags&post=6278"}],"curies":[{"name":"wp","href":"https:\/\/api.w.org\/{rel}","templated":true}]}}