{"id":6538,"date":"2016-06-13T11:44:20","date_gmt":"2016-06-13T09:44:20","guid":{"rendered":"http:\/\/www.nollendorfblog.de\/?p=6538"},"modified":"2019-03-02T11:52:58","modified_gmt":"2019-03-02T09:52:58","slug":"je-suis-gay","status":"publish","type":"post","link":"https:\/\/www.nollendorfblog.de\/?p=6538","title":{"rendered":"Je suis gay."},"content":{"rendered":"<p>Das Typische an Terroranschl\u00e4gen ist, dass sie Menschen treffen, die zur falschen Zeit am falschen Ort sind. In Orlando war das anders. Die Menschen waren am richtigen Ort, sie waren genau da, wo sie sein wollten. Und genau deshalb wurden sie zu Opfern.<\/p>\n<p>Der Anschlag ist, was in Deutschen Medien gerade nicht so richtig verstanden wird, eben nicht &#8222;nur&#8220; ein Terroranschlag gegen eine m\u00f6glichst gro\u00dfe Menschenmasse, sondern gleichzeitig auch ein Hass-Verbrechen gegen eine ganz bestimmte Gruppe von Menschen.<\/p>\n<p>Das war bei Charlie Hebdo genauso. Es traf Menschen, die etwas verk\u00f6rpern, was f\u00fcr freiheitliche Gesellschaften besonders wichtig, und deshalb besonders sch\u00fctzenswert ist. Nach Charlie Hebdo f\u00fchlte sich die westliche Welt deshalb dem, was von ihr da angegriffen wurde, besonders verbunden und verpflichtet. Man war Charlie, man war Meinungsfreiheit.<\/p>\n<p>Der Anschlag von Orlando, das wird uns gerade dauernd vorgerechnet, war der zweitgr\u00f6\u00dfte\u00a0 Terroranschlag in den USA und einer der gr\u00f6\u00dften Attentate mit Schusswaffengebrauch.<\/p>\n<p>Aber keiner rechnet nach, der wievielt gr\u00f6\u00dfte Anschlag das auf LGTBI-Menschen war. Aber das war er vor allem: Ein Anschlag auf LGTBI-Menschen. Und er ist deshalb, und nur deshalb, auch ein Anschlag auf Amerika und die freiheitliche Welt, weil ein Anschlag auf LGTBI (genau wie bei Hebdo)\u00a0 etwas terrorisiert, was uns allen wichtig sein muss. Und das wir, egal ob homo, bi oder hetero, deshalb alle verteidigen m\u00fcssen:<\/p>\n<p>Die Freiheit, der zu sein, der wir sein wollen. Die Freiheit, den zu lieben, wen wir lieben.<\/p>\n<p>Wenn die freiheitliche Welt sich in dieser Situation ihrer Freiheitswerte vergewissern m\u00f6chte, dann muss sie sich auch dazu bekennen:<\/p>\n<p>Je suis gay! \u2666<\/p>\n<p>&#8212;<\/p>\n<p><span style=\"text-decoration: underline;\"><span style=\"color: #000000;\"><a style=\"color: #000000;\" href=\"https:\/\/www.nollendorfblog.de\/?p=6555\"><strong>Hier die englische Version des Beitrages<\/strong><\/a><\/span><\/span><\/p>\n<p>&#8212;<\/p>\n<p><em><span style=\"color: #000000;\">Mehr zum Thema in diesem Blog:<\/span> <\/em><\/p>\n<p><em><span style=\"text-decoration: underline;\"><span style=\"color: #000000; text-decoration: underline;\"><a style=\"color: #000000; text-decoration: underline;\" title=\"Permanentlink zu Weil Toleranz b\u00f6se ist: Einmal Akzeptanz bitte. Pur!\" href=\"https:\/\/www.nollendorfblog.de\/?p=4431\" rel=\"bookmark\">Weil Toleranz b\u00f6se ist: Einmal Akzeptanz bitte. Pur!<\/a><\/span><\/span><\/em><\/p>\n<p><em><span style=\"text-decoration: underline;\"><span style=\"color: #000000; text-decoration: underline;\"><a style=\"color: #000000; text-decoration: underline;\" href=\"https:\/\/www.nollendorfblog.de\/?p=5973\">Die &#8222;Ehe f\u00fcr alle&#8220; w\u00e4re ein Gesch\u00e4nk der Gesamtgesellschaft an sich selbst<\/a><\/span><\/span><\/em><\/p>\n<p><em><span style=\"text-decoration: underline;\"><span style=\"color: #000000; text-decoration: underline;\"><a style=\"color: #000000; text-decoration: underline;\" href=\"https:\/\/www.nollendorfblog.de\/?p=1442\">CDU und CSU erkl\u00e4ren Homophobie zu ihrem Markenkern<\/a><\/span><\/span><\/em><\/p>\n<p><em><span style=\"text-decoration: underline;\"><span style=\"color: #000000; text-decoration: underline;\"><a style=\"color: #000000; text-decoration: underline;\" title=\"Permanentlink zu Die schmutzige Geschichte des Anti-Gleichstellungskampfes der CSU\" href=\"https:\/\/www.nollendorfblog.de\/?p=4545\" rel=\"bookmark\">Die schmutzige Geschichte des Anti-Gleichstellungskampfes der CSU<\/a><\/span><\/span><\/em><\/p>\n","protected":false},"excerpt":{"rendered":"<p>Das Typische an Terroranschl\u00e4gen ist, dass sie Menschen treffen, die zur falschen Zeit am falschen Ort sind. In Orlando war das anders. Die Menschen waren am richtigen Ort, sie waren genau da, wo sie sein wollten. Und genau deshalb wurden sie zu Opfern.<\/p>\n","protected":false},"author":1,"featured_media":6546,"comment_status":"open","ping_status":"open","sticky":false,"template":"","format":"standard","meta":{"footnotes":""},"categories":[162,74,1],"tags":[],"class_list":["post-6538","post","type-post","status-publish","format-standard","has-post-thumbnail","hentry","category-162","category-medien","category-politik"],"_links":{"self":[{"href":"https:\/\/www.nollendorfblog.de\/index.php?rest_route=\/wp\/v2\/posts\/6538","targetHints":{"allow":["GET"]}}],"collection":[{"href":"https:\/\/www.nollendorfblog.de\/index.php?rest_route=\/wp\/v2\/posts"}],"about":[{"href":"https:\/\/www.nollendorfblog.de\/index.php?rest_route=\/wp\/v2\/types\/post"}],"author":[{"embeddable":true,"href":"https:\/\/www.nollendorfblog.de\/index.php?rest_route=\/wp\/v2\/users\/1"}],"replies":[{"embeddable":true,"href":"https:\/\/www.nollendorfblog.de\/index.php?rest_route=%2Fwp%2Fv2%2Fcomments&post=6538"}],"version-history":[{"count":16,"href":"https:\/\/www.nollendorfblog.de\/index.php?rest_route=\/wp\/v2\/posts\/6538\/revisions"}],"predecessor-version":[{"id":8376,"href":"https:\/\/www.nollendorfblog.de\/index.php?rest_route=\/wp\/v2\/posts\/6538\/revisions\/8376"}],"wp:featuredmedia":[{"embeddable":true,"href":"https:\/\/www.nollendorfblog.de\/index.php?rest_route=\/wp\/v2\/media\/6546"}],"wp:attachment":[{"href":"https:\/\/www.nollendorfblog.de\/index.php?rest_route=%2Fwp%2Fv2%2Fmedia&parent=6538"}],"wp:term":[{"taxonomy":"category","embeddable":true,"href":"https:\/\/www.nollendorfblog.de\/index.php?rest_route=%2Fwp%2Fv2%2Fcategories&post=6538"},{"taxonomy":"post_tag","embeddable":true,"href":"https:\/\/www.nollendorfblog.de\/index.php?rest_route=%2Fwp%2Fv2%2Ftags&post=6538"}],"curies":[{"name":"wp","href":"https:\/\/api.w.org\/{rel}","templated":true}]}}