{"id":679,"date":"2011-10-23T03:23:43","date_gmt":"2011-10-23T01:23:43","guid":{"rendered":"http:\/\/www.nollendorfblog.de\/?p=679"},"modified":"2019-03-02T12:19:15","modified_gmt":"2019-03-02T10:19:15","slug":"helmut-markworts-kosmos","status":"publish","type":"post","link":"https:\/\/www.nollendorfblog.de\/?p=679","title":{"rendered":"Helmut Markworts Kosmos"},"content":{"rendered":"<blockquote><p><span style=\"color: #808080;\">&#8222;M\u00f6glicherweise war ja der Anti-Papst-Rummel ein fr\u00f6hliches Klassentreffen und Gemeinschaftserlebnis f\u00fcr die Mitglieder des Lesben- und Schwulennetzwerks. Inhaltlich boten sie ein Schauspiel aus dem vorigen Jahrhundert.&#8220;<\/span><\/p><\/blockquote>\n<p><em>Helmut Markwort<\/em><\/p>\n<p>Es gibt Menschen, die sich ihre eigene Realit\u00e4t erfunden haben. Sie erz\u00e4hlen die Geschichte dieses eigenen Kosmos dann so lange, bis sie selber daran glauben. Der &#8222;Focus&#8220;-Herausgeber <a href=\"http:\/\/kress.de\/kresskoepfe\/kopf\/profil\/9100-helmut-markwort.html\"> Helmut Markwort<\/a> ist so ein Mensch. Besonders bei Schwulen kennt er sich aus. Wenn man einen Blick in seine Welt werfen m\u00f6chte, muss man z.B. nur die Begriffe \u201cCSD\u201d und \u201cfocus.de\u201d in die Google-Bildersuche eingeben. Aber auch ohne nachzugucken, wissen wir nat\u00fcrlich, dass die CSDs im Faktenmedium so bebildert sind, als w\u00fcrden sie aus einer gemischten Armee aus Transen und Lederm\u00e4nnern bestehen.<\/p>\n<p>Jedes Jahr \u00e4rgern wir uns dar\u00fcber, dass die Inhalte den schrillen Bildern weichen m\u00fcssen. Wir haben uns an diese Verzerrung gew\u00f6hnt. Einerseits, weil wir die Journalisten verstehen k\u00f6nnen, die einen Hingucker brauchen, und den bekommen sie nicht, wenn sie einfach Schwule als normale Menschen abbilden.<br \/>\nAndererseits g\u00f6nnen wir auch den Lederm\u00e4nnern und den Transen <del datetime=\"2011-10-23T01:46:32+00:00\">den Focus<\/del> die Aufmerksamkeit. CSD bedeutet eben auch, sich als Minderheit-Minderheit stolz, \u00f6ffentlich und mitten in der eigenen Stadt als Teil einer einmal im Jahr homosexuellen Mehrheit pr\u00e4sentieren zu k\u00f6nnen. Aber das ist ein anderes Thema. Zur\u00fcck zu Markwort.<\/p>\n<p>Anl\u00e4\u00dflich des Papstbesuches und des <a href=\"http:\/\/derpapstkommt.lsvd.de\/?page_id=72\">Protestes<\/a>, der grossteils von Homosexuellengruppen getragen wurde, hat sich der Focus-Gr\u00fcnder <a href=\"http:\/\/www.focus.de\/magazin\/tagebuch\/helmut-markwort-schwule-auf-der-strasse-sind-eine-show-von-gestern_aid_670372.html\">so seine Gedanken<\/a> \u00fcber Schwule und das Schwulsein gemacht. <del datetime=\"2011-10-23T10:37:02+00:00\">Beim Durchlesen k\u00f6nnte man meinen, dies sei die Abschrift eines heimlich im Gasthausrausch aufgenommen Muss-doch-mal-gesagt-werden-Ausrasters, aber<\/del> es handelt sich tats\u00e4chlich um die im Focus erscheinende \u201eTagebuch-Kolumne\u201c<del datetime=\"2011-10-23T10:37:02+00:00\">, aber vielleicht ist das ja auch dasselbe. <\/del><\/p>\n<p>Markwort jedenfalls hat offensichtlich so lange bei der \u00dcberzeichnung Homosexuellen Protests die Feder gef\u00fchrt, dass er jetzt denkt, seine Projektion sei Wirklichkeit. Das geht so weit, dass er sich Homosexuelle auf der Stra\u00dfe gar nicht anders als karnevalisiert vorstellen kann.<br \/>\nTats\u00e4chlich waren bei der von ihm <del datetime=\"2011-10-23T02:56:48+00:00\">sinnierten<\/del>behaupteten &#8222;karnevalistisch aufgezogenen Parade&#8220;, <a href=\"http:\/\/derpapstkommt.lsvd.de\/wp-content\/uploads\/2011\/09\/293393_219694048090373_155923704467408_597297_1892497746_n.jpg\">sch\u00e4tzungsweise<\/a> unter drei Prozent der Teilnehmer irgendwie im Sinne des Demomottos verkleidet. W\u00e4hrend ich dies schreibe, hasse ich mich ein bisschen daf\u00fcr. Daf\u00fcr, dass ich mich tats\u00e4chlich bem\u00fche, die Ausdrucksformen des Protestes zu rechtfertigen, so als ob es einen inhaltlichen Unterschied gemacht h\u00e4tte, wenn alle im Fummel aufgelaufen w\u00e4ren, oder &#8211; wie in diesem Fall -eben nicht. Dass ich tats\u00e4chlich denke darauf hinweisen zu m\u00fcssen, dass die Veranstaltung eine &#8222;echte&#8220; Demonstration war, dass wir dort um Menschenrechte k\u00e4mpften und nicht den besten Platz am Prosecco-Stand. Dass ich denke, die Seriosit\u00e4t betonen zu m\u00fcssen, wo sich doch der Kritiker in seinem Text mit keinem einzigen der vorgetragenen Inhalte auseinandersetzte um zum Schluss zu kommen, dass diese aus dem letzten Jahrhundert k\u00e4men.<\/p>\n<p>Aber es ist einfach unglaublich, dass allen Ernstes heute noch Texte gedruckt werden, deren Autoren sich das Thema Homosexualit\u00e4t ausschlie\u00dflich \u00e4sthetisch erschlie\u00dfen k\u00f6nnen.<\/p>\n<p>Markwort:<br \/>\n<strong><\/strong><\/p>\n<blockquote><p>&#8222;W\u00e4hrend die Show-Schwulen von Berlin auf der Stra\u00dfe krakeelen, marschieren die etablierten Homosexuellen durch die Institutionen und arbeiten an ihrer Karriere.&#8220;<\/p><\/blockquote>\n<p>&nbsp;<\/p>\n<p>Muss man sich damit wirklich auseinandersetzen?<br \/>\nIch bef\u00fcrchte, man muss. Es ist ja etwa nicht so, dass die Kollegen der anderen Bl\u00e4tter den Show-Halluzinationen des immerhin &#8222;ersten Journalisten&#8220; eines der gr\u00f6\u00dften Deutschen Verlage ein meinungsstarkes Gegenfeuer geboten h\u00e4tten. <del datetime=\"2011-10-23T10:27:22+00:00\">Aber das kann nat\u00fcrlich daran liegen, dass ihn dort niemand mehr f\u00fcr voll nimmt.<\/del> Was soll man zu jemand sagen, der &#8222;die Pose des Widerstands und der Ruf nach Toleranz&#8220; l\u00e4cherlich findet &#8222;in einer Zeit, in der sich f\u00fchrende Vertreter aller Parteien zu ihren homosexuellen Neigungen bekennen&#8220;? Kann es sein, dass Herr Markwort tats\u00e4chlich glaubt, das w\u00fcrde irgendeinen Eindruck auf den Schulh\u00f6fen machen, auf denen &#8222;Schwule Sau&#8220; das h\u00e4ufigste Schimpfwort ist? Wie kommt man darauf, dass es <a href=\"http:\/\/de.wiktionary.org\/wiki\/l%C3%A4cherlich\">l\u00e4cherlich<\/a> ist, nach Toleranz zu rufen in einer Gesellschaft, in der sich die Zahlen homophober Gewalt auf einem hohen Niveau befinden und in der sich homosexuelle Jugendliche viel h\u00e4ufiger umbringen als ihre gleichaltrigen heterosexuellen Altersgenossen?<\/p>\n<p>Vielleicht ist ja auch alles ganz anders und wir tun Markwort Unrecht. Vielleicht beruht ja seine Kritik tats\u00e4chlich darauf, dass er die Inhalte kennt, die er da kritisiert.<br \/>\nDas allerdings w\u00e4re nicht weniger spooky. Es w\u00fcrde hei\u00dfen, dass er es begr\u00fc\u00dft oder zumindest nicht diskriminierend findet,<\/p>\n<p>&#8211; dass die Katholischen Kirche gem\u00e4\u00df einer Initiative <del datetime=\"2011-10-23T01:47:59+00:00\">aus diesem Jahrhundert<\/del> f\u00fcr das Recht von Staaten eintritt, Homosexualit\u00e4t strafrechtlich verfolgen zu d\u00fcrfen,<br \/>\n&#8211; dass <del datetime=\"2011-10-23T01:58:12+00:00\">auch in diesem Jahrhundert<\/del> Zigtausende Schwule und Lesben in einem der 50.000 oft monopolistisch aufgestellten kircheneigenen Firmen die K\u00fcndigung droht, wenn sie zu ihrem Privatleben stehen w\u00fcrden,<br \/>\n&#8211; dass die katholische Kirche nicht nur theoretisch, sondern auch &#8222;in echt&#8220; daran festh\u00e4lt auch jungen Menschen zu vermitteln, dass ihre Homosexualit\u00e4t widernat\u00fcrlich ist,<br \/>\n&#8211; dass die Katholische Kirche<del datetime=\"2011-10-23T01:47:14+00:00\"> in diesem Jahrhundert <\/del>die Tatsache, dass sie keine Homosexuellen als Priester mehr zul\u00e4\u00dft damit begr\u00fcndet, dass Schwule Menschen sind, denen die, Achtung!, die \u201eemotionale Reife\u201c fehlt.<\/p>\n<p>Lieber Helmut Markwort,<br \/>\nnehmen Sie mir es nicht b\u00f6se, aber machen wir es nicht so kompliziert. Wahrscheinlich ist es das Wohlwollenste, das man so oder so \u00fcber Sie sagen kann, dass Sie ein Mensch sind, dem eben in gewissen Dingen ganz einfach die emotionale Reife fehlt. Ich bin mir sicher, dass sie diese Meinung goutieren werden. Stimmts? Alles andere w\u00e4re ja auch aus dem vorigen Jahrhundert.<\/p>\n","protected":false},"excerpt":{"rendered":"<p>Es gibt Menschen, die sich ihre eigene Realit\u00e4t erfunden haben. Sie erz\u00e4hlen die Geschichte dieses eigenen Kosmos dann so lange, bis sie selber daran glauben. Der &#8222;Focus&#8220;-Herausgeber Helmut Markwort ist so ein Mensch. <\/p>\n","protected":false},"author":1,"featured_media":0,"comment_status":"open","ping_status":"open","sticky":false,"template":"","format":"standard","meta":{"footnotes":""},"categories":[157,54,166],"tags":[26],"class_list":["post-679","post","type-post","status-publish","format-standard","hentry","category-157","category-kirche","category-print","tag-helmut-markwort"],"_links":{"self":[{"href":"https:\/\/www.nollendorfblog.de\/index.php?rest_route=\/wp\/v2\/posts\/679","targetHints":{"allow":["GET"]}}],"collection":[{"href":"https:\/\/www.nollendorfblog.de\/index.php?rest_route=\/wp\/v2\/posts"}],"about":[{"href":"https:\/\/www.nollendorfblog.de\/index.php?rest_route=\/wp\/v2\/types\/post"}],"author":[{"embeddable":true,"href":"https:\/\/www.nollendorfblog.de\/index.php?rest_route=\/wp\/v2\/users\/1"}],"replies":[{"embeddable":true,"href":"https:\/\/www.nollendorfblog.de\/index.php?rest_route=%2Fwp%2Fv2%2Fcomments&post=679"}],"version-history":[{"count":107,"href":"https:\/\/www.nollendorfblog.de\/index.php?rest_route=\/wp\/v2\/posts\/679\/revisions"}],"predecessor-version":[{"id":2001,"href":"https:\/\/www.nollendorfblog.de\/index.php?rest_route=\/wp\/v2\/posts\/679\/revisions\/2001"}],"wp:attachment":[{"href":"https:\/\/www.nollendorfblog.de\/index.php?rest_route=%2Fwp%2Fv2%2Fmedia&parent=679"}],"wp:term":[{"taxonomy":"category","embeddable":true,"href":"https:\/\/www.nollendorfblog.de\/index.php?rest_route=%2Fwp%2Fv2%2Fcategories&post=679"},{"taxonomy":"post_tag","embeddable":true,"href":"https:\/\/www.nollendorfblog.de\/index.php?rest_route=%2Fwp%2Fv2%2Ftags&post=679"}],"curies":[{"name":"wp","href":"https:\/\/api.w.org\/{rel}","templated":true}]}}