{"id":7238,"date":"2016-10-02T13:29:46","date_gmt":"2016-10-02T11:29:46","guid":{"rendered":"http:\/\/www.nollendorfblog.de\/?p=7238"},"modified":"2019-03-02T11:54:27","modified_gmt":"2019-03-02T09:54:27","slug":"der-papst-kann-sich-im-krieg-gegen-uns-auf-die-afd-und-bjoern-hoecke-verlassen","status":"publish","type":"post","link":"https:\/\/www.nollendorfblog.de\/?p=7238","title":{"rendered":"Der Papst kann sich im &#8222;Krieg&#8220; gegen uns auf die AfD und Bj\u00f6rn H\u00f6cke verlassen."},"content":{"rendered":"<blockquote><p><span id=\"testo-articolo\">\u201eDer gro\u00dfe Feind der Ehe ist die Gendertheorie. Es gibt heute einen Weltkrieg, um die Ehe zu zerst\u00f6ren. Er wird nicht mit Waffen gef\u00fchrt, sondern durch ideologische Kolonisierung. Darum ist es wichtig, die Ehe vor diesen Kolonisierungen zu verteidigen!\u201c<\/span><\/p>\n<p style=\"padding-left: 30px;\">Papst Franziskus (Quelle radiovaticana.va)<\/p>\n<\/blockquote>\n<p>Falls das jemand<a href=\"http:\/\/www.spiegel.de\/panorama\/gesellschaft\/papst-franziskus-ueber-gender-theorie-weltkrieg-gegen-ehe-a-1114902.html\"> noch nicht mitbekommen<\/a> hat: Der Papst hat uns mal so nebenbei den Krieg, nein den &#8222;Weltkrieg&#8220; erkl\u00e4rt. (<em>Nat\u00fcrlich hat uns der Papst nicht offiziell den Krieg erkl\u00e4rt, sondern es so gemacht, wie man das eben so macht, wenn man Krieg f\u00fchren m\u00f6chte: Die anderen haben angefangen und das, was sie machen ist Krieg und wir m\u00fcssen deshalb jetzt verteidigen.)\u00a0<\/em><\/p>\n<p>Kann man lustig finden, gaga, ja das ist es ja auch. Kann man aber auch mal dr\u00fcber nachdenken. \u00dcber das, was man gerade so gerne als Werte verkl\u00e4rt, \u00fcber christliches Abendland, \u00fcber ein Verst\u00e4ndnis von Frieden, der da sein Ende findet und mit &#8222;Krieg&#8220; bek\u00e4mpft werden muss, wo sich Menschen frei entfalten wollen. \u00dcber einen Staat, der all dies mit <a href=\"http:\/\/www.spiegel.de\/politik\/deutschland\/neue-berechnungen-staat-stuetzt-kirchen-mit-milliarden-a-727683.html\">Milliarden f\u00f6rdert<\/a>, sogar Kinderg\u00e4rten, die er selbst finanziert von einer Organisation leiten l\u00e4sst, die ihren Krieg besonders \u00fcber Macht und Einfluss auf Kinder gewinnen m\u00f6chte. Unschuldige Kinder m\u00f6chte man sagen, wenn das nicht der Sprech derjenigen w\u00e4re, die gegen uns k\u00e4mpfen, weil wir daf\u00fcr eintreten, dass Kinder statt mit Schuld, Norm und Ekel mit Akzeptanz, Vielfalt und Respekt gro\u00df werden k\u00f6nnen.<\/p>\n<p>Ja, eigentlich h\u00e4tte das doch das Zeug zum Skandal, m\u00f6chte man meinenl, und man fragt sich, warum nicht christliche Politiker jetzt von den Medien Tag und Nacht dazu aufgerufen werden, sich von diesem Kriegspapst zu distanzieren, warum man ihnen nicht vorwirft, dieses Kriegskatholikentum stillschweigend zu unterst\u00fctzen, so lange sie ihm nicht laut und immer wieder widersprechen. Ja, eigentlich ist das ein Skandal, aber so wie Deutschland gerade ist, ist der Skandal in diesen Tagen ein anderer:<\/p>\n<p>Denn neben den Milliardensubventionen an eine sich selbst so sehende Kriegspartei wird auch etwas Geld ausgegeben f\u00fcr Emanzipation: 34.872 Euro sind es, mit denen das Land Th\u00fcringen die <a href=\"https:\/\/www.queerweg.de\/projekte\/hirschfeld-tage-2016\">Magnus Hirschfeld Tag<\/a>e unterst\u00fctzt, die ab dem 5. November in drei verschiedenen Bundesl\u00e4ndern stattfinden. Es geht um alle m\u00f6glichen Themen zu allen m\u00f6glichen Formen (auch heterosexueller) sexueller Vielfalt, um Information, Diskussion, Vernetzung. Und es geht in einem Workshop auch darum, das Thema Analverkehr von seiner Verklemmtheit zu befreien, was alleine schon f\u00fcr eine bessere HIV-Pr\u00e4vention wichtig ist. Und nat\u00fcrlich richtet sich das nicht an Kinder und nat\u00fcrlich findet da auch kein Sex statt.<\/p>\n<p>Es wird gerade <a href=\"http:\/\/www.queer.de\/detail.php?article_id=27178\">trotzdem zum Skandal. <\/a>Der Papst kann sich in seinem Krieg gegen uns auf die AfD und Bj\u00f6rn H\u00f6cke verlassen. \u2666<\/p>\n<p><em><span style=\"color: #000000;\">&#8212;<\/span><\/em><\/p>\n<p>PS: Vor ziemlich genau f\u00fcnf Jahren hat der damalige Papst Benedikt vor dem Bundestag reden d\u00fcrfen. Hier im Blog habe ich damals geschrieben, warum das einen &#8222;unglaublichen Vorgang&#8220; bedeutete, auch wenn er von fast allen anwesenden Vertretern aller Fraktionen bejubelt wurde. Vom Bundestag beklatscht hatte Benedikt damals mit dem Verweis auf das &#8222;Naturrecht&#8220; nicht dem Dualismus der Geschlechter entsprechenden Lebensweisen den Kampf angesagt. Hier der Blogbeitrag dazu, der vor dem Autritt erschienen war:<\/p>\n<p><span style=\"text-decoration: underline;\"><span style=\"color: #000000;\"><a style=\"color: #000000; text-decoration: underline;\" href=\"https:\/\/www.nollendorfblog.de\/?p=577\">&#8222;Homophobia Kills&#8220;: \u00dcber der Auftritt von Papst Benedikt im Deutschen Bundestag<\/a><\/span><\/span><\/p>\n<p>&#8212;<\/p>\n<p><em><span style=\"color: #000000;\">Weitere Beitr\u00e4ge im Blog \u00fcber Katholiken und Homosexuelle:<\/span><\/em><\/p>\n<p><span style=\"text-decoration: underline;\"><em><span style=\"color: #000000; text-decoration: underline;\"><a style=\"color: #000000; text-decoration: underline;\" title=\"Permanentlink zu Der Hass der Katholiken auf die Schwulen ist der Hass der Schwulen auf sich selbst\" href=\"https:\/\/www.nollendorfblog.de\/?p=4937\" rel=\"bookmark\">Der Hass der Katholiken auf die Schwulen ist der Hass der Schwulen auf sich selbst<\/a><\/span><\/em><\/span><\/p>\n<p><span style=\"text-decoration: underline;\"><em><span style=\"color: #000000; text-decoration: underline;\"><a style=\"color: #000000; text-decoration: underline;\" title=\"Permanentlink zu Ein schwarzer Tag mit Bischof Tebartz-van Elst und Ralf K\u00f6nig ist schuld!\" href=\"https:\/\/www.nollendorfblog.de\/?p=2729\" rel=\"bookmark\">Ein schwarzer Tag mit Bischof Tebartz-van Elst und Ralf K\u00f6nig ist schuld!<\/a><\/span><\/em><\/span><\/p>\n<p><span style=\"text-decoration: underline;\"><em><span style=\"color: #000000; text-decoration: underline;\"><a style=\"color: #000000; text-decoration: underline;\" title=\"Permanentlink zu Mixa und das Monopol\" href=\"https:\/\/www.nollendorfblog.de\/?p=487\" rel=\"bookmark\">Mixa und das Monopol<\/a><\/span><\/em><\/span><\/p>\n<p>&#8212;<\/p>\n<p><em>Diesen Beitrag bei Facebook liken \/ sharen<\/em><\/p>\n","protected":false},"excerpt":{"rendered":"<p>Falls das jemand noch nicht mitbekommen hat: Der Papst hat uns mal so nebenbei den Krieg, nein den &#8222;Weltkrieg&#8220; erkl\u00e4rt. Kann man lustig finden, gaga, ja das ist es ja auch. Kann man aber auch mal dr\u00fcber nachdenken.<\/p>\n","protected":false},"author":1,"featured_media":7245,"comment_status":"closed","ping_status":"closed","sticky":false,"template":"","format":"standard","meta":{"footnotes":""},"categories":[162,55,54,1],"tags":[99,94],"class_list":["post-7238","post","type-post","status-publish","format-standard","has-post-thumbnail","hentry","category-162","category-community","category-kirche","category-politik","tag-afd","tag-kirche"],"_links":{"self":[{"href":"https:\/\/www.nollendorfblog.de\/index.php?rest_route=\/wp\/v2\/posts\/7238","targetHints":{"allow":["GET"]}}],"collection":[{"href":"https:\/\/www.nollendorfblog.de\/index.php?rest_route=\/wp\/v2\/posts"}],"about":[{"href":"https:\/\/www.nollendorfblog.de\/index.php?rest_route=\/wp\/v2\/types\/post"}],"author":[{"embeddable":true,"href":"https:\/\/www.nollendorfblog.de\/index.php?rest_route=\/wp\/v2\/users\/1"}],"replies":[{"embeddable":true,"href":"https:\/\/www.nollendorfblog.de\/index.php?rest_route=%2Fwp%2Fv2%2Fcomments&post=7238"}],"version-history":[{"count":19,"href":"https:\/\/www.nollendorfblog.de\/index.php?rest_route=\/wp\/v2\/posts\/7238\/revisions"}],"predecessor-version":[{"id":7259,"href":"https:\/\/www.nollendorfblog.de\/index.php?rest_route=\/wp\/v2\/posts\/7238\/revisions\/7259"}],"wp:featuredmedia":[{"embeddable":true,"href":"https:\/\/www.nollendorfblog.de\/index.php?rest_route=\/wp\/v2\/media\/7245"}],"wp:attachment":[{"href":"https:\/\/www.nollendorfblog.de\/index.php?rest_route=%2Fwp%2Fv2%2Fmedia&parent=7238"}],"wp:term":[{"taxonomy":"category","embeddable":true,"href":"https:\/\/www.nollendorfblog.de\/index.php?rest_route=%2Fwp%2Fv2%2Fcategories&post=7238"},{"taxonomy":"post_tag","embeddable":true,"href":"https:\/\/www.nollendorfblog.de\/index.php?rest_route=%2Fwp%2Fv2%2Ftags&post=7238"}],"curies":[{"name":"wp","href":"https:\/\/api.w.org\/{rel}","templated":true}]}}