{"id":7387,"date":"2017-02-09T12:29:10","date_gmt":"2017-02-09T10:29:10","guid":{"rendered":"http:\/\/www.nollendorfblog.de\/?p=7387"},"modified":"2019-03-02T11:57:57","modified_gmt":"2019-03-02T09:57:57","slug":"zum-tod-von-frank-zahn","status":"publish","type":"post","link":"https:\/\/www.nollendorfblog.de\/?p=7387","title":{"rendered":"Zum Tod von Frank Zahn"},"content":{"rendered":"<p>Als Frank Zahn Ende 2014 den Bruno Gm\u00fcnder Verlag \u00fcbernahm, und somit rettete, ging es ihm nicht darum, reich zu werden. Nach allem, was man wei\u00df, war er das bereits. Auch eine sichere, lukrative Geldanlage sieht anders aus. Dass Verlage es heute schwer haben, erst recht wenn ihre Ums\u00e4tze vor allem auf Print basieren, ist eher eine Untertreibung. F\u00fcr Unternehmen, die dazu noch aus dem LGTBI*-Kosmos kommen, sieht es meist noch schlechter aus. Es ging ihm wohl auch nicht um Ruhm. Den h\u00e4tte er haben k\u00f6nnen: Er h\u00e4tte sein Unternehmen, das unter seiner Leitung der weltweit gr\u00f6\u00dfte inhabergef\u00fchrte Verlag f\u00fcr LGTBI*-Titel war, mit seinem Namen verbinden k\u00f6nnen. Er h\u00e4tte sich als \u201ePlayer\u201c inszenieren k\u00f6nnen, in \u00f6ffentlichen Auftritten sein unternehmerisches Gewicht, aber auch das eines Erm\u00f6glichers und Verteidigers f\u00fcr insbesondere schwule Kultur feiern lassen k\u00f6nnen. Er, der Opern- und Kunstliebhaber, h\u00e4tte versuchen k\u00f6nnen, das Image des Verlages als das einem, der vor allem Halb- und Ganznacktes produziert und vertreibt, relativieren k\u00f6nnen, in dem er mehr in den Mittelpunkt ger\u00fcckt h\u00e4tte, wie sehr sich sein Verlag f\u00fcr die Entwicklung aber auch f\u00fcr die Verf\u00fcgbarkeit schwuler Literatur engagiert. Aber er wollte sich nicht auf Kosten seines Verlages profilieren, auch weil er fest der \u00dcberzeugung war, dass das alles zusammen geh\u00f6rt: Erotik und Kunst, Popul\u00e4res und Sperriges, Aufkl\u00e4rung und Genuss.<\/p>\n<p>Der Bruno Gm\u00fcnder Verlag war \u2013 und vor allem: blieb! &#8211; unter ihm ein schwules Unternehmen, dass sich der Community verpflichtet f\u00fchlte. Er musste damit leben, dass diese Community es trotzdem zu gro\u00dfen Teilen hasst, oder zumindest unterstellt, dass es ihr nur das Geld aus der Tasche ziehen will. Doch das war nicht so. Ich wei\u00df, dass das hiermit Kategorien auf eine nicht\u00a0 ganz saubere Art miteinander vermische, aber ich m\u00f6chte es trotzdem so schreiben, wie ich es empfinde: Ich bin sicher, Frank hat mit seinem Unternehmen der Community mehr gegeben als sie ihm. Nat\u00fcrlich m\u00f6chte und muss ein Unternehmer mit seiner Firma Geld verdienen wollen. Aber das war nicht, was Frank antrieb. Er genoss auch nicht die Macht, die er h\u00e4tte haben k\u00f6nnen, und keiner, der ihm bei der Arbeit erlebt hat, kann behaupten, dass er sein Unternehmen wie ein illustres Hobby betrachtet h\u00e4tte. Nat\u00fcrlich hat er sicher auch Fehler gemacht, aber vielleicht versuchen die, die diese jetzt im Blick haben, sich einmal einzuf\u00fchlen in die Zw\u00e4nge und Erwartungen, die ein solches Unternehmen in diesen Zeiten hat. Und denken dar\u00fcber nach, wie viel sie bereit sind, von dem zu geben, was die Community so dringend braucht, aber nur ganz wenige so einbringen, wie es Frank getan hat: Verantwortung, und die wirkliche Bereitschaft, dabei ein Risiko einzugehen.<\/p>\n<p>Einige in der Szene haben eine gro\u00dfe Klappe, erreichen eine gewisse Aufmerksamkeit. Ich geh\u00f6re dazu. Nutzen wir sie auch dazu, diejenigen zu preisen, die auf ihren Ruhm verzichtet haben.<\/p>\n<p>Besonders dann, wenn sie ihn so verdient haben wie Frank Zahn.<\/p>\n<p>&#8212;<\/p>\n<p><em>Offenlegung: Ich habe mehrmals f\u00fcr das Magazin &#8222;M\u00e4nner&#8220; geschrieben, das vom Bruno Gm\u00fcnder Verlag herausgegeben wird. Als Marketingmensch habe ich die Bruno Gm\u00fcnder GmbH unter Frank Zahns Leitung mehrmals in Kommunikationsdingen beraten.<\/em><\/p>\n<p><em>PS: Ich habe bei der Bruno Gm\u00fcnder GmbH nach einem offiziellen Foto von Frank gefragt. Dass es dort ein solches nicht gibt, sagt ja vielleicht auch etwas \u00fcber ihn aus. Das f\u00fcr diesen Beitrag verwendete Vorschaubild habe ich von seiner Facebook-Seite geklaut. Ich hoffe, das war in seinem Sinne. Wenn jemand der Meinung ist, dass dem nicht so ist, oder dass ich hiermit die Gerf\u00fchle oder Rechte Dritter verletze, m\u00f6ge sie oder er sich bitte bei mir melden.<\/em><\/p>\n<p>&#8212;<\/p>\n<p><span style=\"color: #000000;\"><em>Weitere Links zum Tod von Frank Zahn:<\/em><\/span><\/p>\n<p><span style=\"text-decoration: underline;\"><span style=\"color: #000000;\"><em><a style=\"color: #000000; text-decoration: underline;\" href=\"http:\/\/m-maenner.de\/2017\/02\/bruno-gmuender-gmbh-trauert-um-frank\/\">Offizielles Statement der Bruno Gm\u00fcnder GmbH<\/a><\/em><\/span><\/span><\/p>\n<p><span style=\"text-decoration: underline;\"><span style=\"color: #000000;\"><em><a style=\"color: #000000; text-decoration: underline;\" href=\"http:\/\/www.queer.de\/detail.php?article_id=28190\">Queer.de : &#8222;Chef des Bruno Gm\u00fcnder Verlages gestorben&#8220;<\/a><\/em><\/span><\/span><\/p>\n","protected":false},"excerpt":{"rendered":"<p>Er wollte sich nicht auf Kosten seines Verlages profilieren, auch weil er fest der \u00dcberzeugung war, dass das alles zusammen geh\u00f6rt: Erotik und Kunst, Popul\u00e4res und Sperriges, Aufkl\u00e4rung und Genuss.<\/p>\n","protected":false},"author":1,"featured_media":7389,"comment_status":"open","ping_status":"open","sticky":false,"template":"","format":"standard","meta":{"footnotes":""},"categories":[163,55,74],"tags":[],"class_list":["post-7387","post","type-post","status-publish","format-standard","has-post-thumbnail","hentry","category-163","category-community","category-medien"],"_links":{"self":[{"href":"https:\/\/www.nollendorfblog.de\/index.php?rest_route=\/wp\/v2\/posts\/7387","targetHints":{"allow":["GET"]}}],"collection":[{"href":"https:\/\/www.nollendorfblog.de\/index.php?rest_route=\/wp\/v2\/posts"}],"about":[{"href":"https:\/\/www.nollendorfblog.de\/index.php?rest_route=\/wp\/v2\/types\/post"}],"author":[{"embeddable":true,"href":"https:\/\/www.nollendorfblog.de\/index.php?rest_route=\/wp\/v2\/users\/1"}],"replies":[{"embeddable":true,"href":"https:\/\/www.nollendorfblog.de\/index.php?rest_route=%2Fwp%2Fv2%2Fcomments&post=7387"}],"version-history":[{"count":16,"href":"https:\/\/www.nollendorfblog.de\/index.php?rest_route=\/wp\/v2\/posts\/7387\/revisions"}],"predecessor-version":[{"id":7405,"href":"https:\/\/www.nollendorfblog.de\/index.php?rest_route=\/wp\/v2\/posts\/7387\/revisions\/7405"}],"wp:featuredmedia":[{"embeddable":true,"href":"https:\/\/www.nollendorfblog.de\/index.php?rest_route=\/wp\/v2\/media\/7389"}],"wp:attachment":[{"href":"https:\/\/www.nollendorfblog.de\/index.php?rest_route=%2Fwp%2Fv2%2Fmedia&parent=7387"}],"wp:term":[{"taxonomy":"category","embeddable":true,"href":"https:\/\/www.nollendorfblog.de\/index.php?rest_route=%2Fwp%2Fv2%2Fcategories&post=7387"},{"taxonomy":"post_tag","embeddable":true,"href":"https:\/\/www.nollendorfblog.de\/index.php?rest_route=%2Fwp%2Fv2%2Ftags&post=7387"}],"curies":[{"name":"wp","href":"https:\/\/api.w.org\/{rel}","templated":true}]}}