{"id":7435,"date":"2017-04-12T17:59:55","date_gmt":"2017-04-12T15:59:55","guid":{"rendered":"http:\/\/www.nollendorfblog.de\/?p=7435"},"modified":"2019-03-02T11:57:57","modified_gmt":"2019-03-02T09:57:57","slug":"aufruf-am-25-mai-mit-obama-gegen-merkels-boeses-bauchgefuehl","status":"publish","type":"post","link":"https:\/\/www.nollendorfblog.de\/?p=7435","title":{"rendered":"Aufruf: Mit Obama gegen Merkels b\u00f6ses Bauchgef\u00fchl!"},"content":{"rendered":"<p><strong>\u201eThe world depends upon a democratic Europe that upholds the principles of pluralism and diversity and freedom that are our common creed.&#8220;<br \/>\n<\/strong><\/p>\n<p style=\"text-align: right;\">Barack Obama<\/p>\n<h2>Ein Aufruf<\/h2>\n<p>Es gab eine Zeit, in der war es nicht homophob, gegen die Gleichstellung der Ehe zu sein. In dieser Zeit war es auch f\u00fcr Homosexuelle schwer, sich als gleichwertige Mitglieder der Gesellschaft, sich als gleichwertig Liebende, sich als gleichwertige Eltern vorzustellen. Diese Zeit ist vorbei. Die Homosexuellen wissen, dass sie all dies sein k\u00f6nnen. Und die Heteros wissen das auch.<\/p>\n<p>Wer heute gegen die Ehe f\u00fcr alle ist, ist dies gegen jedes rationale Wissen. Es gibt heute in Deutschland nur noch zwei Gr\u00fcnde, die Gleichstellung der Ehe zu behindern: Der erste ist ein emotionaler, das, was Merkel als &#8222;Bauchgef\u00fchl&#8220; nennt, was suggeriert, es habe etwas mit gesundem Menschenverstand zu tun, in Wahrheit aber ein b\u00f6ses, ein zerst\u00f6rerisches Gef\u00fchl ist. Man nennt es auch Ressentiment.<\/p>\n<p>Der zweite Grund ist ein strategischer: Er steckt hinter dem Handeln von Menschen, die selbst nicht von Ressentiments getrieben sind, sich aber die Ressentiments der anderen zunutze machen.<\/p>\n<p>Menschen, die anderen Menschen aufgrund von Ressentiments gleiche Rechte verweigern wollen, sind T\u00e4ter. Sie tun anderen etwas an, weil sie deren Anderssein nicht als etwas mit ihnen gleichwertiges ertragen k\u00f6nnen. Aber sie sind auch Opfer. Opfer von Gewohnheiten, Strukturen und \u00c4ngsten. Opfer von Nicht-Wissen, von Nicht-Erfahrenem.<\/p>\n<p>Menschen, die anderen Menschen aus strategischen Gr\u00fcnden gleiche Rechte verweigern wollen, sind nur T\u00e4ter.<\/p>\n<p>Sie wissen es besser. Sie k\u00f6nnen es besser.<\/p>\n<p>Der Grund, warum sie nicht wollen, was sie k\u00f6nnen, liegt nur im Kampf um den eigenen Machtanspruch begr\u00fcndet. Ihre Opfer sind nicht nur die, denen sie verweigern, was Ihnen zusteht, sondern auch die, denen Sie einreden, dass ihre Ressentiments nicht Schw\u00e4che, sondern St\u00e4rke sind. Die von &#8222;Werten&#8220; reden, davon, dass es darum ginge, etwas &#8222;bewahren&#8220; zu m\u00fcssen, statt das auszusprechen, was sie selbst wissen: Dass niemandem etwas weggenommen wird.<\/p>\n<p>Aber ihre T\u00e4terschaft ist auch auf eine Weise infam, die Elemente bewusster Gewalt enth\u00e4lt: Eine vorhandene Diskriminierung wider besseres Wissen zu verfestigen, erzeugt unn\u00f6tiges Leid. Leid bei jungen homosexuellen Menschen,\u00a0 die in einer Gesellschaft ohne staatliche Diskriminierung nachgewiesenerma\u00dfen ges\u00fcnder und sicherer aufwachsen k\u00f6nnten. Leid aber auch f\u00fcr den Zustand der Gesamtgesellschaft, der etwas genommen wird, das sie so dringend gebrauchen k\u00f6nnte: Das Erleben von Augenh\u00f6he, den Unterschied von Toleranz und Respekt, das \u00dcberwinden von Paternalismus, einer Situation, in der die einen Bettelnde bleiben und die anderen G\u00f6nnende.<\/p>\n<p>Um es mit Rosa von Praunheim zu sagen: Die Voraussetzung f\u00fcr das \u00dcberwinden einer gesellschaftlichen Perversion.<\/p>\n<p>Wir d\u00fcrfen nicht erlauben, dass das kleingeredet wird: Wer f\u00fcr das Bestehen der Perversion k\u00e4mpft, macht sich auch schuldig im Kampf um Menschenrechte. Keine Regierung kann wirklich glaubw\u00fcrdig und effektvoll gegen die Verfolgung von Homosexuellen eintreten, wie sie etwa gerade in Tschetschenien geschieht, wenn sie selbst nicht das \u00fcberwindet, was diese Verfolgung im Kern verursacht: Die Behauptung von Ungleichwertigkeit.<\/p>\n<p>Gerade weil es der Regierung nichts kosten w\u00fcrde, diese Ungleichwertigkeit zu \u00fcberwinden, grenzt ihr Festhalten an unterlassener Hilfeleistung. Hilfe, die angesichts des weltweiten Hasses gegen Homosexuelle dringend ben\u00f6tigt wird.<\/p>\n<p>Wolfgang Sch\u00e4uble wei\u00df ganz genau, dass der Verweis auf die<a href=\"http:\/\/www.queer.de\/detail.php?article_id=28606\"> &#8222;biblischen Zeiten&#8220;<\/a>, mit der er das bestehende Unrecht und die daraus resultierende staatlich festgeschriebene Abwertung zu verteidigen versucht, eine Art Naturrecht beschw\u00f6rt, das auch die Sklaverei f\u00fcr den Gro\u00dfteil der Geschichte festgeschrieben hat. Er wei\u00df, dass er und seine Partei dieses Unrecht beenden kann, und dass der einzige Grund, warum sie es nicht tut,\u00a0 strategische Vorteile im Bundestagswahlkampf sind.<\/p>\n<p>Dieses Verhalten ist zynisch. Es ist gef\u00e4hrlich und zutiefst unmoralisch. Es ist, wenn man so will,\u00a0 auch zutiefst unchristlich. Religi\u00f6se Kategorien sollten in einem Wahlkampf keine Rolle spielen. Doch in diesem Wahlkampf ist das anders. Denn Merkel plant ihren gr\u00f6\u00dften Wahlkampf-Coup auf religi\u00f6sem Terrain zu gewinnen:<\/p>\n<p>Zusammen mit Barack Obama will sie anl\u00e4sslich des Evangelischen Kirchentages vor dem Brandenburger Tor aufteten. Aller Voraussicht nach wird dies eine Demonstration mit gigantischer Wirkungsmacht sein, eine Wirkungsmacht, die Merkel f\u00fcr sich, ihre Partei und damit auch f\u00fcr die Rechtfertigung ihrer Diskriminierungspolitik nutzen wird.<\/p>\n<p>Doch das muss nicht sein.<\/p>\n<p>Denn dieser Auftritt vor dem Brandenburger Tor ist auch ein Geschenk. Ein Geschenk das Lesben, Schwule und alle, die in diesem Land f\u00fcr das \u00dcberwinden von Ressentiment stehen, nicht ablehnen k\u00f6nnen. Es ist die M\u00f6glichkeit, Merkel auf die denkbar eindrucksvollste Weise zu verdeutlichen, dass Diskrimierung nicht sein darf. Und sich nicht lohnt. Das Szenario vor dem Brandenburger Tor ist das Gegenteil zu dem in dem Fernsehstudio, in dem sich Merkel vor vier Jahren mit ihrem &#8222;Bauchgef\u00fchl&#8220; einfach wegducken konnte: Da ist nicht nur die Evangelische Kirche, die &#8211; wenn sie das angek\u00fcndigte Diskussionsthema (&#8222;Engagiert Demokratie gestalten \u2013 Zuhause und in der Welt Verantwortung \u00fcbernehmen&#8220;) wirklich ernst nimmt &#8211; nachfragen muss, warum sich Deutschland bei einem der gro\u00dfen Menschenrechtsthemen von der Werteentwicklung der westlichen Welt abkoppelt. Da ist vor allem Barack Obama, der bereits mehrmals in Deutschland (und sogar in Anwesenheit Merkels!) betont hat, dass es sich bei der Gleichstellung nicht um nachranginge Minderheitenrechte handelt, sondern um ein Grundprinzip, dass erst die St\u00e4rke freier Gesellschaften erm\u00f6glicht: Nur allen kann es gut gehen, wenn alle die gleiche Rechte haben.<\/p>\n<p>Dieses engagierte Credo Obamas hatte in der deutschen Medien\u00f6ffentlichkeit bei seinen Besuchen als Pr\u00e4sident fast keine Rolle gespielt, obwohl er es in den Mittelpunkt seiner Botschaften gestellt hatte.<\/p>\n<p>Bisher konnte Merkel immer so tun, als sei sie in grunds\u00e4tzlichen Freiheitsdingen mit Obama einer Meinung. Doch das ist nicht so. Obama k\u00e4mpft f\u00fcr etwas Grunds\u00e4tzliches, was Merkel grunds\u00e4tzlich ablehnt.<\/p>\n<p>Merkel wird \u00fcber Verantwortung reden und darauf setzen, dass ihre Verantwortungslosigkeit keine Rolle spielen wird.<\/p>\n<p>Wir sollten versuchen, dass sie damit nicht durchkommt.<\/p>\n<p>Statt eines Wahlkampf-Coups zur Legitimierung von Ungleichheit k\u00f6nnte der\u00a0 25. Mai zu einer Demonstration f\u00fcr Vielfalt werden, wie sie es in Deutschland noch nie gegeben hat:<\/p>\n<p>Es k\u00f6nnte eine Demonstration werden, in der einmal nicht die Homos etwas von den Heteros fordern. Sondern eine in der, in der die Menschen, die in Deutschland Verantwortung \u00fcbernehmen wollen, gemeinsam von ihrer Regierung fordern, dies endlich auch zu tun.<\/p>\n<p>Eine bessere, symboltr\u00e4chtige Gelegenheit wird es wohl so schnell nicht mehr geben. Und einen besseren Alliierten als Barack Obama auch nicht.<\/p>\n<p>Wir sollten den Besuchern des Kirchentages verdeutlichen, dass sie es in der Hand haben, Merkel zu bewegen. Ihr zu widersprechen, wenn sie versucht, Diskriminierung\u00a0 klein zu reden, wenn sie versucht, Ressentiments mit christlichen Werten zu verkl\u00e4ren. Oder das Thema einfach auszusparen.<\/p>\n<p>Bekommen wir eine solche Demonstration hin? Kann vielleicht dieser Tag der Tag sein, an dem wir, die Community, zusammen steht auf eine Weise, wie wir das bei der letzten Wahl nicht geschafft haben?<\/p>\n<p>Bekommen wir das hin, alle zusammen?: LSVD, Enough is Enough? Die CSDs? Die Verb\u00e4nde, die Gruppen, die Institutionen?<\/p>\n<p>Keine Ahnung. Aber k\u00f6nnen wir es uns erlauben, es nicht zu versuchen?<\/p>\n<p>Merkel will \u00fcber Verantwortung reden. Zeigen wir Ihr, was Ihre Verantwortung ist! \u2666<\/p>\n<p>&#8212;<\/p>\n<p><em>Hier im Blog: Wie Barack Obama mit der &#8222;Ehe f\u00fcr alle&#8220; die Grundprinzipien westlicher Freiheitswerte erkl\u00e4rt:<\/em><\/p>\n<p><span style=\"text-decoration: underline; color: #000000;\"><em><a style=\"color: #000000; text-decoration: underline;\" title=\"Permanentlink zu Die \u201eEhe f\u00fcr Alle\u201c w\u00e4re ein Geschenk der Gesamtgesellschaft an sich selbst\" href=\"https:\/\/www.nollendorfblog.de\/?p=5973\" rel=\"bookmark\">Die \u201eEhe f\u00fcr Alle\u201c w\u00e4re ein Geschenk der Gesamtgesellschaft an sich selbst<\/a><\/em><\/span><\/p>\n<p><em><span style=\"color: #000000;\">Weitere Beitr\u00e4ge zum Thema im Nollendorfblog:<\/span><\/em><\/p>\n<p><span style=\"text-decoration: underline;\"><em><span style=\"color: #000000; text-decoration: underline;\"><a style=\"color: #000000; text-decoration: underline;\" href=\"https:\/\/www.nollendorfblog.de\/?p=6562\">Nach Orlando: Liebe Heteros, sorry, aber jetzt seid Ihr dran!<\/a><\/span><\/em><\/span><\/p>\n<p><span style=\"text-decoration: underline;\"><em><span style=\"color: #000000; text-decoration: underline;\"><a style=\"color: #000000; text-decoration: underline;\" href=\"https:\/\/www.nollendorfblog.de\/?tag=cdu-csu\">Archiv CDU\/CSU: Wie die Union Homophobie zu ihrem Markenkern macht<\/a><\/span><\/em><\/span><\/p>\n<p>&#8212;<\/p>\n<p><em>Diesen Beitrag bei Facebook liken \/ sharen!<\/em><\/p>\n","protected":false},"excerpt":{"rendered":"<p>Statt eines Wahlkampf-Coups Merkels zur Legitimierung von Diskriminierung k\u00f6nnte der  25. Mai zu einer Demonstration f\u00fcr Vielfalt werden, wie sie es in Deutschland noch nie gegeben hat: Eine,  in der einmal nicht die Homos etwas von den Heteros fordern, sondern alle Menschen, die in Deutschland Verantwortung \u00fcbernehmen wollen, gemeinsam von ihrer Regierung fordern, dies endlich auch zu tun.<\/p>\n","protected":false},"author":1,"featured_media":7072,"comment_status":"open","ping_status":"open","sticky":false,"template":"","format":"standard","meta":{"footnotes":""},"categories":[163,3,1],"tags":[115],"class_list":["post-7435","post","type-post","status-publish","format-standard","has-post-thumbnail","hentry","category-163","category-berlin","category-politik","tag-angela-merkel"],"_links":{"self":[{"href":"https:\/\/www.nollendorfblog.de\/index.php?rest_route=\/wp\/v2\/posts\/7435","targetHints":{"allow":["GET"]}}],"collection":[{"href":"https:\/\/www.nollendorfblog.de\/index.php?rest_route=\/wp\/v2\/posts"}],"about":[{"href":"https:\/\/www.nollendorfblog.de\/index.php?rest_route=\/wp\/v2\/types\/post"}],"author":[{"embeddable":true,"href":"https:\/\/www.nollendorfblog.de\/index.php?rest_route=\/wp\/v2\/users\/1"}],"replies":[{"embeddable":true,"href":"https:\/\/www.nollendorfblog.de\/index.php?rest_route=%2Fwp%2Fv2%2Fcomments&post=7435"}],"version-history":[{"count":30,"href":"https:\/\/www.nollendorfblog.de\/index.php?rest_route=\/wp\/v2\/posts\/7435\/revisions"}],"predecessor-version":[{"id":7465,"href":"https:\/\/www.nollendorfblog.de\/index.php?rest_route=\/wp\/v2\/posts\/7435\/revisions\/7465"}],"wp:featuredmedia":[{"embeddable":true,"href":"https:\/\/www.nollendorfblog.de\/index.php?rest_route=\/wp\/v2\/media\/7072"}],"wp:attachment":[{"href":"https:\/\/www.nollendorfblog.de\/index.php?rest_route=%2Fwp%2Fv2%2Fmedia&parent=7435"}],"wp:term":[{"taxonomy":"category","embeddable":true,"href":"https:\/\/www.nollendorfblog.de\/index.php?rest_route=%2Fwp%2Fv2%2Fcategories&post=7435"},{"taxonomy":"post_tag","embeddable":true,"href":"https:\/\/www.nollendorfblog.de\/index.php?rest_route=%2Fwp%2Fv2%2Ftags&post=7435"}],"curies":[{"name":"wp","href":"https:\/\/api.w.org\/{rel}","templated":true}]}}