{"id":7499,"date":"2017-05-28T16:26:13","date_gmt":"2017-05-28T14:26:13","guid":{"rendered":"http:\/\/www.nollendorfblog.de\/?p=7499"},"modified":"2019-03-02T11:57:57","modified_gmt":"2019-03-02T09:57:57","slug":"ist-das-deutschland-duemmster-bundestagsabgeordneter","status":"publish","type":"post","link":"https:\/\/www.nollendorfblog.de\/?p=7499","title":{"rendered":"Ist das Deutschlands d\u00fcmmster Bundestagsabgeordneter?"},"content":{"rendered":"<p><img loading=\"lazy\" decoding=\"async\" class=\"aligncenter wp-image-7500 size-large\" src=\"https:\/\/www.nollendorfblog.de\/wp-content\/uploads\/2017\/05\/Screenshot-Schiewerling-1024x1024.jpg\" alt=\"Screenshot: karl-schiewerling.de\" width=\"620\" height=\"620\" srcset=\"https:\/\/www.nollendorfblog.de\/wp-content\/uploads\/2017\/05\/Screenshot-Schiewerling-1024x1024.jpg 1024w, https:\/\/www.nollendorfblog.de\/wp-content\/uploads\/2017\/05\/Screenshot-Schiewerling-150x150.jpg 150w, https:\/\/www.nollendorfblog.de\/wp-content\/uploads\/2017\/05\/Screenshot-Schiewerling-300x300.jpg 300w, https:\/\/www.nollendorfblog.de\/wp-content\/uploads\/2017\/05\/Screenshot-Schiewerling-768x768.jpg 768w, https:\/\/www.nollendorfblog.de\/wp-content\/uploads\/2017\/05\/Screenshot-Schiewerling-140x140.jpg 140w, https:\/\/www.nollendorfblog.de\/wp-content\/uploads\/2017\/05\/Screenshot-Schiewerling.jpg 1280w\" sizes=\"auto, (max-width: 620px) 100vw, 620px\" \/><\/p>\n<p>Nein, man soll nicht pers\u00f6nlich werden in der politischen Auseinandersetzung, und auch ein Fragezeichen hinter so einer \u00dcberschrift macht es nicht so viel besser.<\/p>\n<p>Andererseits gibt es auch Untergrenzen politischer Redlichkeit und dann muss man halt schon noch mal nachfragen, wie so etwas passieren kann. Und ob vielleicht die Unterstellung von Dummheit noch die freundlichste aller anzunehmenden M\u00f6glichkeiten ist.<\/p>\n<p>Worum gehts? Seit Anfang Mai gibt es den &#8222;<span class=\"il\">EHE<\/span> F\u00dcR <span class=\"il\">ALLE<\/span>-MESSENGER&#8220;, nach Angabe der Initiatoren<\/p>\n<blockquote><p>&#8222;ein innovatives Kampagnen-Tool, das es User*innen erm\u00f6glicht in unter einer Minute ihre Wahlkreisabgeordneten von Union und SPD per E-Mail zu kontaktieren und f\u00fcr ihr Engagement zur <span class=\"il\">Ehe<\/span>-\u00d6ffnung zu pl\u00e4dieren.<\/p><\/blockquote>\n<p>Zum Hintergrund erkl\u00e4ren die Macher:<\/p>\n<blockquote><p>&#8222;Die Legislaturperiode des Bundestages neigt sich dem Ende zu. Wir wollen jetzt die letzte Chance nutzen, vom amtierenden Bundestag ein JA zur <span class=\"il\">&#8218;Ehe f\u00fcr alle&#8216;<\/span>zu erhalten.\u00a0Daher konzentrieren wir uns auch vorerst nur auf Union (Blockade der Abstimmung) und SPD (100% Gleichstellung nur mit uns). Nach nicht einmal drei Wochen k\u00f6nnen wir bereits rund 40.000 versendete E-Mails verzeichnen.&#8220;<\/p><\/blockquote>\n<p>Wer es noch nicht ausprobiert hat, kann sich den Messager<a href=\"https:\/\/messenger.ehefueralle.de\"> hier anschauen<\/a>.<\/p>\n<p>Einer der vielen, die den Messager schon genutzt haben, ist Carsten Uesbeck aus Coesfeld.<\/p>\n<p>&#8222;Ich lebe in einer Partnerschaft und w\u00fcrde gerne heiraten&#8220;, erkl\u00e4rt er, &#8222;daher kam mir die Aktion von &#8222;Ehe f\u00fcr alle&#8220;, wo man seine zust\u00e4ndigen MdB&#8217;s anschreiben kann sehr gelegen. Wir m\u00f6chten keine Lebenspartnerschaft eingehen, da wir nicht wie B\u00fcrger zweiter Klasse behandelt werden m\u00f6chten, das \u00f6ffentliche Zwangsouten nicht unterst\u00fctzen und das man f\u00fcr gleiche Steuern, die man zahlt, auch die gleichen Rechte einfordern kann.&#8220;<\/p>\n<p>Man darf wohl dankbar sein, dass Karl Schiewerling, CDU-Bundestagsabgeortneter aus seinem Wahlkreis im M\u00fcnsterland, ihm \u00fcberhaupt zur\u00fcckgeschrieben hat. Aber trotz aller Dankbarkeit: Das, was er da zur\u00fcckgeschreiben hat, ist schon, na ja, lesen Sie selbst:<\/p>\n<blockquote><p>&#8222;In verl\u00e4sslichen und verbindlichen Partnerschaften sehe ich die besten Voraussetzungen f\u00fcr ein gelingendes Familienleben. Aus gutem Grund stellt Artikel 6 des Grundgesetztes die Ehe unter einen besonderen Schutz. Artikel 6 definiert die Ehe als Grundeinheit und Keimzelle der Familie und stellt sie damit \u00fcber andere Partnerschaften, weil nur aus der Beziehung von Mann und Frau Leben weitergegeben wird und Zukunft entsteht. Ich m\u00f6chte diesen Grundsatz unbedingt beibehalten, da er einen unersetzlichen Teil unserer sozialen und gesellschaftlichen Ordnung darstellt. Die Familie ist die grundlegende und damit wichtigste Einheit der Gesellschaft.<\/p>\n<p>Wir alle \u2013 und damit meine ich die Politik genauso wie Wirtschaft, Kultur und alle anderen gesellschaftlichen Instanzen \u2013 sollten uns viel st\u00e4rker dazu bekennen, dass die Kinder unsere Zukunft sind. Wir sollten diese nicht verspielen, sondern in den Mittelpunkt jeder Diskussion stellen. Schon jetzt merken wir die demografischen Folgen einer Entwicklung, die die Kinder nicht mehr als das Deutschland von morgen sieht, sondern nur noch als optionale Addition zur Ehe und im schlimmsten Fall als Hindernis in der Karriereplanung oder als unpassend zum pers\u00f6nlichen Lebensstil.<\/p>\n<p>Es ist meine tiefste \u00dcberzeugung, dass wir ohne den Fokus darauf nicht nur unsere wichtigsten Werte und Grundlagen verlieren werden, sondern auf lange Sicht unsere Zukunft verspielen k\u00f6nnen. Und deshalb bin ich gegen die \u00d6ffnung der \u201eEhe f\u00fcr alle\u201c.&#8220;<\/p><\/blockquote>\n<p>Hossa! Das ist nicht nur ein l\u00e4ppisches Bauchgef\u00fchl. Das ist Todesangst! Unsere Zukunft\u00a0 steht auf dem Spiel wegen der Homo-Ehe! Dabei hatte CDU Mann Jens Spahn <a href=\"https:\/\/www.nollendorfblog.de\/?p=7261\">l\u00e4ngt noch behauptet<\/a>, man k\u00f6nne gegen die &#8222;Ehe f\u00fcr alle&#8220; sein, ohne dabei homophob zu sein. Wenn dem so w\u00e4re, wenn es solche Argumente geben w\u00fcrde, ja: Warum fallen sie seinem Fraktionkollegen dann nicht ein?<\/p>\n<p>Und vor allem: Wie muss man ticken, um wirklich zu glauben, Heteros w\u00fcrden wieder mehr Kinder bekommen, wenn man den Homos vom heiraten abh\u00e4lt? Ist es da nicht vielleicht sogar vorteilhaft zu vermuten, dass wir es hier mit Dummheit zu tun haben? Weil eine Unterstellung klarer Gedanken (und der v\u00f6lligen Ignoranz dessen, was in den letzten 20 Jahren hierzu diskutiert und erkannt worden ist)\u00a0 ja zur Konsequenz h\u00e4tte, etwas anderes annehmen zu m\u00fcssen:<\/p>\n<p>Dass er bewusst Schwachsinn verbreitet, also er nicht dumm ist, aber der festen Meinung ist, dass seine W\u00e4hler es sind?<\/p>\n<p>Aber vielleicht ist er ja weder dumm, noch ein Zyniker.<\/p>\n<p>Vielleicht hasst er ja einfach nur Kinder.<\/p>\n<p>Es gibt n\u00e4mlich wirklich einen Zusammenhang zwischen Kindern und der &#8222;Ehe f\u00fcr alle&#8220;. Beziehungsweise sogar drei:<\/p>\n<p>1.) Wenn die Ehe so wichtig f\u00fcr das Kindeswohl ist, warum kann es dann ein CDU-Politiker verantworten, diese Statusm\u00f6glichkeit manchen Eltern zu verbieten?<\/p>\n<p>2.) Die &#8222;Ehe f\u00fcr alle&#8220; kann nicht die Homophobie in diesem Lande beenden, aber sie ist als ein Erleben gleicher Rechte eine Voraussetzung daf\u00fcr, dass diese wirksam bek\u00e4mpft werden kann. Homophobie ist ungesund, sie l\u00e4sst Kinder schwach sein, weniger gerne leben, sie l\u00e4sst manche davon sich umbringen. Die &#8222;Ehe f\u00fcr alle&#8220; w\u00e4re &#8211; zumal sie ja niemanden etwas nehmen, niemanden belasten w\u00fcrde &#8211; wahrscheinlich das billigste, effektivste und wohl auch nachhaltigste Kinderschutzprogramm, das es in Deutschland je gegeben h\u00e4tte. Umgekehrt sind die gr\u00f6\u00dften Opfer ihrer Verhinderer, also von Leuten wie Schiewerling: Kinder.<\/p>\n<p>3.) Deutsche Kinder sind anders als ihre Altersgenossen in fast allen vergleichbaren westlichen Industriestaaten dazu verdammt, in einer gesellschaftlich r\u00fcckw\u00e4rts orientierten Situation aufzuwachsen. (Alleine in 14 EU-Staaten gibt die &#8222;Ehe f\u00fcr alle&#8220;, in den Niederlanden schon seit 17 Jahren) Deutsche Kinder h\u00e4ngen hinterher,\u00a0 ihnen werden Erfahrungen moderner Gesellschaften verwehrt, die anderswo selbstverst\u00e4ndlich sind. Stattdessen werden sie von &#8222;Konservativen&#8220; mit Gaga-Weisheiten konfrontiert, die zeigen, dass es ihnen um alles M\u00f6gliche, aber sicherlich nicht um die Zukunftsf\u00e4higkeit der kommenden Generationen geht.<\/p>\n<p>Ein H\u00f6hepunkt dabei ist sicherlich die folgende Erkenntnis, die ebenfalls Teil der Argumentation von Karl Schiewerling ist:<\/p>\n<blockquote><p>&#8222;Die gleichgeschlechtliche Ehe w\u00e4re eine Nivellierung aller Unterschiede zwischen Mann und Frau.&#8220;<\/p><\/blockquote>\n<p>Oh je.<\/p>\n<p>Was haben Kinder diesem Mann nur angetan, dass ihm Kinder so egal sind?<\/p>\n<p>Oder dann doch einfach nur dumm?\u2666<\/p>\n<p>&#8212;<\/p>\n<p><em>Mehr im Blog zum Thema:<\/em><\/p>\n<p><em><a href=\"https:\/\/www.nollendorfblog.de\/?p=7261\">Ist man homophob, wenn man gegen die &#8222;Ehe f\u00fcr alle&#8220; ist? <\/a><\/em><\/p>\n<p><em>&#8212;<\/em><\/p>\n<p><em>Diesen Beitrag bei Facebook liken \/ sharen:<\/em><\/p>\n","protected":false},"excerpt":{"rendered":"<p>CDU Mann Jens Spahn hatte l\u00e4ngst behauptet, man k\u00f6nne gegen die &#8222;Ehe f\u00fcr alle&#8220; sein, ohne dabei homophob zu sein. Wenn dem so w\u00e4re, wenn es solche Argumente geben w\u00fcrde, ja: Warum fallen sie seinem Fraktionkollegen dann nicht ein?<\/p>\n<p>Foto: Screenshot karl-schiewerling.de          .<\/p>\n","protected":false},"author":1,"featured_media":7500,"comment_status":"open","ping_status":"open","sticky":false,"template":"","format":"standard","meta":{"footnotes":""},"categories":[163,1],"tags":[87],"class_list":["post-7499","post","type-post","status-publish","format-standard","has-post-thumbnail","hentry","category-163","category-politik","tag-cdu-csu"],"_links":{"self":[{"href":"https:\/\/www.nollendorfblog.de\/index.php?rest_route=\/wp\/v2\/posts\/7499","targetHints":{"allow":["GET"]}}],"collection":[{"href":"https:\/\/www.nollendorfblog.de\/index.php?rest_route=\/wp\/v2\/posts"}],"about":[{"href":"https:\/\/www.nollendorfblog.de\/index.php?rest_route=\/wp\/v2\/types\/post"}],"author":[{"embeddable":true,"href":"https:\/\/www.nollendorfblog.de\/index.php?rest_route=\/wp\/v2\/users\/1"}],"replies":[{"embeddable":true,"href":"https:\/\/www.nollendorfblog.de\/index.php?rest_route=%2Fwp%2Fv2%2Fcomments&post=7499"}],"version-history":[{"count":34,"href":"https:\/\/www.nollendorfblog.de\/index.php?rest_route=\/wp\/v2\/posts\/7499\/revisions"}],"predecessor-version":[{"id":7534,"href":"https:\/\/www.nollendorfblog.de\/index.php?rest_route=\/wp\/v2\/posts\/7499\/revisions\/7534"}],"wp:featuredmedia":[{"embeddable":true,"href":"https:\/\/www.nollendorfblog.de\/index.php?rest_route=\/wp\/v2\/media\/7500"}],"wp:attachment":[{"href":"https:\/\/www.nollendorfblog.de\/index.php?rest_route=%2Fwp%2Fv2%2Fmedia&parent=7499"}],"wp:term":[{"taxonomy":"category","embeddable":true,"href":"https:\/\/www.nollendorfblog.de\/index.php?rest_route=%2Fwp%2Fv2%2Fcategories&post=7499"},{"taxonomy":"post_tag","embeddable":true,"href":"https:\/\/www.nollendorfblog.de\/index.php?rest_route=%2Fwp%2Fv2%2Ftags&post=7499"}],"curies":[{"name":"wp","href":"https:\/\/api.w.org\/{rel}","templated":true}]}}