{"id":7535,"date":"2017-05-30T16:04:42","date_gmt":"2017-05-30T14:04:42","guid":{"rendered":"http:\/\/www.nollendorfblog.de\/?p=7535"},"modified":"2019-03-17T16:44:34","modified_gmt":"2019-03-17T14:44:34","slug":"verzweifelt-gesucht-sahra-wagenknecht","status":"publish","type":"post","link":"https:\/\/www.nollendorfblog.de\/?p=7535","title":{"rendered":"Verzweifelt gesucht: Sahra Wagenknecht"},"content":{"rendered":"<p>Im Grundgesetz steht nicht viel \u00fcber die Aufgabe von Parteien. Vor allem steht dort, dass sie &#8222;bei der politischen Willensbildung des Volkes&#8220; mitwirken. In einem Bundestagswahlkampf verdichtet sich politische Willensbildung auf geradezu dramatische Weise:<\/p>\n<p>Die Parteien k\u00e4mpfen hier nicht nur um ihre Macht, sondern auch im die Wichtung und Deutung von Themen. Ob und wie politische Inhalte in konkretes Regierungshandeln umgesetzt werden, ist nicht nur Ergebnis von Mehrheiten, sondern auch, welche Bedeutung diese Inhalte in einem Wahlkampf erzielen. Es gibt nicht nur Gewinner- und Verliererparteien. Es gibt auch Gewinner- und Verliererthemen. Eines der gro\u00dfen Verliererthemen im letzten Bundestagswahlkampf war die &#8222;Ehe f\u00fcr alle&#8220;. Nicht weil eine Mehrheit der W\u00e4hler diese nicht wollte. Sondern weil sie f\u00fcr die, die sie nicht wollten, zu einem Symbol wurde. Vor allem Dank der politischen Willensbildungsarbeit der Union.<\/p>\n<p>Ohne diese Symbolfunktion, da bin ich mir sicher, w\u00e4re eine &#8222;Ehe f\u00fcr alle&#8220; auch in der aktuellen Regierungskonstellation m\u00f6glich gewesen w\u00e4re. Wem ein bestimmtes Anliegen wichtig ist, darf also nicht nur gegen die Parteien streiten, die sich gegen dieses Thema stelleb. Er muss auch f\u00fcr das Thema selbst streiten. Zuallererst in der eigenen Klientel.<\/p>\n<p>Nicht nur, ob, sondern auch wie die &#8222;Ehe f\u00fcr alle&#8220; (also als &#8222;bittere Pille&#8220; oder historischer Schritt) in der n\u00e4chsten Legislaturperiode m\u00f6glich ist, ist deshalb auch davon abh\u00e4ngig, wie auch die Parteien f\u00fcr sie gek\u00e4mpft haben werden, die nicht in einer Regierung dar\u00fcber zu entscheiden haben.<\/p>\n<p>Die Verantwortung der Partei &#8222;Die Linke&#8220; f\u00fcr die rechtliche Gleichstellung (f\u00fcr die sie sich seit Jahren einsetzt) besteht also nicht nur darin, diese als Teil einer m\u00f6glichen Regierungsbeteiligung umzusetzen. Gerade weil auch sie eine W\u00e4hlerschicht anspricht, die sich mit Abstiegs\u00e4ngsten konfrontiert sieht, kommt ihr eine entscheidende Funktion dabei zu, m\u00f6gliche Ressentiments nicht zu verst\u00e4rken, sondern diesen entgegenzutreten.<\/p>\n<p>Viele bei den Linken tun das mit gro\u00dfem Engagement.<\/p>\n<p>Bei der Spitzenkandidatin Sahra Wagenknecht, dem &#8222;Star&#8220; der Linken, bin ich mir da nicht so sicher.<\/p>\n<p>Nat\u00fcrlich tr\u00e4gt sie die Parteilinie f\u00fcr die Gleichstellung mit, nat\u00fcrlich tritt auch sie f\u00fcr die &#8222;Ehe f\u00fcr alle&#8220; ein. Aber vor allem dann, wenn sie danach gefragt wird.<\/p>\n<p>Aber macht sie es auch zu &#8222;ihrem&#8220; Thema? Nutzt \/ wie nutzt sie ihre enorme Popularit\u00e4t, die sie in einer bestimmten Kientel hat, um f\u00fcr das Linken-Ziel &#8222;Homo-Ehe&#8220; zu erreichen? Versucht sie, gegen homophobe Stimmungen anzugehen, oder fasst sie diese nicht weiter an, weil ihr andere Themen wichtiger sind? Ist f\u00fcr sie die rechtliche Gleichtsellung &#8211; so wie etwa bei vielen Linken in Europa und Amerika &#8211; ein entscheidender gesellschaftlichtspolitischer Emanzipationsschritt oder doch eher ein Luxusthema, eines, das zwar endlich mal erledigt werden sollte, aber eigentlich doch kein so gro\u00dfes Problem darstellt?<\/p>\n<p>All dies w\u00fcrde ich gerne wissen. Gerade weil sie in der &#8222;Fl\u00fcchlingsfrage&#8220; nicht so wirkte, als ginge es ihr um gr\u00f6\u00dftm\u00f6glichen Abstand zum Vokabular und Argumentationsstil der Rechtspopulisten, gerade weil sie durch ihre Auftritte in Medien&nbsp; wie RT Deutschland nicht den Eindruck erweckt,&nbsp; als w\u00fcrde sie diese als Teil der russischen &#8211; auch eindeutig homophoben &#8211; Staatspropaganda betrachten, gerade weil auch sie&nbsp; um putinfreundliche W\u00e4hlerschichten konkurriert.<\/p>\n<p>Doch warum ist es so schwer, dazu etwas zu finden?<\/p>\n<p>Eine Grundsatzrede? Ein wirklich engagiertes Streitgespr\u00e4ch? Eindeutiges zu Russland, zu Tschetschenien?<\/p>\n<p>Ich habe (erstmalig am 13. April) insgesamt dreimal schriftlich und zweimal telefonisch die Pressestelle der Linksfraktion im Bundestag gebeten, mir bei meinen Fragen zu helfen. Ich habe keine Antwort erhalten. Auch nicht auf die Frage, ob ich auf eine Antwort hoffen darf.<\/p>\n<p>Ich m\u00f6chte Sahra Wagenknecht nicht unrecht tun. Es ist nicht ihre Fraktion, die im Bundestag das Eheverbot aufrecht erh\u00e4lt. Aber die &#8222;Ehe f\u00fcr alle&#8220; ist bereits im letzten Bundestagswahlkampf unter die R\u00e4der gefallen und wir sollten nicht wollen, dass das wieder passiert. Ich bin der Meinung, dass es die Pflicht aller ist, die daf\u00fcr sind, auch ein Risiko daf\u00fcr einzugehen. Was sollen wir von einem SPD-Kanzerlandidaten erwarten, was wir von der Spitzenkandidatin der Linken nicht erwarten?<\/p>\n<p>Ich m\u00f6chte Sahra Wagenknecht nicht unrecht tun. Aber ich w\u00fcsste schon gerne, woran ich bin.<\/p>\n<p>Vielleicht kann ja jemand&nbsp; das beantworten, was die Pressestelle von Wagenknechts Linksfraktion mir nicht sagen will.<\/p>\n<p>Hier meine Fragen:<\/p>\n<div>\n<div>\n<div>\n<div>\n<blockquote>\n<div>\n<p>Sehr geehrte Damen und Herren,<\/p>\n<\/div>\n<p>die Fraktion DIE LINKE tritt f\u00fcr die \u00d6ffnung der Ehe ein und engagiert sich gegen Homophobie.<\/p><\/blockquote>\n<\/div>\n<blockquote><p>Ich w\u00fcrde gerne die Rolle beleuchten, die die Fraktionsvorsitzende Sarah <span class=\"il\">Wagenknecht<\/span> dabei spielt.<\/p><\/blockquote>\n<\/div>\n<blockquote><p>K\u00f6nnen Sie mir wichtige Grundsatzreden zur Verf\u00fcgung stellen, in denen Frau <span class=\"il\">Wagenknecht<\/span> als Fraktionsvorsitzende die Notwendigkeit der Ehe\u00f6ffnung begr\u00fcndet beziehungsweise sich daf\u00fcr einsetzt?<\/p><\/blockquote>\n<\/div>\n<blockquote><p>K\u00f6nnen Sie mir \u00f6ffentliche \u00c4u\u00dferungen zur Verf\u00fcgung stellen, in denen sie gegen\u00fcber der russischen Regierung die Beendigung der dortigen Verfolgung Homosexueller fordert?<\/p><\/blockquote>\n<\/div>\n<blockquote><p>Ist Ihnen bekannt, ob Frau <span class=\"il\">Wagenknecht<\/span> Treffen mit russischen Regierungsvertretern dazu genutzt hat, ein Ende der russischen Diskriminierungspolitik Homosexueller einzufordern?<\/p><\/blockquote>\n<div>\n<div>\n<div>\n<div>\n<div>\n<div>\n<div>\n<div class=\"gmail_quote\">\n<div dir=\"ltr\">\n<p>Mit freundlichen Gr\u00fc\u00dfen,<\/p>\n<p>Johannes Kram<\/p>\n<p>Nollendorfblog.de \u2666<\/p>\n<p>&#8212;<\/p>\n<p><em>Vorschaufoto: fotolia.com<\/em><\/p>\n<p>&#8212;<\/p>\n<p><em><span style=\"color: #000000;\">Weitere Beitr\u00e4ge hier im Blog \u00fcber die Bedeutung von Homophobie im letzten Bundestagswahlkampf:<\/span><\/em><\/p>\n<div id=\"main\">\n<section id=\"primary\">\n<div id=\"content\">\n<article id=\"post-4545\">\n<header><em><span style=\"text-decoration: underline; color: #000000;\"><a style=\"color: #000000; text-decoration: underline;\" title=\"Permanentlink zu Die schmutzige Geschichte des Anti-Gleichstellungskampfes der CSU\" href=\"https:\/\/www.nollendorfblog.de\/?p=4545\" rel=\"bookmark\">Die schmutzige Geschichte des Anti-Gleichstellungskampfes der CSU<\/a><\/span><\/em><\/header>\n<header>\n<div id=\"main\">\n<section id=\"primary\">\n<div id=\"content\">\n<article id=\"post-2519\">\n<header><em><span style=\"text-decoration: underline; color: #000000;\"><a style=\"color: #000000; text-decoration: underline;\" title=\"Permanentlink zu \u201eKonstruierte Provokation\u201c: Die WELT erkl\u00e4rt die Bedeutung der Diffamierung von Homosexuellen f\u00fcr den CSU-Wahlkampf\" href=\"https:\/\/www.nollendorfblog.de\/?p=2519\" rel=\"bookmark\">\u201eKonstruierte Provokation\u201c: Die WELT erkl\u00e4rt die Bedeutung der Diffamierung von Homosexuellen f\u00fcr den CSU-Wahlkampf<\/a><\/span><\/em><\/header>\n<header><\/header>\n<header>&#8211;Diesen Beitrag bei Facebook liken \/ teilen:<\/header>\n<\/article>\n<\/div>\n<\/section>\n<\/div>\n<\/header>\n<\/article>\n<\/div>\n<\/section>\n<\/div>\n<\/div>\n<\/div>\n<\/div>\n<\/div>\n<\/div>\n<\/div>\n<\/div>\n<\/div>\n<\/div>\n","protected":false},"excerpt":{"rendered":"<p>Ich m\u00f6chte Sahra Wagenknecht nicht unrecht tun. Aber ich w\u00fcsste schon gerne, woran ich bin. Drei Fragen an DIE LINKE.<\/p>\n<p>Foto: Fotolia.com<\/p>\n","protected":false},"author":1,"featured_media":7536,"comment_status":"open","ping_status":"open","sticky":false,"template":"","format":"standard","meta":{"footnotes":""},"categories":[163,120,173,1],"tags":[174],"class_list":["post-7535","post","type-post","status-publish","format-standard","has-post-thumbnail","hentry","category-163","category-bundestagswahl-2017","category-das-wichigste-aus-zehn-jahren","category-politik","tag-sahra-wagenknecht"],"_links":{"self":[{"href":"https:\/\/www.nollendorfblog.de\/index.php?rest_route=\/wp\/v2\/posts\/7535","targetHints":{"allow":["GET"]}}],"collection":[{"href":"https:\/\/www.nollendorfblog.de\/index.php?rest_route=\/wp\/v2\/posts"}],"about":[{"href":"https:\/\/www.nollendorfblog.de\/index.php?rest_route=\/wp\/v2\/types\/post"}],"author":[{"embeddable":true,"href":"https:\/\/www.nollendorfblog.de\/index.php?rest_route=\/wp\/v2\/users\/1"}],"replies":[{"embeddable":true,"href":"https:\/\/www.nollendorfblog.de\/index.php?rest_route=%2Fwp%2Fv2%2Fcomments&post=7535"}],"version-history":[{"count":13,"href":"https:\/\/www.nollendorfblog.de\/index.php?rest_route=\/wp\/v2\/posts\/7535\/revisions"}],"predecessor-version":[{"id":10398,"href":"https:\/\/www.nollendorfblog.de\/index.php?rest_route=\/wp\/v2\/posts\/7535\/revisions\/10398"}],"wp:featuredmedia":[{"embeddable":true,"href":"https:\/\/www.nollendorfblog.de\/index.php?rest_route=\/wp\/v2\/media\/7536"}],"wp:attachment":[{"href":"https:\/\/www.nollendorfblog.de\/index.php?rest_route=%2Fwp%2Fv2%2Fmedia&parent=7535"}],"wp:term":[{"taxonomy":"category","embeddable":true,"href":"https:\/\/www.nollendorfblog.de\/index.php?rest_route=%2Fwp%2Fv2%2Fcategories&post=7535"},{"taxonomy":"post_tag","embeddable":true,"href":"https:\/\/www.nollendorfblog.de\/index.php?rest_route=%2Fwp%2Fv2%2Ftags&post=7535"}],"curies":[{"name":"wp","href":"https:\/\/api.w.org\/{rel}","templated":true}]}}