{"id":7551,"date":"2017-06-12T10:00:15","date_gmt":"2017-06-12T08:00:15","guid":{"rendered":"http:\/\/www.nollendorfblog.de\/?p=7551"},"modified":"2019-03-17T16:44:03","modified_gmt":"2019-03-17T14:44:03","slug":"ehe-fuer-alle-sahra-wagenknecht-antwortet-auf-nollendorfblog","status":"publish","type":"post","link":"https:\/\/www.nollendorfblog.de\/?p=7551","title":{"rendered":"&#8222;Ehe f\u00fcr alle&#8220;: Sahra Wagenknecht antwortet auf Nollendorfblog"},"content":{"rendered":"<p class=\"m_2687034076352195109MsoPlainText\">Sahra Wagenknecht hat sich bei mir gemeldet. Nachdem die Pressestelle ihrer Fraktion meine Fragen zu Ihrem Engagement zur &#8222;Ehe f\u00fcr alle&#8220; nicht beantworten konnte oder wollte, und ich dies in <a href=\"https:\/\/www.nollendorfblog.de\/?p=7535\">diesem Blog<\/a> dokumentiert habe, habe ich nun folgende Mail von ihr bekommen:<\/p>\n<blockquote>\n<p class=\"m_2687034076352195109MsoPlainText\">Sehr geehrter Herr Kram,<\/p>\n<p class=\"m_2687034076352195109MsoPlainText\">bitte entschuldigen Sie die sp\u00e4te R\u00fcckmeldung auf Ihre Frage. Da ich viel Post bekomme, kommt es vor, dass etwas \u00fcber Geb\u00fchr liegen bleibt.<\/p>\n<p class=\"m_2687034076352195109MsoPlainText\">Mit einer Grundsatzrede zum Thema \u201eEhe f\u00fcr alle\u201c kann ich Ihnen leider nicht dienen. Sowohl innerhalb der Fraktion als auch im Fraktionsvorstand gibt es eine thematische Arbeitsteilung und das halte ich auch f\u00fcr sinnvoll. Anders lie\u00dfe sich die Arbeit gar nicht bew\u00e4ltigen.<\/p>\n<p class=\"m_2687034076352195109MsoPlainText\">Aus der notwendigen Schwerpunktsetzung und Arbeitsteilung kann man aber nicht schlie\u00dfen, dass mir Fragen der Gleichstellung (oder Fragen der Kommunalpolitik, der Innenpolitik allgemein u.a.) nicht wichtig w\u00e4ren. Selbstverst\u00e4ndlich trete ich daf\u00fcr ein, dass allen Menschen die gleichen Rechte gew\u00e4hrt werden \u2013 unabh\u00e4ngig von ihrem Geschlecht, ihrer Herkunft, ihrem Alter oder ihrer sexuellen Orientierung! Die Diskriminierung von homosexuellen oder queeren Menschen ist mit dem Gleichheitsgrundsatz des Grundgesetzes nicht vereinbar, daher k\u00e4mpfen wir f\u00fcr die \u00d6ffnung der Ehe und engagieren uns gegen Diskriminierung und Homophobie \u2013 zuletzt auf einem Empfang, der vor wenigen Tagen in Berlin stattfand:<\/p>\n<p class=\"m_2687034076352195109MsoPlainText\"><a href=\"https:\/\/www.linksfraktion.de\/themen\/nachrichten\/detail\/8-queerempfang-emanzipatorische-kraefte-staerken\/\" target=\"_blank\" data-saferedirecturl=\"https:\/\/www.google.com\/url?hl=de&amp;q=https:\/\/www.linksfraktion.de\/themen\/nachrichten\/detail\/8-queerempfang-emanzipatorische-kraefte-staerken\/&amp;source=gmail&amp;ust=1497337414664000&amp;usg=AFQjCNFGspDP60K-JGeMq-brzKoHLlngnA\" rel=\"noopener noreferrer\">https:\/\/www.linksfraktion.de\/themen\/nachrichten\/detail\/8-queerempfang-emanzipatorische-kraefte-staerken\/<\/a><\/p>\n<p class=\"m_2687034076352195109MsoPlainText\">Mit freundlichen Gr\u00fc\u00dfen,<\/p>\n<p class=\"m_2687034076352195109MsoPlainText\">Sahra <span class=\"il\">Wagenknecht<\/span><\/p>\n<p class=\"m_2687034076352195109MsoPlainText\">(7.6.2017)<\/p>\n<\/blockquote>\n<p class=\"m_2687034076352195109MsoPlainText\">Nur zur Erinnerung: In meiner Anfrage wollte ich nat\u00fcrlich nicht wissen, ob sie f\u00fcr die &#8222;Ehe f\u00fcr alle&#8220; ist, nat\u00fcrlich teilt sie die Position ihrer Partei und das habe ich ja auch genau so geschrieben. Was ich wissen wollte: Wie engagiert sie sich pers\u00f6nlich daf\u00fcr? Die Frage war nicht, ob sie Grundsatzreden zur &#8222;Ehe f\u00fcr alle&#8220; h\u00e4lt, sondern ob es Grundsatzreden gibt, in denen die &#8222;Ehe f\u00fcr alle&#8220; auftaucht. Man findet im Internet nichts dazu. Aber es h\u00e4tte ja sein k\u00f6nnen, dass ich etwas \u00fcbersehen habe oder etwas einfach ganz einfach online nicht dokumentiert ist.<\/p>\n<p class=\"m_2687034076352195109MsoPlainText\">H\u00e4tte, h\u00e4tte.&nbsp; Wahr ist, das darf man nach dieser Mail wohl nun wohl sagen:<\/p>\n<p class=\"m_2687034076352195109MsoPlainText\">Sarah Wagenknecht und die &#8222;Ehe f\u00fcr alle&#8220;: Weniger geht nicht.<\/p>\n<p class=\"m_2687034076352195109MsoPlainText\">&#8212;<\/p>\n<p class=\"m_2687034076352195109MsoPlainText\">Hier lesen Sie meine Fragen und das, was die Spitzenkandidatin der Linken noch nicht beantworten konnte oder wollte:<\/p>\n<p class=\"m_2687034076352195109MsoPlainText\"><span style=\"text-decoration: underline;\"><span style=\"color: #000000;\"><a style=\"color: #000000; text-decoration: underline;\" title=\"Permanentlink zu Verzweifelt gesucht: Sahra Wagenknecht\" href=\"https:\/\/www.nollendorfblog.de\/?p=7535\" rel=\"bookmark\">Verzweifelt gesucht: Sahra Wagenknecht<\/a><\/span><\/span><\/p>\n<header id=\"masthead\" class=\"site-header\"><\/header>\n<div id=\"main\">\n<section id=\"primary\">\n<div id=\"content\">\n<article id=\"post-7535\">\n<header>&#8212;<\/header>\n<header>Vorschaubild: Screenshot \/ tagesschau.de<\/header>\n<header><\/header>\n<header>&#8211;Diesen Beitrag bei Facebook liken \/ sharen<\/header>\n<\/article>\n<\/div>\n<\/section>\n<\/div>\n<p class=\"m_2687034076352195109MsoPlainText\">\n","protected":false},"excerpt":{"rendered":"<p>Sahra Wagenknecht hat sich bei mir gemeldet. Nachdem die Pressestelle ihrer Fraktion meine Fragen zu Ihrem Engagement zur &#8222;Ehe f\u00fcr alle&#8220; nicht beantworten konnte oder wollte, und ich dies in diesem Blog dokumentiert habe, habe ich nun Post von ihr bekommen. <\/p>\n","protected":false},"author":1,"featured_media":7552,"comment_status":"open","ping_status":"open","sticky":false,"template":"","format":"standard","meta":{"footnotes":""},"categories":[163,120,119,1],"tags":[174],"class_list":["post-7551","post","type-post","status-publish","format-standard","has-post-thumbnail","hentry","category-163","category-bundestagswahl-2017","category-ehe-fuer-alle","category-politik","tag-sahra-wagenknecht"],"_links":{"self":[{"href":"https:\/\/www.nollendorfblog.de\/index.php?rest_route=\/wp\/v2\/posts\/7551","targetHints":{"allow":["GET"]}}],"collection":[{"href":"https:\/\/www.nollendorfblog.de\/index.php?rest_route=\/wp\/v2\/posts"}],"about":[{"href":"https:\/\/www.nollendorfblog.de\/index.php?rest_route=\/wp\/v2\/types\/post"}],"author":[{"embeddable":true,"href":"https:\/\/www.nollendorfblog.de\/index.php?rest_route=\/wp\/v2\/users\/1"}],"replies":[{"embeddable":true,"href":"https:\/\/www.nollendorfblog.de\/index.php?rest_route=%2Fwp%2Fv2%2Fcomments&post=7551"}],"version-history":[{"count":11,"href":"https:\/\/www.nollendorfblog.de\/index.php?rest_route=\/wp\/v2\/posts\/7551\/revisions"}],"predecessor-version":[{"id":10397,"href":"https:\/\/www.nollendorfblog.de\/index.php?rest_route=\/wp\/v2\/posts\/7551\/revisions\/10397"}],"wp:featuredmedia":[{"embeddable":true,"href":"https:\/\/www.nollendorfblog.de\/index.php?rest_route=\/wp\/v2\/media\/7552"}],"wp:attachment":[{"href":"https:\/\/www.nollendorfblog.de\/index.php?rest_route=%2Fwp%2Fv2%2Fmedia&parent=7551"}],"wp:term":[{"taxonomy":"category","embeddable":true,"href":"https:\/\/www.nollendorfblog.de\/index.php?rest_route=%2Fwp%2Fv2%2Fcategories&post=7551"},{"taxonomy":"post_tag","embeddable":true,"href":"https:\/\/www.nollendorfblog.de\/index.php?rest_route=%2Fwp%2Fv2%2Ftags&post=7551"}],"curies":[{"name":"wp","href":"https:\/\/api.w.org\/{rel}","templated":true}]}}