{"id":7607,"date":"2017-06-17T08:56:43","date_gmt":"2017-06-17T06:56:43","guid":{"rendered":"http:\/\/www.nollendorfblog.de\/?p=7607"},"modified":"2019-03-02T11:57:57","modified_gmt":"2019-03-02T09:57:57","slug":"de-regenbogen-braucht-keine-neuen-farben","status":"publish","type":"post","link":"https:\/\/www.nollendorfblog.de\/?p=7607","title":{"rendered":"Der Regenbogen braucht keine neuen Farben!"},"content":{"rendered":"<p>Ja, es ist wichtig \u00fcber Rassismus zu reden, Rassismus gegen Mitglieder der Community, Rassismus, der von der Community ausgeht. Deswegen ist es immer gut, wenn es eine Debatte dar\u00fcber gibt, und wenn ein Grund einer solchen Debatte der ist, dass wir jetzt \u00fcber die Farben der Regenbogenflagge diskutieren, dann ist das gut. Dann ist es auch gut, dass es diese Flagge gibt:<\/p>\n<p><img loading=\"lazy\" decoding=\"async\" class=\"alignleft wp-image-7616 size-medium\" src=\"https:\/\/www.nollendorfblog.de\/wp-content\/uploads\/2017\/06\/Regenbogenfahne-Philadelphia-300x225.jpg\" alt=\"Regenbogenfahne Philadelphia\" width=\"300\" height=\"225\" srcset=\"https:\/\/www.nollendorfblog.de\/wp-content\/uploads\/2017\/06\/Regenbogenfahne-Philadelphia-300x225.jpg 300w, https:\/\/www.nollendorfblog.de\/wp-content\/uploads\/2017\/06\/Regenbogenfahne-Philadelphia.jpg 719w\" sizes=\"auto, (max-width: 300px) 100vw, 300px\" \/>Die Organisatoren des Pride in Philadelphia haben eine Fahne pr\u00e4sentiert, die zus\u00e4tzlich zu den bekannten sechs Farben auch noch Schwarz und Braun enth\u00e4lt, um People of Color und deren Situation hervorzuheben.<\/p>\n<p>Wie gesagt: Ich finde das eine gute Aktion. Trotzdem bin ich dagegen, die jetzige Regenbogenflagge zu \u00e4ndern. W\u00fcrden wir das tun, dann w\u00fcrden wir einzelnen Farben einzene Teile der Community zuordnen. Die St\u00e4rke der Regenbogenfahne ist aber &#8211; und das kann man an dieser Stelle ruhig auch mal etwas pathetisch sagen &#8211; auch die St\u00e4rke des Regenbogens: Jeder von uns ist jede Farbe, kann jede Farbe sein. Vielfalt ist nicht das nebeneinander Getrennte, sondern das Aufheben dieser Trennungen. Und gerade weil das &#8211; wie etwa beim Thema Rassismus &#8211; Vision und eben keine Realit\u00e4t ist, m\u00fcssen wir der Vision mehr Kraft geben, also das Prinzip &#8222;bunt&#8220; verteidigen und nicht das Prinzip, dass jeder eine Farbe ist.<\/p>\n<p>Die Regenbogenfahne kann das, sie ist daf\u00fcr das genau passende Symbol: Selbsterkl\u00e4rend. Inklusiv. Sie ist das Gegenteil von der Begrifflichkeit, oder den Begrifflichkeiten die sich um LGTBI* ergeben haben. Hier geht es darum, jede Perspektive mit einem Buchstaben zu versehen. Auch das hat seine Berechtigung, erscheint sogar oft notwendig, da es darum geht, Sichtbarkeiten herzustellen, zu definieren. Doch weil Begriffe immer nur Ann\u00e4herungen sein k\u00f6nnen (und die Anneinanderreihungen von Begriffen durch ihre Anfangsbuchstaben erst recht) ist dieses Konstrukt immer ein unfertiges, sperriges, etwas, das man dauernd justieren und erkl\u00e4ren muss. Und wahrscheinlich ist das auch gut so.<\/p>\n<p>Aber den Regenbogen braucht man nicht zu erkl\u00e4ren. Deswegen gibt es ihn, deswegen hat er &#8222;\u00fcberlebt&#8220;, deswegen k\u00f6nnen wir uns alle auf ihn verst\u00e4ndigen.<\/p>\n<p>Wenn das f\u00fcr People of Colour nicht gilt, dann hat die Community ein Problem &#8211; und nicht der Regenbogen. Dann muss sie sich ver\u00e4ndern, wirklich vielf\u00e4ltiger, wirklich bunter werden. Die neuen Farben machen nicht mehr bunt. Sie tun nur so. \u2666<\/p>\n<p>&#8212;<\/p>\n<p><em>Diesen Beitrag auf Facebook liken \/ sharen:<\/em><\/p>\n","protected":false},"excerpt":{"rendered":"<p>Wenn die Symbolkraft des Regenbogens f\u00fcr People of Colour nicht gilt, dann hat die Community ein Problem &#8211; und nicht der Regenbogen. Dann muss sie sich ver\u00e4ndern, wirklich vielf\u00e4ltiger, wirklich bunter werden. Die neuen Farben machen nicht mehr bunt. Sie tun nur so.<\/p>\n","protected":false},"author":1,"featured_media":7616,"comment_status":"open","ping_status":"open","sticky":false,"template":"","format":"standard","meta":{"footnotes":""},"categories":[163,55,1],"tags":[],"class_list":["post-7607","post","type-post","status-publish","format-standard","has-post-thumbnail","hentry","category-163","category-community","category-politik"],"_links":{"self":[{"href":"https:\/\/www.nollendorfblog.de\/index.php?rest_route=\/wp\/v2\/posts\/7607","targetHints":{"allow":["GET"]}}],"collection":[{"href":"https:\/\/www.nollendorfblog.de\/index.php?rest_route=\/wp\/v2\/posts"}],"about":[{"href":"https:\/\/www.nollendorfblog.de\/index.php?rest_route=\/wp\/v2\/types\/post"}],"author":[{"embeddable":true,"href":"https:\/\/www.nollendorfblog.de\/index.php?rest_route=\/wp\/v2\/users\/1"}],"replies":[{"embeddable":true,"href":"https:\/\/www.nollendorfblog.de\/index.php?rest_route=%2Fwp%2Fv2%2Fcomments&post=7607"}],"version-history":[{"count":15,"href":"https:\/\/www.nollendorfblog.de\/index.php?rest_route=\/wp\/v2\/posts\/7607\/revisions"}],"predecessor-version":[{"id":7623,"href":"https:\/\/www.nollendorfblog.de\/index.php?rest_route=\/wp\/v2\/posts\/7607\/revisions\/7623"}],"wp:featuredmedia":[{"embeddable":true,"href":"https:\/\/www.nollendorfblog.de\/index.php?rest_route=\/wp\/v2\/media\/7616"}],"wp:attachment":[{"href":"https:\/\/www.nollendorfblog.de\/index.php?rest_route=%2Fwp%2Fv2%2Fmedia&parent=7607"}],"wp:term":[{"taxonomy":"category","embeddable":true,"href":"https:\/\/www.nollendorfblog.de\/index.php?rest_route=%2Fwp%2Fv2%2Fcategories&post=7607"},{"taxonomy":"post_tag","embeddable":true,"href":"https:\/\/www.nollendorfblog.de\/index.php?rest_route=%2Fwp%2Fv2%2Ftags&post=7607"}],"curies":[{"name":"wp","href":"https:\/\/api.w.org\/{rel}","templated":true}]}}