{"id":7778,"date":"2017-07-18T12:51:25","date_gmt":"2017-07-18T10:51:25","guid":{"rendered":"http:\/\/www.nollendorfblog.de\/?p=7778"},"modified":"2019-03-02T11:57:56","modified_gmt":"2019-03-02T09:57:56","slug":"nach-menschenverachtendem-facebook-post-spd-berlin-distanziert-sich-von-nina-queer","status":"publish","type":"post","link":"https:\/\/www.nollendorfblog.de\/?p=7778","title":{"rendered":"Nach &#8222;menschenverachtendem&#8220; Facebook-Post: SPD Berlin distanziert sich von Toleranzbotschafterin  Nina Queer"},"content":{"rendered":"<p>Die SPD Berlin distanziert sich von ihrer Toleranzbotschafterin Nina Queer.<\/p>\n<p><img loading=\"lazy\" decoding=\"async\" class=\"alignleft wp-image-7787 size-tiga-140px\" src=\"https:\/\/www.nollendorfblog.de\/wp-content\/uploads\/2017\/07\/Nina-queer-facebook-140x140.jpg\" alt=\"\" width=\"140\" height=\"140\" srcset=\"https:\/\/www.nollendorfblog.de\/wp-content\/uploads\/2017\/07\/Nina-queer-facebook-140x140.jpg 140w, https:\/\/www.nollendorfblog.de\/wp-content\/uploads\/2017\/07\/Nina-queer-facebook-150x150.jpg 150w\" sizes=\"auto, (max-width: 140px) 100vw, 140px\" \/>Queer, die auch Kolumnistin von &#8222;Queer BILD&#8220; ist,\u00a0 hatte gestern auf Facebook eine Meldung \u00fcber homophobe \u00dcbergriffe gepostet und kommentiert:<\/p>\n<blockquote><p>&#8222;Es ist doch zum Kotzen! SOFORT ABSCHIEBEN! Ob in Deutschland geboren oder nicht. Wer Stress haben will, f\u00fcr den l\u00e4sst sich doch bestimmt ein tolles Kriegsgebiet finden&#8230;..&#8220;<\/p><\/blockquote>\n<p>Bereits vor einem Jahr gab es <a href=\"http:\/\/www.blu.fm\/blu\/szene\/berlinwahl2016-nina-queer-junge-union-rassismus-vorwurf\/\">Rassismus-Vorw\u00fcrfe gegen Nina Queer<\/a>. Damals hatte der SPD Landesgesch\u00e4ftsf\u00fchrer Dennis Buchner die Botschafterin noch verteidigt:<\/p>\n<blockquote><p>\u201eDie SPD Berlin hat mit Nina Queer weiterhin eine sehr gute Botschafterin fu\u0308r mehr Toleranz in unserer Stadt. (&#8230;) . Wir stehen hinter Nina Queer. Fu\u0308r ein weltoffenes, vielfa\u0308ltiges und nicht nur queeres Berlin.\u201c<\/p><\/blockquote>\n<p>Angesichts der neuen \u00c4u\u00dferungen habe ich bei der SPD Berlin nachgefragt, ob sie noch zu dieser Aussage steht.<\/p>\n<p>Die Pressestelle hat mir eben mitgeteilt:<\/p>\n<blockquote><p>bezugnehmend auf Ihre Anfrage zu Nina Queer m\u00f6chte ich Ihnen gerne ein Statement von Markus Pauzenberger zukommen lassen:<\/p>\n<p>\u201e\u00c4u\u00dferungen wie diese sind v\u00f6llig inakzeptabel. Wir distanzieren uns nachdr\u00fccklich von diesen menschenverachtenden Kommentaren.\u201c<\/p><\/blockquote>\n<p>\u2666<\/p>\n<p>&#8212;<\/p>\n<p><b>Update im Blog:<\/b><\/p>\n<p><a href=\"https:\/\/www.nollendorfblog.de\/?p=7789\">Reaktionen \/ Nina Queer und sie Szene: Rassisten sind nicht immer nur die anderen<\/a><\/p>\n<p><a href=\"https:\/\/www.nollendorfblog.de\/?p=7807\">Nina Queer beschuldigt Nollendorfblog<\/a><\/p>\n<p>&#8212;<\/p>\n<p><strong>Update (Tagesspiegel), 20.07.2017:<\/strong><\/p>\n<p>&#8222;F\u00fcr den Blogger Johannes Kram ist der Fall damit noch lange nicht beendet. Kram hatte auf seinem &#8222;Nollendorfblog&#8220; &#8211; der im vergangenen Jahr f\u00fcr den Grimme-Online-Award nominiert war &#8211;\u00a0bereits fr\u00fch auf den Post von Nina Queer aufmerksam gemacht &#8211; und auch darauf hingewiesen, dass es bereits im vergangen Jahr Rassismus-Vorw\u00fcrfe gegen die Drag Queen gab. &#8222;Der Fall Nina Queer zeigt, wie schwer es in der Szene ist, \u00fcber Rassismus in den eigenen Reihen zu sprechen&#8220;, sagt Kram.<\/p>\n<p>Nina Queer habe sich lange nicht vom rassistischen Kern ihrer Aussage distanziert und zun\u00e4chst von Missverst\u00e4ndnissen reden wollen. &#8222;Jetzt bekommt sie scharenweise Lob f\u00fcr die S\u00e4tze, f\u00fcr die sie sich ja angeblich so sch\u00e4mt, ohne dem zu widersprechen&#8220;, kritisiert Kram. Tats\u00e4chlich finden sich auf ihrem Facebook-Profil noch immer unwidersprochen Dutzende Eintr\u00e4ge, die ihren urspr\u00fcnglichen Post unterst\u00fctzen.&#8220;<\/p>\n<p><a href=\"http:\/\/www.tagesspiegel.de\/berlin\/queerspiegel\/spd-aushaengeschild-rassismus-debatte-um-dragqueen-nina-queer\/20082430.html\">Zum Artikel.<\/a><\/p>\n<p>..<\/p>\n<p><em>Vorgeschichte zu Nina Queer und Rassismus in diesem Blog:<\/em><\/p>\n<p><em><a href=\"https:\/\/www.nollendorfblog.de\/?p=6993\">Rassismus: Warum Nina Queer nicht Borat ist<\/a><\/em><\/p>\n<blockquote><p>&#8212;<\/p><\/blockquote>\n<p><em>Diesen Beitrag bei Facebook liken \/ teilen<\/em><\/p>\n","protected":false},"excerpt":{"rendered":"<p>\u201e\u00c4u\u00dferungen wie diese sind v\u00f6llig inakzeptabel. Wir distanzieren uns nachdr\u00fccklich von diesen menschenverachtenden Kommentaren.\u201c<\/p>\n","protected":false},"author":1,"featured_media":7023,"comment_status":"open","ping_status":"open","sticky":false,"template":"","format":"standard","meta":{"footnotes":""},"categories":[163,55,1,112],"tags":[],"class_list":["post-7778","post","type-post","status-publish","format-standard","has-post-thumbnail","hentry","category-163","category-community","category-politik","category-rassismus"],"_links":{"self":[{"href":"https:\/\/www.nollendorfblog.de\/index.php?rest_route=\/wp\/v2\/posts\/7778","targetHints":{"allow":["GET"]}}],"collection":[{"href":"https:\/\/www.nollendorfblog.de\/index.php?rest_route=\/wp\/v2\/posts"}],"about":[{"href":"https:\/\/www.nollendorfblog.de\/index.php?rest_route=\/wp\/v2\/types\/post"}],"author":[{"embeddable":true,"href":"https:\/\/www.nollendorfblog.de\/index.php?rest_route=\/wp\/v2\/users\/1"}],"replies":[{"embeddable":true,"href":"https:\/\/www.nollendorfblog.de\/index.php?rest_route=%2Fwp%2Fv2%2Fcomments&post=7778"}],"version-history":[{"count":14,"href":"https:\/\/www.nollendorfblog.de\/index.php?rest_route=\/wp\/v2\/posts\/7778\/revisions"}],"predecessor-version":[{"id":7859,"href":"https:\/\/www.nollendorfblog.de\/index.php?rest_route=\/wp\/v2\/posts\/7778\/revisions\/7859"}],"wp:featuredmedia":[{"embeddable":true,"href":"https:\/\/www.nollendorfblog.de\/index.php?rest_route=\/wp\/v2\/media\/7023"}],"wp:attachment":[{"href":"https:\/\/www.nollendorfblog.de\/index.php?rest_route=%2Fwp%2Fv2%2Fmedia&parent=7778"}],"wp:term":[{"taxonomy":"category","embeddable":true,"href":"https:\/\/www.nollendorfblog.de\/index.php?rest_route=%2Fwp%2Fv2%2Fcategories&post=7778"},{"taxonomy":"post_tag","embeddable":true,"href":"https:\/\/www.nollendorfblog.de\/index.php?rest_route=%2Fwp%2Fv2%2Ftags&post=7778"}],"curies":[{"name":"wp","href":"https:\/\/api.w.org\/{rel}","templated":true}]}}