{"id":7789,"date":"2017-07-18T19:20:29","date_gmt":"2017-07-18T17:20:29","guid":{"rendered":"http:\/\/www.nollendorfblog.de\/?p=7789"},"modified":"2019-03-02T11:57:56","modified_gmt":"2019-03-02T09:57:56","slug":"nina-queer-und-die-szene-rassisten-sind-nicht-immer-nur-die-anderen","status":"publish","type":"post","link":"https:\/\/www.nollendorfblog.de\/?p=7789","title":{"rendered":"Nina Queer und die Szene: Rassisten sind nicht immer nur die anderen"},"content":{"rendered":"<p>Der<a href=\"https:\/\/www.nollendorfblog.de\/?p=7778\"> Fall Nina Queer<\/a> zeigt, wie schwer sich die Szene damit tut, mit Rassismus in den eigenen Reihen umzugehen. In den Kommentaren um ihren Post aber auch in vielf\u00e4ltigen Diskussionen \u00fcber den Bericht des Nollendorfblogs sind zwar viele klare Distanzierungen zu lesen. Aber fast eben so oft werden Queers Aussagen relativiert. Es ist erstaunlich, wie viele der Meinung sind, der Post sei lediglich &#8222;\u00fcberspitzt&#8220;. Kurzer Gegencheck: W\u00e4re der Post von Beatrix von Storch, w\u00fcrde dann irgendjemand auf die Idee kommen, ihn so zu verniedlichen?<\/p>\n<p>Auch wird auff\u00e4llig oft darauf hingewiesen, dass Nina Queer eben besonders dumm sei, doch selbst wenn das stimmt (was ich nicht beurteilen kann, ich kenne sie nicht n\u00e4her) was \u00e4ndert das am rassistischen Inhalt? Muss man intelligent sein, um rassistisch zu sein? Soll man dann weniger widersprechen? W\u00fcrden wir das auch so sehen, wenn wir w\u00fcssten, dass es sich bei den Pegida-Schreiern auch um meist dumme Leute handelt?<\/p>\n<p>Wirklich erschreckend aber sind die Stimmen, die die Aussagen der &#8222;Queer Bild&#8220;-Kolumnistin mit den Taten rechtfertigen, die in dem Artikel beschrieben sind, auf denen sich der Post bezieht. Erschreckend, wie schnell davon gesprochen wird, dass man diese Taten verharmlost, sobald man darauf hinweist, dass eine solche Strafverfolgung in Deutschland nach rechtsstaatlichen Regeln zu erfolgen hat.<\/p>\n<p>Auch auf die Gefahr, dass ich hier falsch verstanden werde, aber vielleicht doch noch mal kurz zur Verh\u00e4ltnism\u00e4\u00dfigkeit: Die T\u00e4ter waren Jugendliche, sind wom\u00f6glich in Deutschand geboren, eines der beiden Opfer wurde leicht verletzt, der andere blieb unverletzt, nein, das alles entschuldigt nichts, nein, da m\u00fcssen wir entschieden mehr dr\u00fcber reden, entschieden mehr dagegen unternehmen, aber sind wir echt schon so weit, dass wir unsere zivilisatorischen Grundprinzipien \u00fcber Bord werden, wenn wir richtig (und v\u00f6llig zu recht) w\u00fctend sind? Darf man Nina Queer nicht zutrauen, dass sie ganz genau weiss, welche Kn\u00f6pfe sie da dr\u00fcckt? Dass sie auch ganz genau weiss, dass so etwas eben kein Beitrag zum Kampf gegen Homohass ist, weil man die T\u00e4ter absurderweise in Schutz nehmen muss vor Leuten wir ihr?<\/p>\n<p>Jetzt w\u00e4re ein guter Zeitpunkt \u00fcber Rassismus in der Szene zu reden, doch wie es aussieht, \u00fcberwiegen die Beschwichtigungsversuche. Auf blu.fm erschien ein <a href=\"http:\/\/www.blu.fm\/aktuell\/nina-queer-entschuldigt-sich-2017\/\">Artikel<\/a>, der das Kunstst\u00fcck vollbringt, das Zitat, um das es geht, \u00fcberhaupt nicht zu nennen, sogar zu behaupten sie h\u00e4tte lediglich die Abschiebung von Gewaltt\u00e4tern gefordert und nicht vor allem deren Verschickung in Kriegsgebiete. Fast m\u00f6chte man Mitleid haben mit Nina Queer, der ein &#8222;wom\u00f6glich un\u00fcberlegtes Posting&#8220; unterlaufen sei und jetzt einen &#8222;Shitstorm&#8220; erlebe.<\/p>\n<p>Nina Queer selbst wollte sich nicht so ganz entscheiden, wie sie ihre Aussage verstanden wisse m\u00f6chte. Einerseits sei sie &#8222;m\u00f6glicherweise&#8220; \u00fcber das &#8222;Ziel hinausgeschossen&#8220;. Anderseits m\u00f6chte sie sich entschuldigen, aber nicht daf\u00fcr, was sie gesagt hat. Sondern: \u201eIch will mich bei allen entschuldigen, die mich missverstanden haben und die ich verletzt habe.&#8220;<\/p>\n<p>Nina Queer macht so alles noch schlimmer, und deutet dann sogar an, dass die Distanzierung der SPD eine Rache an ihr sei, so als ob das Zitat nicht eine solche Distanzierung bed\u00fcrfe.<\/p>\n<p>Wir m\u00fcssen mehr \u00fcber Rassismus in der Szene reden. Nina Queer ist nicht der Grund daf\u00fcr. Aber ein sehr, sehr guter Anlass. \u2666<\/p>\n<p><span style=\"color: #000000;\"><em>&#8212;<\/em><\/span><\/p>\n<p><span style=\"color: #000000;\"><em>UPDATE: <span style=\"text-decoration: underline;\"><a href=\"https:\/\/www.nollendorfblog.de\/?p=7807\">Nina Queer beschuldigt Nollendorfblog<\/a><\/span><\/em><\/span><\/p>\n<p><span style=\"color: #000000;\"><em>&#8212;<\/em><\/span><\/p>\n<p><span style=\"color: #000000;\"><em>Diesen Beitrag bei Facebook likes \/ sharen:<\/em><\/span><\/p>\n","protected":false},"excerpt":{"rendered":"<p>Der Fall Nina Queer zeigt, wie schwer sich die Szene damit tut, mit Rassismus in den eigenen Reihen umzugehen.<\/p>\n","protected":false},"author":1,"featured_media":7791,"comment_status":"open","ping_status":"open","sticky":false,"template":"","format":"standard","meta":{"footnotes":""},"categories":[163,55],"tags":[],"class_list":["post-7789","post","type-post","status-publish","format-standard","has-post-thumbnail","hentry","category-163","category-community"],"_links":{"self":[{"href":"https:\/\/www.nollendorfblog.de\/index.php?rest_route=\/wp\/v2\/posts\/7789","targetHints":{"allow":["GET"]}}],"collection":[{"href":"https:\/\/www.nollendorfblog.de\/index.php?rest_route=\/wp\/v2\/posts"}],"about":[{"href":"https:\/\/www.nollendorfblog.de\/index.php?rest_route=\/wp\/v2\/types\/post"}],"author":[{"embeddable":true,"href":"https:\/\/www.nollendorfblog.de\/index.php?rest_route=\/wp\/v2\/users\/1"}],"replies":[{"embeddable":true,"href":"https:\/\/www.nollendorfblog.de\/index.php?rest_route=%2Fwp%2Fv2%2Fcomments&post=7789"}],"version-history":[{"count":16,"href":"https:\/\/www.nollendorfblog.de\/index.php?rest_route=\/wp\/v2\/posts\/7789\/revisions"}],"predecessor-version":[{"id":7835,"href":"https:\/\/www.nollendorfblog.de\/index.php?rest_route=\/wp\/v2\/posts\/7789\/revisions\/7835"}],"wp:featuredmedia":[{"embeddable":true,"href":"https:\/\/www.nollendorfblog.de\/index.php?rest_route=\/wp\/v2\/media\/7791"}],"wp:attachment":[{"href":"https:\/\/www.nollendorfblog.de\/index.php?rest_route=%2Fwp%2Fv2%2Fmedia&parent=7789"}],"wp:term":[{"taxonomy":"category","embeddable":true,"href":"https:\/\/www.nollendorfblog.de\/index.php?rest_route=%2Fwp%2Fv2%2Fcategories&post=7789"},{"taxonomy":"post_tag","embeddable":true,"href":"https:\/\/www.nollendorfblog.de\/index.php?rest_route=%2Fwp%2Fv2%2Ftags&post=7789"}],"curies":[{"name":"wp","href":"https:\/\/api.w.org\/{rel}","templated":true}]}}