{"id":7807,"date":"2017-07-19T09:22:25","date_gmt":"2017-07-19T07:22:25","guid":{"rendered":"http:\/\/www.nollendorfblog.de\/?p=7807"},"modified":"2019-03-02T11:57:56","modified_gmt":"2019-03-02T09:57:56","slug":"nina-queer-beschuldigt-nollendorfblog","status":"publish","type":"post","link":"https:\/\/www.nollendorfblog.de\/?p=7807","title":{"rendered":"Nina Queer beschuldigt Nollendorfblog"},"content":{"rendered":"<p>Nach der Diskussion um ein <a href=\"https:\/\/www.nollendorfblog.de\/?p=7778\">rassistisches Facebook-Posting<\/a> wollte Nina Queer die Diskussion dar\u00fcber beenden, ohne sich von den dort gemachten Aussagen im Kern zu distanzieren. Sie entschuldigte sich in einem Beitrag von blu.fm ledigich daf\u00fcr, falsch verstanden worden zu sein, und postete dann diesen Beitrag auf Facebook mit einem Kommentar, der nur aus einem Wort bestand: Punkt!<\/p>\n<p>Sie wollte also wohl so verstanden werden, dass mit den auf blu.fm ver\u00f6ffentlichten Statements alles gesagt worden ist. Als dann allerdings die Berliner Morgenpost\u00a0 in einem Online-Artikel diese Zitate wiedergab, beschwerte sie sich auf Facebook dar\u00fcber und behauptete nun falsch wiedergegeben zu sein. Und machte als Quelle hierf\u00fcr offensichtlich das Nollendorfblog aus (das sie als &#8222;Nina Queer-Hater-Seit&#8220; bezeichnete), obwohl die Aussagen aus der Morgenpost aus dem blu.fm Beitrag waren, den sie selbst auf Facebook gestellt hatte.<\/p>\n<blockquote><p>Liebe Morgenpost!<br \/>\nEine seri\u00f6se Zeitung h\u00e4tte mich pers\u00f6nlich angerufen, um sich \u00fcber meine politische Einstellung zu informieren, anstatt den Mist einer offiziellen Nina Queer-Hater-Seite wieder zu geben.<br \/>\nVor allem h\u00e4tte eine seri\u00f6se Zeitung nicht nur mein HALBES POSTING ABGEDRUCKT, um damit noch mehr Hass und Missverst\u00e4ndnis zu sch\u00fcren. Ich habe es nicht n\u00f6tig, den Menschen zu erkl\u00e4ren, dass ich kein Nazi bin. Denn ich bin es einfach nicht. Ich wei\u00df es einfach und das reicht<span class=\"text_exposed_show\"> mir im Grunde schon. Menschen die mich kennen wissen, dass es nicht so ist. Nach 15 Jahren Showbusiness bin ich es gewohnt mit b\u00f6sartiger Konkurrenz und schlechter Presse umzugehen.<br \/>\nDar\u00fcber hinaus m\u00f6chte ich Sie informieren, dass ich am Samstag mit ganzem Herzen und vollen Einsatz bei einer Demonstration gegen Rechts mit marschiere. Der Berliner CSD steht in diesem Jahr n\u00e4mlich genau unter diesem Motto. Ich glaube nicht, dass das ein Nazi oder jemand mit rechtem Gedankengut tun w\u00fcrde.<br \/>\nDanke f\u00fcrs Durchlesen &#8211; <span class=\"_47e3 _5mfr\" title=\"\u201eheart\u201c-Emoticon\"><img loading=\"lazy\" decoding=\"async\" class=\"img\" role=\"presentation\" src=\"https:\/\/www.facebook.com\/images\/emoji.php\/v9\/f6c\/1\/16\/2764.png\" alt=\"\" width=\"16\" height=\"16\" \/><span class=\"_7oe\" aria-hidden=\"true\">&lt;3<\/span><\/span> -lichst, Ihre Nina Queer<\/span><\/p><\/blockquote>\n<p>Nina Queer will sich also nicht mit einem rassistischen Zitat auseinandersetzen, weil sie es nicht n\u00f6tig hat zu erkl\u00e4ren, dass sie kein Nazi ist, was niemand behauptet hat, schon gar nicht das Nollendorfblog. Nach diesem Post kam es zu einem Telefonat zwischen Nina Queer und dem\u00a0 Morgenpost Redakteur, der daraufhin den Beitrag \u00e4nderte und sie nun mit einer sehr viel <a href=\"https:\/\/www.morgenpost.de\/berlin\/article211291691\/Nach-Rassismus-Vorwurf-Berliner-Drag-Queen-rudert-zurueck.html?%3F4243\">deutlicheren Distanzierung<\/a> zitierte:<\/p>\n<blockquote><p>&#8222;Als ich wieder bei Sinnen war und klar denken konnte, hab ich das Posting sofort wieder gel\u00f6scht und mich nat\u00fcrlich daf\u00fcr gesch\u00e4mt.&#8220; Die Forderung nach einer Abschiebung der T\u00e4ter sei ein Fehler gewesen. W\u00e4ren die T\u00e4ter Deutsche gewesen, h\u00e4tte sie in diesem Augenblick auch nach einer Abschiebung verlangt.<\/p><\/blockquote>\n<p>Es hat lange gedauert,\u00a0 bis Nina Queer sich vom rassistischen Kern ihrer Aussage distanziert hat, eine lange Zeit, in der sie sich vor allem daf\u00fcr feiern lie\u00df, wie Recht sie mit dieser Aussage hat.<\/p>\n<p>Und Schuld ist nat\u00fcrlich das Nollendorfblog. \u2666<\/p>\n<p>&#8212;<\/p>\n<p><em>Hintergrund:<\/em><\/p>\n<p><em><a href=\"https:\/\/www.nollendorfblog.de\/?p=7778\">Nach &#8222;menschenverachtendem&#8220; Facebook Post: SPD Berlin distanziert sich von Toleranzbotschafterin Nina Queer<\/a><\/em><\/p>\n<p><em><a href=\"https:\/\/www.nollendorfblog.de\/?p=7807\"> Nina Queer und die Szene: Rassisten sind immer nur die anderen<\/a><\/em><\/p>\n<p>&nbsp;<\/p>\n","protected":false},"excerpt":{"rendered":"<p>Es hat lange gedauert,  bis Nina Queer sich vom rassistischen Kern ihrer Aussage distanziert hat, eine lange Zeit, in der sie sich vor allem daf\u00fcr feiern lie\u00df, wie Recht sie damit hat. Und Schuld ist nat\u00fcrlich das Nollendorfblog.<\/p>\n","protected":false},"author":1,"featured_media":1963,"comment_status":"open","ping_status":"open","sticky":false,"template":"","format":"standard","meta":{"footnotes":""},"categories":[163,55,112],"tags":[],"class_list":["post-7807","post","type-post","status-publish","format-standard","has-post-thumbnail","hentry","category-163","category-community","category-rassismus"],"_links":{"self":[{"href":"https:\/\/www.nollendorfblog.de\/index.php?rest_route=\/wp\/v2\/posts\/7807","targetHints":{"allow":["GET"]}}],"collection":[{"href":"https:\/\/www.nollendorfblog.de\/index.php?rest_route=\/wp\/v2\/posts"}],"about":[{"href":"https:\/\/www.nollendorfblog.de\/index.php?rest_route=\/wp\/v2\/types\/post"}],"author":[{"embeddable":true,"href":"https:\/\/www.nollendorfblog.de\/index.php?rest_route=\/wp\/v2\/users\/1"}],"replies":[{"embeddable":true,"href":"https:\/\/www.nollendorfblog.de\/index.php?rest_route=%2Fwp%2Fv2%2Fcomments&post=7807"}],"version-history":[{"count":7,"href":"https:\/\/www.nollendorfblog.de\/index.php?rest_route=\/wp\/v2\/posts\/7807\/revisions"}],"predecessor-version":[{"id":7814,"href":"https:\/\/www.nollendorfblog.de\/index.php?rest_route=\/wp\/v2\/posts\/7807\/revisions\/7814"}],"wp:featuredmedia":[{"embeddable":true,"href":"https:\/\/www.nollendorfblog.de\/index.php?rest_route=\/wp\/v2\/media\/1963"}],"wp:attachment":[{"href":"https:\/\/www.nollendorfblog.de\/index.php?rest_route=%2Fwp%2Fv2%2Fmedia&parent=7807"}],"wp:term":[{"taxonomy":"category","embeddable":true,"href":"https:\/\/www.nollendorfblog.de\/index.php?rest_route=%2Fwp%2Fv2%2Fcategories&post=7807"},{"taxonomy":"post_tag","embeddable":true,"href":"https:\/\/www.nollendorfblog.de\/index.php?rest_route=%2Fwp%2Fv2%2Ftags&post=7807"}],"curies":[{"name":"wp","href":"https:\/\/api.w.org\/{rel}","templated":true}]}}