{"id":7815,"date":"2017-07-20T17:36:48","date_gmt":"2017-07-20T15:36:48","guid":{"rendered":"http:\/\/www.nollendorfblog.de\/?p=7815"},"modified":"2019-03-02T11:57:56","modified_gmt":"2019-03-02T09:57:56","slug":"mein-problem-mit-dem-diesjaehrigen-berliner-csd-motto","status":"publish","type":"post","link":"https:\/\/www.nollendorfblog.de\/?p=7815","title":{"rendered":"Mein Problem mit dem diesj\u00e4hrigen Berliner CSD-Motto"},"content":{"rendered":"<p>&#8222;Mehr von uns &#8211; Jede Stimme gegen Rechts&#8220; ist das Motto des diesj\u00e4hrigen Berliner CSDs und daran ist zun\u00e4chst einmal nichts falsch. Der Kampf gegen Rechtspopulismus ist einer unserer wichtigsten Herausforderungen. Andererseits droht diese Formel zum Bumerang zu werden, wenn das blo\u00dfe Bekenntnis, &#8222;gegen Rechts&#8220; zu sein, als Rechtfertigung f\u00fcr Positionen dient, die wir eigentlich mit dem Widerspruch gegen Rechts bek\u00e4mpfen wollen.<\/p>\n<p>Nein, Nina Queer ist nicht das Rassismusproblem unserer Community, da gibt es wirklich viel Schlimmeres. Aber wenn wir es nicht einmal schaffen zu benennen, was an ihren <a href=\"https:\/\/www.nollendorfblog.de\/?p=7789\">\u00c4u\u00dferungen und Erkl\u00e4rungsversuchen<\/a> problematisch ist, dann brauchen wir auch nicht so zu tun, als ob wir ersthaft daran interessiert sind, uns gegen Rassismus zu engagieren.<\/p>\n<p>Man kann gerade im Internet nachlesen, wie viele der Logik von Nina Queer folgen, nachdem der, der sich politisch nicht f\u00fcr rechts h\u00e4lt, auch nicht rassistisch sein kann. Lesben und (meiner Beobachtung vor allem Schwule), die als Nachweis daf\u00fcr, nicht rassistisch zu sein, auf die Teilnahme am Berliner CSD die Unterst\u00fctzung seines\u00a0 Mottos verweisen und denken, damit irgendetwas argumentiert zu haben.<\/p>\n<p>Doch damit ist gar nichts argumentiert. Im Gegenteil: Das CSD-Motto wird so zur Camouflage. Die Community l\u00e4uft Gefahr, sich in einer eitlen Selbstbehauptung zu gefallen, die sich zu einer falschen, einer fatalen Selbstt\u00e4uschung manifestiert.<\/p>\n<p>Stattdessen sollten wir auf uns selbst schauen und wirklich dar\u00fcber zu reden, wie wir alle auch in rassistischen Denkstrukturen gefangen sind. Da wir aus einer strukturell rassistischen Gesellschaft kommen ist keine, ist keiner von uns frei davon.<\/p>\n<p>Ich hoffe, dass die MacherInnen des Berliner CSDs diese Kurve noch kriegen, bisher vermisse ich da konstruktive Impulse. Aber ich lasse mich gerne \u00fcberraschen.<\/p>\n<p>Ich gebe Stephanie Kuhnen recht, die in ihrem <a href=\"https:\/\/www.siegessaeule.de\/no_cache\/newscomments\/article\/3406-warum-sich-lesben-von-der-afd-gesehen-und-verstanden-fuehlen.html\">Siegess\u00e4ule-Artike<\/a>l &#8222;Warum sich Lesben von der AfD gesehen und verstanden f\u00fchlen&#8220; beschreibt, was auch f\u00fcr viele Schwule gilt:<\/p>\n<blockquote><p>Mit einer blo\u00dfen Parole wie \u201eBunt gegen Braun\u201c kann das Problem des Rechtsruckes auch bei Lesben nicht gebannt werden. Das hat sich in den letzten Jahren als kontraproduktiv erwiesen. Hier haben Lesben, Schwule und trans* Personen die Community als Wahlheimat akzeptierender Vielfalt aufgegeben und das Vertrauen verloren. Ihre D\u00e4monisierung oder Verspottung best\u00e4tigt sie nur in ihrer Entscheidung. Um sich selbstkritisch mit den Ursachen zu besch\u00e4ftigen, muss man keinen AfD-Stand bei den Stra\u00dfenfesten zulassen oder sich mit dieser Partei besch\u00e4ftigen.<\/p><\/blockquote>\n<p>Machen wir uns nichts vor: Rassismus ist ein Riesenprobem in unserer Community und dieser Berliner CSD ist eine gro\u00dfe Chance, mehr dar\u00fcber zu reden, mehr dar\u00fcber zu lernen.<\/p>\n<p>Ich bin deshalb sehr froh, dass sich viele Gruppen unter unterschiedlichen Blickwinkeln damit auseinandersetzen.<\/p>\n<p>Eine dieser Gruppen wird \u00a0unter dem Motto &#8222;Showing Up For Racial Justice \/ More Color, More Pride !&#8220;\u00a0 die die sogenannte <span class=\"_4n-j _3cht fsl\" data-testid=\"event-permalink-details\"><span class=\"text_exposed_show\">Philly-Pride-Flagge nach Berlin bringen<a href=\"https:\/\/www.facebook.com\/events\/1734554346573095\/?acontext=%7B%22ref%22%3A%222%22%2C%22ref_dashboard_filter%22%3A%22upcoming%22%2C%22action_history%22%3A%22[%7B%5C%22surface%5C%22%3A%5C%22dashboard%5C%22%2C%5C%22mechanism%5C%22%3A%5C%22main_list%5C%22%2C%5C%22extra_data%5C%22%3A[]%7D]%22%7D\"> (&#8222;Ihre zwei zus\u00e4tzlichen Streifen, schwarz und braun, stehen f\u00fcr die Anerkennung und Inklusion Schwarzer und Brauner LSBTTIQ+, ihre Leistungen und ihre Beitr\u00e4ge zu unserer Bewegung&#8220;.<\/a>)<\/span><\/span><\/p>\n<p><span class=\"_4n-j _3cht fsl\" data-testid=\"event-permalink-details\"><span class=\"text_exposed_show\">In einem Blogbeitrag habe ich vor ein paar Wochen<a href=\"https:\/\/www.nollendorfblog.de\/?p=7607\"> geschrieben<\/a>, warum\u00a0 ich nicht denke, dass wir eine neue Regenbogenfahne brauchen. Trotzdem ist es gut, dass es diese Fahne gibt, weil ich hoffe, dass sie nicht nur dazu dient, ein Zeichen zu setzen. Sondern auch dazu, ins Gespr\u00e4ch zu kommen, &#8222;mehr von uns&#8220; zu erfahren. <\/span><\/span><\/p>\n<p>Ich werde dieses Jahr bei &#8222;Showing Up For Racial Justice \/ More Color, More Pride !&#8220; mitlaufen.<\/p>\n<p>Wenn Ihr noch nichts anderes vorhabt, kommt doch einfach mit!*<\/p>\n<p>So oder so:<\/p>\n<p>Happy Pride! \u2666<\/p>\n<p>&#8212;<\/p>\n<p><em><span class=\"_5p0a\">*Samstag um 12:00 \/ <\/span><span class=\"_5inl\" data-hover=\"tooltip\" data-tooltip-display=\"overflow\" data-tooltip-content=\"Kurf\u00fcrstendamm Ecke Joachimsthaler\">Kurf\u00fcrstendamm Ecke Joachimsthaler<\/span><\/em><\/p>\n<p><em>&#8212;<\/em><\/p>\n<p><em>Vorschaubild: (c) Berliner CSD e.V.<\/em><\/p>\n<p>&#8212;<\/p>\n<p><em>Diesen Beitrag auf Facebook liken \/ teilen<\/em><\/p>\n","protected":false},"excerpt":{"rendered":"<p>Die Community l\u00e4uft Gefahr, sich in einer eitlen Selbstbehauptung zu gefallen, die sich zu einer falschen, einer fatalen Selbstt\u00e4uschung manifestiert.<\/p>\n","protected":false},"author":1,"featured_media":7824,"comment_status":"open","ping_status":"open","sticky":false,"template":"","format":"standard","meta":{"footnotes":""},"categories":[163,55,112],"tags":[],"class_list":["post-7815","post","type-post","status-publish","format-standard","has-post-thumbnail","hentry","category-163","category-community","category-rassismus"],"_links":{"self":[{"href":"https:\/\/www.nollendorfblog.de\/index.php?rest_route=\/wp\/v2\/posts\/7815","targetHints":{"allow":["GET"]}}],"collection":[{"href":"https:\/\/www.nollendorfblog.de\/index.php?rest_route=\/wp\/v2\/posts"}],"about":[{"href":"https:\/\/www.nollendorfblog.de\/index.php?rest_route=\/wp\/v2\/types\/post"}],"author":[{"embeddable":true,"href":"https:\/\/www.nollendorfblog.de\/index.php?rest_route=\/wp\/v2\/users\/1"}],"replies":[{"embeddable":true,"href":"https:\/\/www.nollendorfblog.de\/index.php?rest_route=%2Fwp%2Fv2%2Fcomments&post=7815"}],"version-history":[{"count":20,"href":"https:\/\/www.nollendorfblog.de\/index.php?rest_route=\/wp\/v2\/posts\/7815\/revisions"}],"predecessor-version":[{"id":7837,"href":"https:\/\/www.nollendorfblog.de\/index.php?rest_route=\/wp\/v2\/posts\/7815\/revisions\/7837"}],"wp:featuredmedia":[{"embeddable":true,"href":"https:\/\/www.nollendorfblog.de\/index.php?rest_route=\/wp\/v2\/media\/7824"}],"wp:attachment":[{"href":"https:\/\/www.nollendorfblog.de\/index.php?rest_route=%2Fwp%2Fv2%2Fmedia&parent=7815"}],"wp:term":[{"taxonomy":"category","embeddable":true,"href":"https:\/\/www.nollendorfblog.de\/index.php?rest_route=%2Fwp%2Fv2%2Fcategories&post=7815"},{"taxonomy":"post_tag","embeddable":true,"href":"https:\/\/www.nollendorfblog.de\/index.php?rest_route=%2Fwp%2Fv2%2Ftags&post=7815"}],"curies":[{"name":"wp","href":"https:\/\/api.w.org\/{rel}","templated":true}]}}