{"id":7895,"date":"2017-08-02T20:42:43","date_gmt":"2017-08-02T18:42:43","guid":{"rendered":"http:\/\/www.nollendorfblog.de\/?p=7895"},"modified":"2019-03-02T13:13:33","modified_gmt":"2019-03-02T11:13:33","slug":"ehe-fuer-alle-der-voelkische-wahn-der-annegret-kramp-karrenbauer-2","status":"publish","type":"post","link":"https:\/\/www.nollendorfblog.de\/?p=7895","title":{"rendered":"Ehe f\u00fcr alle: Der v\u00f6lkische Wahn der Annegret Kramp-Karrenbauer"},"content":{"rendered":"<p>s<\/p>\n<p>Ja, das war zu erwarten, mag man sagen. Nat\u00fcrlich k\u00f6nnen die Konservativen nicht die Finger weglassen von der Diskriminierei. Nat\u00fcrlich war das im besten Fall dummes, wahrscheinlich aber zynisch-kalkuliertes Geschw\u00e4tz der Kanzlerin und CDU-Vorsitzenden, als sie von \u201eRespekt\u201c f\u00fcr alle rund um die Entscheidung um die Ehe f\u00fcr alle sprach, aber eigentlich nur um Respekt f\u00fcr die Respektlosen warb, die diese zu verhindern suchen.<\/p>\n<p>Nat\u00fcrlich wird die Union versuchen, gegen Homosexuelle Wahlkampf zu machen, wird versuchen, das Feuer der Ressentiments am brennen zu halten. Nicht mehr so hell, so sichtbar nat\u00fcrlich. Aber brennen, zumindest lodern soll es doch, so damit sich all die ewig Z\u00fcndelnden daran aufw\u00e4rmen k\u00f6nnen, die, denen dann erst so richtig wohlig wird, wenn es etwas gibt, woran sich andere verbrennen k\u00f6nnen.<\/p>\n<p>Und doch gibt es einen Unterschied zwischen dem Nachtreten vieler Unionspolitiker, zwischen dem redlichen Bem\u00fchen, das so kostenlose wie identit\u00e4tsstiftende Thema Homophobie nicht einfach fl\u00f6ten gehen zu lassen und dem, was Annegred Kramp-Karrenbauer da gerade macht.<\/p>\n<p>Ihre Aussage, hinsichtlich der Ehe f\u00fcr alle m\u00fcsse man im Blick behalten,<\/p>\n<blockquote><p>\u201edass das Fundament unseres gesellschaftlichen Zusammenhalts dadurch nicht schleichend erodiert.\u201c<\/p><\/blockquote>\n<p>hat nichts mit konservativen Reflexen oder religi\u00f6sen \u00dcberzeugungen zu tun. Nein, in ihr steckt v\u00f6lkisches Gedankengut, hinter ihr steht ein Gesellschafts- und Menschenbild, das den Fortbestand dieser Gesellschaft an eine normative Idee kn\u00fcpft und gleichzeitig eine Minderheit und deren Gleichwertigkeit als Gefahr f\u00fcr den Fortbestand dieser Gesellschaft definiert. Gesellschaft funktioniert so nat\u00fcrlich nicht und hat nie so funktioniert. Das Wahnhafte ihrer Idee richtet sich dabei nicht nur gegen die homosexuellen Volksfeinde, sondern auch gegen alle anderen, deren famili\u00e4res Wertekonstrukt ja nach Kramp-Karrenbauer nicht von Verantwortung und Zuneigung gepr\u00e4gt ist, sondern von deren \u00dcberwindung, denn in ihrem Denken entsteht der Zusammenhalt der Gesellschaft nicht aus menschlichen Werten, sondern offensichtlich aufgrund einer staatlichen Verabredung.<\/p>\n<p>Ich wei\u00df, ich schreibe das gerade etwas hart. Aber w\u00fcrden wir die tiefe Menschenfeindlichkeit und die wirren Vorstellungen von Gesellschaft und was sie ausmacht etwa weniger hart markieren,\u00a0w\u00fcrden sie von einer AfD- oder noch rechteren Politikerin stammen? D\u00fcrfen wir hier Harmlosigkeit unterstellen, nur weil es sich um eine christliche Provinzpolitikerin handelt (Kramp-Karrenbauer ist Mitglied im CDU Bundesvorstand)? \u00a0D\u00fcrfen, m\u00fcssen wir nicht vermuten, dass solche Aussagen genau richtig gezielt sind, genau richtig verstanden werden, genau richtig ankommen? Dass das Gift, das in ihnen steckt, auch wirkt?<\/p>\n<p>K\u00e4me so etwas von AfD &amp; Co. g\u00e4be es einen breiten gesellschaftlichen Konsens, einen gemeinsamen Ekel vor solch aggressivem Hatespeach. Und Angela Merkel w\u00fcrde sich \u00f6ffentlich mitekeln. So aber, da vermutet werden darf, dass sie nicht nur nicht widerspricht, sondern auch dankbar ist f\u00fcr die Dehnung des Sagbaren in ihrer Partei, muss man sich hier auch vor Angela Merkels Kalk\u00fcl ekeln. Wenn ich mich da t\u00e4usche, wenn ich falsch liege, und sie da zumindest intern glaubhaft gegen h\u00e4lt, nehme ich das gerne zur\u00fcck (und es w\u00fcrde mich sehr freuen, mich da t\u00e4uschen zu k\u00f6nnen). Aber dem ist wohl nicht so.<\/p>\n<blockquote><p>\u201eObwohl sie mit der Lebensrealit\u00e4t nichts zu tun hat, wird die famili\u00e4re Norm der Normfamilie von einer ganzen Kultur als erstrebenswertes Ideal und zugleich einzig lebbares Modell hingestellt.\u201c<\/p><\/blockquote>\n<p>schreibt Didier Eribon in \u201eR\u00fcckkehr nach Reims\u201c.<\/p>\n<p>Und:<\/p>\n<blockquote><p>&#8222;Gegen Leute, die ihre Definition von Ehe und Familie, von der Legitimit\u00e4t verschiedener Lebensweisen allen anderen aufzwingen wollen, und dabei Modelle zum Anschlag bringen, die vielleicht in ihrer eigenen reaktion\u00e4ren Gedankenwelt funktionieren, in der Realit\u00e4t aber noch nie funktioniert haben, habe ich eine tiefe Abneigung.\u201c<\/p><\/blockquote>\n<p>Ich auch.<\/p>\n<p>&#8212;<\/p>\n<p><em>Nachtrag, 19. Februar 2018: Angela Merkel hat dem CDU-Pr\u00e4sidium Annegret Kramp-Karrenbauer als neue Generalsekret\u00e4rin der Partei vorgeschlagen. Am 26. Februar soll sie in Berlin auf dem n\u00e4chsten Bundesparteitag gew\u00e4hlt werden.<\/em><\/p>\n<p>&#8212;<\/p>\n<p>Nachtrag, Dezember 2018: Generalsekret\u00e4rin Kramp Karrenbauer kandidiert am 6. Dezember f\u00fcr den CDU-Vorsitz.<\/p>\n<p><strong>Danke! Das Nollendorfblog ist unabh\u00e4ngig und werbefrei und lebt von der freiwilligen Unterst\u00fctzung seiner Leserinnen und Leser.<\/strong><\/p>\n<p><a href=\"https:\/\/steadyhq.com\/de\/nollendorfblog\"><img loading=\"lazy\" decoding=\"async\" class=\"alignleft size-full wp-image-8351\" src=\"https:\/\/www.nollendorfblog.de\/wp-content\/uploads\/2017\/11\/steady_button.png\" alt=\"\" width=\"850\" height=\"150\" srcset=\"https:\/\/www.nollendorfblog.de\/wp-content\/uploads\/2017\/11\/steady_button.png 850w, https:\/\/www.nollendorfblog.de\/wp-content\/uploads\/2017\/11\/steady_button-300x53.png 300w, https:\/\/www.nollendorfblog.de\/wp-content\/uploads\/2017\/11\/steady_button-768x136.png 768w\" sizes=\"auto, (max-width: 850px) 100vw, 850px\" \/><\/a><\/p>\n<p><em>Mehr dazu:\u00a0<\/em><em><a href=\"https:\/\/www.nollendorfblog.de\/?p=8291\">Das Nollendorfblog braucht Deine Unterst\u00fctzung<\/a><\/em><\/p>\n<p>&#8212;<\/p>\n<h5><\/h5>\n<p>&#8212;<\/p>\n<p><em>Diesen Beitrag bei Facebook liken \/ sharen:<\/em><\/p>\n","protected":false},"excerpt":{"rendered":"<p>D\u00fcrfen wir hier Harmlosigkeit unterstellen, nur weil es sich um eine christliche Provinzpolitikerin handelt? \u00a0D\u00fcrfen, m\u00fcssen wir nicht vermuten, dass solche Aussagen genau richtig gezielt sind, genau richtig verstanden werden, genau richtig ankommen? Dass das Gift, das in ihnen steckt, auch wirkt?<\/p>\n","protected":false},"author":1,"featured_media":7910,"comment_status":"open","ping_status":"open","sticky":false,"template":"","format":"standard","meta":{"footnotes":""},"categories":[163,173,119,1],"tags":[115,114,87],"class_list":["post-7895","post","type-post","status-publish","format-standard","has-post-thumbnail","hentry","category-163","category-das-wichigste-aus-zehn-jahren","category-ehe-fuer-alle","category-politik","tag-angela-merkel","tag-annegret-kramp-karrenbauer","tag-cdu-csu"],"_links":{"self":[{"href":"https:\/\/www.nollendorfblog.de\/index.php?rest_route=\/wp\/v2\/posts\/7895","targetHints":{"allow":["GET"]}}],"collection":[{"href":"https:\/\/www.nollendorfblog.de\/index.php?rest_route=\/wp\/v2\/posts"}],"about":[{"href":"https:\/\/www.nollendorfblog.de\/index.php?rest_route=\/wp\/v2\/types\/post"}],"author":[{"embeddable":true,"href":"https:\/\/www.nollendorfblog.de\/index.php?rest_route=\/wp\/v2\/users\/1"}],"replies":[{"embeddable":true,"href":"https:\/\/www.nollendorfblog.de\/index.php?rest_route=%2Fwp%2Fv2%2Fcomments&post=7895"}],"version-history":[{"count":31,"href":"https:\/\/www.nollendorfblog.de\/index.php?rest_route=\/wp\/v2\/posts\/7895\/revisions"}],"predecessor-version":[{"id":9415,"href":"https:\/\/www.nollendorfblog.de\/index.php?rest_route=\/wp\/v2\/posts\/7895\/revisions\/9415"}],"wp:featuredmedia":[{"embeddable":true,"href":"https:\/\/www.nollendorfblog.de\/index.php?rest_route=\/wp\/v2\/media\/7910"}],"wp:attachment":[{"href":"https:\/\/www.nollendorfblog.de\/index.php?rest_route=%2Fwp%2Fv2%2Fmedia&parent=7895"}],"wp:term":[{"taxonomy":"category","embeddable":true,"href":"https:\/\/www.nollendorfblog.de\/index.php?rest_route=%2Fwp%2Fv2%2Fcategories&post=7895"},{"taxonomy":"post_tag","embeddable":true,"href":"https:\/\/www.nollendorfblog.de\/index.php?rest_route=%2Fwp%2Fv2%2Ftags&post=7895"}],"curies":[{"name":"wp","href":"https:\/\/api.w.org\/{rel}","templated":true}]}}