{"id":810,"date":"2011-11-09T22:17:49","date_gmt":"2011-11-09T20:17:49","guid":{"rendered":"http:\/\/www.nollendorfblog.de\/?p=810"},"modified":"2019-03-02T11:33:19","modified_gmt":"2019-03-02T09:33:19","slug":"die-kunstform-des-vergasens","status":"publish","type":"post","link":"https:\/\/www.nollendorfblog.de\/?p=810","title":{"rendered":"Bambi f\u00fcr Bushido: Die Kunstform des Vergasens"},"content":{"rendered":"<p>Liebes Bambi,<\/p>\n<p>ich wei\u00df nicht, ob es Dir schon aufgefallen ist, dass Deine Rechtfertigung daf\u00fcr, dass ausgerechnet Bushido <a href=\"http:\/\/www.lsvd.de\/index.php?id=1692\">(&#8222;Ihr Tunten werdet vergast&#8220;)<\/a> mit einen Preis Deines Namens f\u00fcr seine Leistung f\u00fcr &#8222;Integration&#8220; erhalten soll, alles nur noch schlimmer macht.<\/p>\n<p>In Deinem auf Facebook ver\u00f6ffentlichtem <a href=\"http:\/\/www.facebook.com\/Bambi\">Text<\/a> verteidigst Du die Ehrung an Bushido damit, dass er ja heute ein ganz anderer sei, und sich total ge\u00e4ndert habe. Das k\u00f6nnte ja bedeuten, dass Du die Texte von damals indiskutabel und unentschuldbar h\u00e4ltst und Bushido heute ein ganz anderer ist. Sogar einer, der so viel unglaublich \u00fcbermenschlich tolles, vorbildhaftes in seinem Leben geleistet hat, da\u00df die allerschlimmsten jahrelangen menschenverachtenden Hasstiraden dagegen nur ein Klaks sind. Und da\u00df er dar\u00fcberhinaus sogar ehrenswert ist auf einem Gebiet ist, auf dem er so gef\u00e4hrlich mit dem Feuer gespielt hat, wie nur wenige so exponierte Deutsche in den letzten zehn Jahren. Wenn Du dies so sehen magst, na bitte, dar\u00fcber kann man vielleicht irgendwie noch streiten.<\/p>\n<p>Aber dann sagst Du:<\/p>\n<blockquote><p>&#8222;Es ist klar, dass ein K\u00fcnstler wie er stark polarisiert&#8220;.<\/p><\/blockquote>\n<p>Also doch nicht indiskutabel? Sondern &#8211; im Gegenteil &#8211; h\u00f6chst diskutabel? Man kann also dieser oder jener Meinung dazu sein? Sag mir doch, liebes Bambi, welche Haltung man zu seinen schwulenfeindlichen Aussagen haben kann, au\u00dfer einer ganz klaren Distanzierung? Welcher ist dieser andere Pol, diese andere Meinung, die Du f\u00fcr legitim h\u00e4ltst? Ich bin sehr gespannt.<\/p>\n<p>Oder bin ich gerade ungerecht zu Dir und Du beziehst Dich mit &#8222;stark polarisiert&#8220; gar nicht seine schlimmen Texte von damals, sondern sondern auf den gel\u00e4uterten Helden von heute?<\/p>\n<p>Leider nicht. Der Folgesatz hei\u00dft n\u00e4mlich:<\/p>\n<blockquote><p>&#8222;Musik ist eine Kunstform, der bewusste Tabubruch ein Stilmittel des Raps &#8211; ob es einem gef\u00e4llt oder nicht.&#8220;<\/p><\/blockquote>\n<p>Kunstform, Stilmittel, <del datetime=\"2011-11-09T20:12:52+00:00\">Kotz!<\/del>, danke Bambi, dass Du es so offen aussprichst: Schwulenha\u00df mu\u00df einem nicht mi\u00dffallen. Wieso auch. Danke f\u00fcr Deinen Beitrag zur Integration!<\/p>\n<p><em>PS.: Bamb, bzw. Hubert Burda Media betont, da\u00df sich die Verantwortlichen des Preises &#8222;deutlich von jeder Form der Diskriminierung&#8220; distanzieren.<br \/>\nPPS.: Ob das<a href=\"https:\/\/www.nollendorfblog.de\/?p=679\"> Methode<\/a> hat? <\/em><\/p>\n","protected":false},"excerpt":{"rendered":"<p>Liebes Bambi, ich wei\u00df nicht, ob es Dir schon aufgefallen ist, dass Deine Rechtfertigung daf\u00fcr, dass ausgerechnet Bushido (&#8222;Ihr Tunten werdet vergast&#8220;) mit einen Preis Deines Namens f\u00fcr seine Leistung f\u00fcr &#8222;Integration&#8220; erhalten soll, alles nur noch schlimmer macht. In Deinem auf Facebook ver\u00f6ffentlichtem Text verteidigst Du die Ehrung an Bushido damit, dass er ja &#8230; <a title=\"Bambi f\u00fcr Bushido: Die Kunstform des Vergasens\" class=\"read-more\" href=\"https:\/\/www.nollendorfblog.de\/?p=810\" aria-label=\"Mehr Informationen \u00fcber Bambi f\u00fcr Bushido: Die Kunstform des Vergasens\">Weiterlesen<\/a><\/p>\n","protected":false},"author":1,"featured_media":0,"comment_status":"open","ping_status":"open","sticky":false,"template":"","format":"standard","meta":{"footnotes":""},"categories":[157,1],"tags":[27,28,29],"class_list":["post-810","post","type-post","status-publish","format-standard","hentry","category-157","category-politik","tag-bambi-hubert-burda-media","tag-bushido","tag-patrizia-riekel"],"_links":{"self":[{"href":"https:\/\/www.nollendorfblog.de\/index.php?rest_route=\/wp\/v2\/posts\/810","targetHints":{"allow":["GET"]}}],"collection":[{"href":"https:\/\/www.nollendorfblog.de\/index.php?rest_route=\/wp\/v2\/posts"}],"about":[{"href":"https:\/\/www.nollendorfblog.de\/index.php?rest_route=\/wp\/v2\/types\/post"}],"author":[{"embeddable":true,"href":"https:\/\/www.nollendorfblog.de\/index.php?rest_route=\/wp\/v2\/users\/1"}],"replies":[{"embeddable":true,"href":"https:\/\/www.nollendorfblog.de\/index.php?rest_route=%2Fwp%2Fv2%2Fcomments&post=810"}],"version-history":[{"count":20,"href":"https:\/\/www.nollendorfblog.de\/index.php?rest_route=\/wp\/v2\/posts\/810\/revisions"}],"predecessor-version":[{"id":1989,"href":"https:\/\/www.nollendorfblog.de\/index.php?rest_route=\/wp\/v2\/posts\/810\/revisions\/1989"}],"wp:attachment":[{"href":"https:\/\/www.nollendorfblog.de\/index.php?rest_route=%2Fwp%2Fv2%2Fmedia&parent=810"}],"wp:term":[{"taxonomy":"category","embeddable":true,"href":"https:\/\/www.nollendorfblog.de\/index.php?rest_route=%2Fwp%2Fv2%2Fcategories&post=810"},{"taxonomy":"post_tag","embeddable":true,"href":"https:\/\/www.nollendorfblog.de\/index.php?rest_route=%2Fwp%2Fv2%2Ftags&post=810"}],"curies":[{"name":"wp","href":"https:\/\/api.w.org\/{rel}","templated":true}]}}