{"id":8154,"date":"2017-09-24T06:47:13","date_gmt":"2017-09-24T04:47:13","guid":{"rendered":"http:\/\/www.nollendorfblog.de\/?p=8154"},"modified":"2019-03-02T11:57:55","modified_gmt":"2019-03-02T09:57:55","slug":"trotzdem-gruen","status":"publish","type":"post","link":"https:\/\/www.nollendorfblog.de\/?p=8154","title":{"rendered":"Trotzdem gr\u00fcn!"},"content":{"rendered":"<p>Personen sind austauschbar, m\u00fcssen austauschbar sein, auch wenn es die von Volker Beck vielleicht mit am allerwenigsten ist. Dass ich ihnen die Volker Beck-Sache immer noch \u00fcbel nehme, hat weniger mit der <a href=\"https:\/\/www.nollendorfblog.de\/?p=5426\">Volker Beck<\/a>&#8211;<a href=\"https:\/\/www.nollendorfblog.de\/?p=5457\">Sache<\/a> zu tun, also damit, dass sie keinen Weg gefunden haben, einen Platz im Parlament f\u00fcr unseren erfahrensten und wichtigsten Vork\u00e4mpfer zu finden. Ich nehme es ihnen \u00fcbel, weil ich fest davon \u00fcberzeugt bin, dass es eben nicht nur regionale Zw\u00e4nge und Konstellationen waren, die diese Kandidatur verhindert haben, sondern dass der Fall Beck symptomatisch daf\u00fcr ist, wie die Gr\u00fcnen gerade angesichts einer erhofften Regierungsbeteiligung mit der Union schon im Vorfeld Ballast von Bord werfen.<\/p>\n<p>Dabei w\u00e4re es doch dieser Ballast, gerade dieses unbequeme, streitbare, nervige, was man \u2013 wenn \u00fcberhaupt \u2013 von den Gr\u00fcnen in einer solchen Koalition erwarten m\u00f6chte.<\/p>\n<p>Aber es hilft ja nichts: Sollte es zu Jamaika kommen \u2013 und das erscheint gerade recht realistisch, auch wenn ich sie mir nicht w\u00fcnsche &#8211; dann wird es auf die St\u00e4rke der Gr\u00fcnen ankommen. Dann bedeutet jede Stimme f\u00fcr gr\u00fcn, dass diese Koalition eine weniger schwarz-gelbe wird. Und sollte es doch wieder eine Gro\u00dfe Koalition geben, dann m\u00f6chte ich doch, dass sich die Gr\u00fcnen in der Opposition mit FDP und AfD machttechnisch auf Augenh\u00f6he begegnen k\u00f6nnen.<\/p>\n<p>Ein Denkzettel f\u00fcr die Gr\u00fcnen w\u00e4re gerecht. Aber dumm. Und ja: Man soll nicht strategisch w\u00e4hlen. Aber eine Wahl, die sich nicht an dem orientiert, was uns wahrscheinlich erwartet, ist dann auch nicht so clever. Ich w\u00e4hle also: Trotzdem Gr\u00fcn!<\/p>\n<p>&#8212;<\/p>\n<p><em><a href=\"https:\/\/www.nollendorfblog.de\/?cat=120\"><strong>Hier<\/strong> gibt es eine Sammlung der Nollendorfblog-Texte zur Bundestagswahl 2017.<\/a> <\/em><\/p>\n<p><em>Zuletzt:<\/em><\/p>\n<p><span style=\"color: #000000;\"><em><a href=\"https:\/\/www.nollendorfblog.de\/?p=8115\">Merkel w\u00e4hlen? Ja. Aber. Nein!<\/a><\/em><\/span><\/p>\n<p><span style=\"color: #000000;\"><em><a href=\"https:\/\/www.nollendorfblog.de\/?p=8078\">&#8222;AfD &#8211; Dich w\u00e4hl ich nicht&#8220; &#8211; das reicht nicht!<\/a><\/em><\/span><\/p>\n<p><span style=\"color: #000000;\"><em>..<\/em><\/span><\/p>\n<p><em><span style=\"color: #000000;\">Diesen Beitrag auf Facebook liken \/ sharen:<\/span><\/em><\/p>\n","protected":false},"excerpt":{"rendered":"<p>Ein Denkzettel f\u00fcr die Gr\u00fcnen w\u00e4re gerecht. Aber dumm. Und ja: Man soll nicht strategisch w\u00e4hlen. Aber eine Wahl, die sich nicht an dem orientiert, was uns wahrscheinlich erwartet, ist dann auch nicht so clever.<\/p>\n","protected":false},"author":1,"featured_media":8155,"comment_status":"open","ping_status":"open","sticky":false,"template":"","format":"standard","meta":{"footnotes":""},"categories":[163,1],"tags":[],"class_list":["post-8154","post","type-post","status-publish","format-standard","has-post-thumbnail","hentry","category-163","category-politik"],"_links":{"self":[{"href":"https:\/\/www.nollendorfblog.de\/index.php?rest_route=\/wp\/v2\/posts\/8154","targetHints":{"allow":["GET"]}}],"collection":[{"href":"https:\/\/www.nollendorfblog.de\/index.php?rest_route=\/wp\/v2\/posts"}],"about":[{"href":"https:\/\/www.nollendorfblog.de\/index.php?rest_route=\/wp\/v2\/types\/post"}],"author":[{"embeddable":true,"href":"https:\/\/www.nollendorfblog.de\/index.php?rest_route=\/wp\/v2\/users\/1"}],"replies":[{"embeddable":true,"href":"https:\/\/www.nollendorfblog.de\/index.php?rest_route=%2Fwp%2Fv2%2Fcomments&post=8154"}],"version-history":[{"count":10,"href":"https:\/\/www.nollendorfblog.de\/index.php?rest_route=\/wp\/v2\/posts\/8154\/revisions"}],"predecessor-version":[{"id":8165,"href":"https:\/\/www.nollendorfblog.de\/index.php?rest_route=\/wp\/v2\/posts\/8154\/revisions\/8165"}],"wp:featuredmedia":[{"embeddable":true,"href":"https:\/\/www.nollendorfblog.de\/index.php?rest_route=\/wp\/v2\/media\/8155"}],"wp:attachment":[{"href":"https:\/\/www.nollendorfblog.de\/index.php?rest_route=%2Fwp%2Fv2%2Fmedia&parent=8154"}],"wp:term":[{"taxonomy":"category","embeddable":true,"href":"https:\/\/www.nollendorfblog.de\/index.php?rest_route=%2Fwp%2Fv2%2Fcategories&post=8154"},{"taxonomy":"post_tag","embeddable":true,"href":"https:\/\/www.nollendorfblog.de\/index.php?rest_route=%2Fwp%2Fv2%2Ftags&post=8154"}],"curies":[{"name":"wp","href":"https:\/\/api.w.org\/{rel}","templated":true}]}}