{"id":830,"date":"2011-11-11T17:22:32","date_gmt":"2011-11-11T15:22:32","guid":{"rendered":"http:\/\/www.nollendorfblog.de\/?p=830"},"modified":"2019-03-02T11:33:19","modified_gmt":"2019-03-02T09:33:19","slug":"peter-maffay-meint-es-gut-und-macht-es-schlimmer","status":"publish","type":"post","link":"https:\/\/www.nollendorfblog.de\/?p=830","title":{"rendered":"Peter Maffay meint es gut und macht es schlimmer"},"content":{"rendered":"<p>Peter Maffay sah gestern abend nicht so aus, als w\u00fcrde er verstehen, in was er da gerade reingeritten worden ist. Es ehrt ihn aber, da\u00df er nicht versucht, sich da irgendwie rauszureden. Soeben hat er einen Text online stellen lassen, der seinen Auftritt erkl\u00e4ren soll.<\/p>\n<blockquote><p>&#8222;Wenn Plate sagt, einen Musiker, der &#8218;frauenfeindliche Texte, schwulenfeindliche Texte und im Endeffekt menschenverachtende Texte ver\u00f6ffentlicht hat \u2013 so einen Musiker hier heute Abend auszuzeichnen, finde ich nicht korrekt&#8216;, dann stimme ich ihm bis dahin zu. Aber Bushido ist nicht f\u00fcr seine fr\u00fchen Texte mit dem BAMBI ausgezeichnet worden. Im Gegenteil: Bushido hat sich ganz klar von seinen Aussagen von vor 10 Jahren distanziert. Er hat sich schon lange \u00f6ffentlich zu seinen Fehlern bekannt. Patrizia Riekel hat daher zurecht von einer zweiten Chance gesprochen.<\/p><\/blockquote>\n<p>Komisch, da\u00df Peter Maffay weiterhin versucht, die Angelegenheit mit der &#8222;zweiten Chance&#8220; zu begr\u00fcnden, wo die, <del datetime=\"2011-11-11T14:16:14+00:00\">die ihm das ganze eingebrockt hat<\/del> Hauptverantwortliche das f\u00fcr gar nicht notwendig h\u00e4lt. Patrizia Riekel betont gestern abend im ARD-Nachtjournal, da\u00df man sich von seinen damaligen Texten eben NICHT distanzieren muss:<\/p>\n<blockquote><p>&#8222;Ich wundere mich ein bi\u00dfchen \u00fcber die Aufregung. Bushido ist ein Rapper. Und zur Rapperkultur geh\u00f6ren provokante und aggresive Texte.&#8220;<\/p><\/blockquote>\n<p>Peter Maffay ist wirklich nicht zu beneiden. Immerhin versucht er, der ganzen Sache jetzt doch noch einen Sinn abzuringen:<\/p>\n<blockquote><p>&#8222;Jede Auszeichnung ist zugleich eine Verpflichtung f\u00fcr die, die sie bekommen. Dieser BAMBI holt einen Musiker ab, der sich auf den richtigen Weg begibt und eine Chance verdient. Und die Jury hat Bushido jetzt in die Pflicht genommen.&#8220;<\/p><\/blockquote>\n<p>Warum ist eigentlich diese &#8222;Verpflichtung&#8220; Argumentation niemanden in der Begr\u00fcndung des Preises eingefallen? Warum nicht Peter Maffay selbst in seiner Laudatio?<\/p>\n<p>Man darf in seinem Sinne f\u00fcr ihn annehmen, da\u00df er diese nicht selbst geschrieben hat, daf\u00fcr aber die nachgeschobene Rechtfertigung erst meint. Das w\u00fcrde aber die Sache nicht besser besser machen. Wenn es ihm und der Jury wirklich darum geht, Bushido auf den &#8222;richtigen Weg&#8220; zu halten, warum tut er und die Jury nichts daf\u00fcr? Der erste Schritt w\u00e4re doch, da\u00df man den &#8222;falschen Weg&#8220; auch wirklich verl\u00e4\u00dft.<\/p>\n<p>Warum aber werden dann seine Platten von damals dann heute noch verkauft? Peter Maffay k\u00f6nnte zeigen, da\u00df er das mit der Pflicht auch wirklich so meint. Er k\u00f6nnte dazu beitragen, da\u00df seine Texte nicht noch weiter zum Hass anstiften! Mal schaun, wie erst er es wirklich meint.<\/p>\n","protected":false},"excerpt":{"rendered":"<p>Peter Maffay sah gestern abend nicht so aus, als w\u00fcrde er verstehen, in was er da gerade reingeritten worden ist. Es ehrt ihn aber, da\u00df er nicht versucht, sich da irgendwie rauszureden. Soeben hat er einen Text online stellen lassen, der seinen Auftritt erkl\u00e4ren soll. &#8222;Wenn Plate sagt, einen Musiker, der &#8218;frauenfeindliche Texte, schwulenfeindliche Texte &#8230; <a title=\"Peter Maffay meint es gut und macht es schlimmer\" class=\"read-more\" href=\"https:\/\/www.nollendorfblog.de\/?p=830\" aria-label=\"Mehr Informationen \u00fcber Peter Maffay meint es gut und macht es schlimmer\">Weiterlesen<\/a><\/p>\n","protected":false},"author":1,"featured_media":0,"comment_status":"open","ping_status":"open","sticky":false,"template":"","format":"standard","meta":{"footnotes":""},"categories":[157,1],"tags":[27,28,29],"class_list":["post-830","post","type-post","status-publish","format-standard","hentry","category-157","category-politik","tag-bambi-hubert-burda-media","tag-bushido","tag-patrizia-riekel"],"_links":{"self":[{"href":"https:\/\/www.nollendorfblog.de\/index.php?rest_route=\/wp\/v2\/posts\/830","targetHints":{"allow":["GET"]}}],"collection":[{"href":"https:\/\/www.nollendorfblog.de\/index.php?rest_route=\/wp\/v2\/posts"}],"about":[{"href":"https:\/\/www.nollendorfblog.de\/index.php?rest_route=\/wp\/v2\/types\/post"}],"author":[{"embeddable":true,"href":"https:\/\/www.nollendorfblog.de\/index.php?rest_route=\/wp\/v2\/users\/1"}],"replies":[{"embeddable":true,"href":"https:\/\/www.nollendorfblog.de\/index.php?rest_route=%2Fwp%2Fv2%2Fcomments&post=830"}],"version-history":[{"count":21,"href":"https:\/\/www.nollendorfblog.de\/index.php?rest_route=\/wp\/v2\/posts\/830\/revisions"}],"predecessor-version":[{"id":5628,"href":"https:\/\/www.nollendorfblog.de\/index.php?rest_route=\/wp\/v2\/posts\/830\/revisions\/5628"}],"wp:attachment":[{"href":"https:\/\/www.nollendorfblog.de\/index.php?rest_route=%2Fwp%2Fv2%2Fmedia&parent=830"}],"wp:term":[{"taxonomy":"category","embeddable":true,"href":"https:\/\/www.nollendorfblog.de\/index.php?rest_route=%2Fwp%2Fv2%2Fcategories&post=830"},{"taxonomy":"post_tag","embeddable":true,"href":"https:\/\/www.nollendorfblog.de\/index.php?rest_route=%2Fwp%2Fv2%2Ftags&post=830"}],"curies":[{"name":"wp","href":"https:\/\/api.w.org\/{rel}","templated":true}]}}