{"id":8410,"date":"2017-12-17T09:23:37","date_gmt":"2017-12-17T07:23:37","guid":{"rendered":"http:\/\/www.nollendorfblog.de\/?p=8410"},"modified":"2019-03-02T11:57:55","modified_gmt":"2019-03-02T09:57:55","slug":"geheim-und-exklusiv-die-geleakte-weihnachtsansprache-von-angela-merkel","status":"publish","type":"post","link":"https:\/\/www.nollendorfblog.de\/?p=8410","title":{"rendered":"Geheim und exklusiv: Die geleakte Weihnachtsansprache von Angela Merkel"},"content":{"rendered":"<p>Liebe Mitb\u00fcrgerinnen und Mitb\u00fcrger,<\/p>\n<p>2017 war ein historisches Jahr. Deutschland ist wieder auf Augenh\u00f6he mit anderen gro\u00dfen westlichen Demokratien. Lange waren wir eines der Schlusslichter Europas und nun ist es endlich gelungen, wieder an die Werteentwicklung des Westens anzuschlie\u00dfen.<\/p>\n<p>Der Artikel 3 unseres Grundgesetzes sagt unmissverst\u00e4ndlich: \u201eAlle Menschen sind vor dem Gesetz gleich.\u201c Doch erst seit diesem Jahr sind alle Menschen in Deutschland wirklich vor dem Gesetz gleich. Denn erst seit diesem Jahr gibt es kein Verbot mehr, das es einem Teil der Menschen in Deutschland verwehrt, den zu heiraten, den sie lieben.<\/p>\n<p>Liebe Mitb\u00fcrgerinnen und Mitb\u00fcrger, wie Sie wissen, war dies nicht mein Verdienst. Aber nicht nur das: Ich habe auch versucht, dies um jeden Preis zu verhindern. Ebenso liegt es in meiner Verantwortung, dass es &#8211; anders als dies bei unseren westlichen Partnerl\u00e4ndern \u00fcblich war &#8211; keine angemessene W\u00fcrdigung der Regierung f\u00fcr diesen historischen Schritt gab. Ebenfalls ist es meine Verantwortung, dass es keine W\u00fcrdigung des Unrechts und der Diskriminierung gab, f\u00fcr deren \u00dcberwindung der Schritt der Ehe\u00f6ffnung eine wichtige Voraussetzung war.<\/p>\n<p>Dies m\u00f6chte ich nun nachholen. Damit nicht l\u00e4nger warten zu wollen, hat auch damit zu tun, dass es in Deutschland eine besonders widerw\u00e4rtige staatliche Verfolgung Homosexueller gegeben hat, und dass es f\u00fcr diese nie eine wirklich w\u00fcrdige Entschuldigung gegeben hat. Es ist wichtig, jetzt dar\u00fcber zu reden, weil nur noch wenige, die auf diese Entschuldigung seit Jahrzehnten warten, noch am Leben sind.<\/p>\n<p>Ich m\u00f6chte, dass Sie, ich m\u00f6chte, dass diese Opfer in das neue Jahr gehen k\u00f6nnen, mit dem klaren Bekenntnis der Bundesregierung durch ihre oberste Repr\u00e4sentantin, dass nicht sie es waren, die Unrecht begangen haben, sondern wir, der Staat. Es bedr\u00fcckt mich, dass es meine eigene Partei war, die\u00a0 in all den Jahrzehnten immer auf der Seite derjenigen gek\u00e4mpft hat, die f\u00fcr ein Weiterf\u00fchren der staatlichen Verfolgung &#8211; und als diese dann gegen unseren Willen abgeschafft wurde &#8211; f\u00fcr die Weiter-Diskriminierung Homosexueller gek\u00e4mpft hat. Niemand wei\u00df, wie viel Leid, wie viele Selbstmorde, wie viele gebrochene Existenzen, wie viel Denunziation, Erpressung, wie viele zerst\u00f6rte Familien die Folge dieser Politik bis heute sind. Und niemand wei\u00df, wie viel der heutigen Abwertungen Homosexueller auch damit zu tun hat, dass wir uns dieser Vergangenheit nie angemessen gestellt haben.<\/p>\n<p>Ich zitiere:<\/p>\n<p>&#8222;Ausgepr\u00e4gter als in anderen Bereichen hat die Rechtsordnung gegen\u00fcber der m\u00e4nnlichen Homosexualit\u00e4t die Aufgabe, durch die sittenbildende Kraft des Strafgesetzes einen Damm gegen die die Ausbreitung eines\u00a0lasterhaften Treibens zu errichten, das, wenn es um sich griffe, eine schwere Gefahr f\u00fcr eine gesunde und nat\u00fcrliche Lebensordnung im Volke bedeuten w\u00fcrde.&#8220;<\/p>\n<p>Das war im Jahr 1963 mein Vorg\u00e4nger als Bundeskanzler und Parteivorsitzende Konrad Adenauer, der mitverantwortlich daf\u00fcr ist, dass der von den Nazis versch\u00e4rfte Paragraph 175 auch in der Bundesrepublik seine G\u00fcltigkeit behielt.<\/p>\n<p>Ich sch\u00e4me mich daf\u00fcr, dass es 55 Jahre dauern musste, bis ebenfalls ein Bundeskanzler, eine Bundeskanzlerin, sich der Verantwortung dieser Tradition stellt. Ich sch\u00e4me mich um so mehr, als dass es wieder meine Partei und die Konrad Adenauers war, die dieses Jahr, als es um die Entsch\u00e4digung der Opfer dieses Paragraphen ging, auf eine weitere Diskriminierung durch das Einsetzen auf Alterdifferenz gegen\u00fcber Heterosexuellen bestanden hat. Wir haben\u00a0 den Opfern, die so viel Leid erfahren mussten, damit noch an dem Tag gedem\u00fctigt,\u00a0 der eigentlich h\u00e4tte der sein sollen, an dem ihnen\u00a0endlich Genugtuung und Frieden geg\u00f6nnt ist. Der Bundestag hat im Jahr 2000 das entstandene Unrecht einger\u00e4umt und gleichzeitig kritisiert, dass eine\u00a0Auseinandersetzung verweigert wurde. Es w\u00e4re meine Aufgabe gewesen, diese Auseinandersetzung zu f\u00f6rdern. Gef\u00f6rdert haben wir stattdessen weitere Diskriminierung. Ich sch\u00e4me mich daf\u00fcr, dass es auch heute noch in der Bundesregierung mit der CSU eine Partei gibt, die die f\u00fcr unsere Gesellschaft so wichtige und endlich notwendige schulische Erziehung zu Respekt und Vielfalt als Fr\u00fchsexualisierung diffamiert. All dies muss nun endlich ein Ende haben!<\/p>\n<p>Ich m\u00f6chte die Gelegenheit nutzen, mich bei bei allen Lesben, Schwulen,\u00a0 Trans- und Intermenschen und deren Unterst\u00fctzer ihrer Rechte und Interessen bedanken. Dass sie sich trotz des Widerstandes f\u00fcr ein besseres, menschlicheres Deutschland eingesetzt haben. Ich m\u00f6chte Ihnen dazu gratulieren, dass sie den Mut daf\u00fcr hatten, das Richtige zu tun, auch wenn der Staat noch daf\u00fcr gestritten hat, dass es falsch ist.<\/p>\n<p>Es ist unm\u00f6glich den vielen verschiedenen Ebenen struktureller Diskriminierung homo-, trans-, und intersexueller Menschen gerecht zu werden. Doch ich m\u00f6chte ein Beispiel nennen, weil es Hoffnung macht, dass wir\u00a0 uns irgendwann einmal des ganzen Ausma\u00dfes annehmen k\u00f6nnen: Bis in die 80er Jahre konnten lesbische M\u00fctter nach Urteilen deutscher Gerichte ihre Kinder verlieren. Dies soll nun aufgekl\u00e4rt werden. Bitte helfen Sie dabei, wenn Sie konkrete F\u00e4lle kennen, wenn Sie Zeitzeuge sind und wenden sie sich bitte etwa an das rheinland-pf\u00e4lzische Ministerium f\u00fcr Familie, Frauen, Jugend, Integration und Verbraucherschutz oder die Bundesstiftung Magnus Hirschfeld.<\/p>\n<p>Ebenfalls m\u00f6chte ich diese Ansprache nutzen f\u00fcr eine Aufgabe, der wir uns alle verbunden f\u00fchlen sollten:<br \/>\nEs waren 50.000 Menschen, die bis in die 70er Jahre durch den Paragraphen 175 verurteilt worden. Bisher haben nur 68 ihre Entsch\u00e4digung beantragt, f\u00fcr nur 38 wurde sie bisher bewilligt.<\/p>\n<p>Lassen Sie uns alles daf\u00fcr tun, die Menschen zu finden, denen diese Entsch\u00e4digung zusteht. Lassen Sie uns gemeinsam alles daf\u00fcr tun, dass diese Menschen die letzten Jahre ihres Lebens den Respekt der ganzen Gesellschaft sp\u00fcren k\u00f6nnen. Lassen Sie uns stellvertretend f\u00fcr die, die nicht die Gr\u00f6\u00dfe hatten, rechtzeitig \u201eEntschuldigung\u201c zu sagen, um Verzeihung zu bitten.<br \/>\nLassen Sie uns daf\u00fcr sorgen, dass die Kinder die im neuen Jahr 2018 geboren werden, in einem Deutschland aufwachsen, in dem die Abwertung von Menschen, egal aus welchem Grund, nie wieder geduldet wird.<\/p>\n<p>Bitte helfen Sie mit, diesen Aufruf zu verbreiten.<\/p>\n<p>Ich w\u00fcnsche Ihnen und Ihren Familien von Herzen ein gesegnetes Weihnachtsfest, ein\u00a0 frohes neues Jahr, Gl\u00fcck, Gesundheit und Gottes Segen. \u2666<\/p>\n<p><strong>Mach Dir selbst ein Weihnachtsgeschenk: Ein- Nollendorfblog-Unterst\u00fctzerabo ab 3 Euro. Hier:<\/strong><\/p>\n<p><a href=\"https:\/\/steadyhq.com\/de\/nollendorfblog\"><img loading=\"lazy\" decoding=\"async\" class=\"alignleft size-full wp-image-8351\" src=\"https:\/\/www.nollendorfblog.de\/wp-content\/uploads\/2017\/11\/steady_button.png\" alt=\"\" width=\"850\" height=\"150\" srcset=\"https:\/\/www.nollendorfblog.de\/wp-content\/uploads\/2017\/11\/steady_button.png 850w, https:\/\/www.nollendorfblog.de\/wp-content\/uploads\/2017\/11\/steady_button-300x53.png 300w, https:\/\/www.nollendorfblog.de\/wp-content\/uploads\/2017\/11\/steady_button-768x136.png 768w\" sizes=\"auto, (max-width: 850px) 100vw, 850px\" \/><\/a><\/p>\n<p>&#8212;<\/p>\n<p><em>Hintergrund:<\/em><\/p>\n<p><em> <a href=\"https:\/\/www.nollendorfblog.de\/?p=8291\">Das Nollendorfblog braucht Deine Unterst\u00fctzung.<\/a><\/em><\/p>\n<p>&#8212;<\/p>\n<p><em>\u00a9 Foto\u00a0 [<a href=\"https:\/\/upload.wikimedia.org\/wikipedia\/commons\/9\/93\/Angela_Merkel_2016.jpg\">CC BY 2.0<\/a> (<a href=\"http:\/\/creativecommons.org\/licenses\/by\/2.0)],\">http:\/\/creativecommons.org\/licenses\/by\/2.0)], <\/a>via Wikimedia Commons<\/em><\/p>\n<p><em>&#8212;<\/em><\/p>\n<p><em>Diesen Beitrag bei Facebook liken \/ Teilen:<\/em><\/p>\n","protected":false},"excerpt":{"rendered":"<p> &#8222;Bitte helfen Sie mit, diesen Aufruf zu verbreiten.&#8220;<\/p>\n","protected":false},"author":1,"featured_media":8428,"comment_status":"open","ping_status":"open","sticky":false,"template":"","format":"standard","meta":{"footnotes":""},"categories":[163,1],"tags":[115],"class_list":["post-8410","post","type-post","status-publish","format-standard","has-post-thumbnail","hentry","category-163","category-politik","tag-angela-merkel"],"_links":{"self":[{"href":"https:\/\/www.nollendorfblog.de\/index.php?rest_route=\/wp\/v2\/posts\/8410","targetHints":{"allow":["GET"]}}],"collection":[{"href":"https:\/\/www.nollendorfblog.de\/index.php?rest_route=\/wp\/v2\/posts"}],"about":[{"href":"https:\/\/www.nollendorfblog.de\/index.php?rest_route=\/wp\/v2\/types\/post"}],"author":[{"embeddable":true,"href":"https:\/\/www.nollendorfblog.de\/index.php?rest_route=\/wp\/v2\/users\/1"}],"replies":[{"embeddable":true,"href":"https:\/\/www.nollendorfblog.de\/index.php?rest_route=%2Fwp%2Fv2%2Fcomments&post=8410"}],"version-history":[{"count":27,"href":"https:\/\/www.nollendorfblog.de\/index.php?rest_route=\/wp\/v2\/posts\/8410\/revisions"}],"predecessor-version":[{"id":8441,"href":"https:\/\/www.nollendorfblog.de\/index.php?rest_route=\/wp\/v2\/posts\/8410\/revisions\/8441"}],"wp:featuredmedia":[{"embeddable":true,"href":"https:\/\/www.nollendorfblog.de\/index.php?rest_route=\/wp\/v2\/media\/8428"}],"wp:attachment":[{"href":"https:\/\/www.nollendorfblog.de\/index.php?rest_route=%2Fwp%2Fv2%2Fmedia&parent=8410"}],"wp:term":[{"taxonomy":"category","embeddable":true,"href":"https:\/\/www.nollendorfblog.de\/index.php?rest_route=%2Fwp%2Fv2%2Fcategories&post=8410"},{"taxonomy":"post_tag","embeddable":true,"href":"https:\/\/www.nollendorfblog.de\/index.php?rest_route=%2Fwp%2Fv2%2Ftags&post=8410"}],"curies":[{"name":"wp","href":"https:\/\/api.w.org\/{rel}","templated":true}]}}