{"id":8442,"date":"2017-12-18T00:56:41","date_gmt":"2017-12-17T22:56:41","guid":{"rendered":"http:\/\/www.nollendorfblog.de\/?p=8442"},"modified":"2020-01-19T12:58:30","modified_gmt":"2020-01-19T10:58:30","slug":"herr-gabbana-kann-uns-egal-sein-seine-marke-nicht","status":"publish","type":"post","link":"https:\/\/www.nollendorfblog.de\/?p=8442","title":{"rendered":"Herr Gabbana kann uns egal sein. Aber seine Marke nicht."},"content":{"rendered":"<p>Stefano Gabbana, Mitinhaber des Modekonzerns &#8222;Dolce&amp;Gabbana&#8220; m\u00f6chte nicht schwul genannt werden.<\/p>\n<p><a href=\"http:\/\/www.queer.de\/detail.php?article_id=30306\">Queer.de zitiert aus einem Interview<\/a> mit der Sonntagsausgabe der &#8222;Corriere della Sera&#8220; :<\/p>\n<blockquote><p>&#8222;Ich will nicht als schwul bezeichnet werden, weil ich ein Mensch bin. Ich finde es unglaublich, dass man heute noch diesen Begriff verwendet&#8220;<\/p>\n<p>&#8222;Das Wort schwul ist von jenen entworfen worden, die ein Label brauchen, und ich m\u00f6chte nicht aufgrund meiner sexuellen Wahl identifiziert werden&#8220;.<\/p>\n<p>&#8222;Ich denke, eine \u00f6ffentliche Pers\u00f6nlichkeit zu sein, kann helfen, eine neue Kultur zu verbreiten, die nicht l\u00e4nger auf Gay Rights, sondern auf Menschenrechten basiert. Bevor wir schwul, hetero- oder bisexuell sind, sind wir Menschen.&#8220;<\/p>\n<p>&#8222;Klassifizieren f\u00fchrt nur zu Problemen: Gay-Kino, Gay-Lokale, Gay-Kultur. Wovon sprechen wir? Kino, B\u00fccher und Kultur geh\u00f6ren allen.&#8220;<\/p>\n<p>&#8222;Die Begriffe dienen oft dazu, sich zu verteidigen. Aber ich m\u00f6chte von niemandem verteidigt werden, denn ich habe nichts falsch gemacht. Ich bin einfach ein Mann.&#8220;<\/p>\n<p>&#8222;Wenn in Grundschulen Kindern gelehrt wird, dass M\u00e4nner unabh\u00e4ngig von ihrer sexuellen Orientierung M\u00e4nner bleiben, w\u00fcrden wir einen gro\u00dfen Schritt nach vorne machen.&#8220;<\/p><\/blockquote>\n<p>Das Unverst\u00e4ndnis und der Protest, der sich gegen diese \u00c4u\u00dferungen richtet, ist verst\u00e4ndlich. Das Problem ist nur: Der Protest ist genau der Grund, warum Gabbana so etwas sagt. Es mag sein, dass das, was Gabbana in diesem Interview sagt, irgendetwas mit ihm selbts zu tun hat, mit dem, was er denkt und f\u00fchlt. Aber das ist ziemlich irrelevant. Denn der Name Gabbana ist soviel gr\u00f6\u00dfer als der, der ihm geh\u00f6rt, er ist Teil eine der wichtigsten Modemarken der Welt. Ein Inhaber einer solchen Marke sagt in einem solchen Interview nichts, was diese Marke gef\u00e4hrdet. Wir reden also nicht \u00fcber die pers\u00f6nlichen Ansichten des Designers, sondern \u00fcber Marketing-Aussagen, auch wenn sich diese decken sollten.<\/p>\n<p>Europa ist f\u00fcr solche Marken ein immer unwichtigerer Markt. Wichtiger ist S\u00fcdost-Asien, aber auch Russland und die Arabische Welt. In den Malls und Duty Free Shops der L\u00e4nder, in denen Homosexuelle am meisten gehasst werden, h\u00e4ngen die Namen von Dolce &amp; Gabbana am gr\u00f6\u00dften. Die M\u00e4nner dort wollen keine schwulen G\u00fcrtel tragen. Er m\u00f6chte seine Marke vor dem Schwulen in seinem Namen sch\u00fctzen. Er m\u00f6chte seine Marke vor den Schwulen sch\u00fctzen. Darum, nur darum geht es in dem Interview. Dolce&amp;Gabbana d\u00fcrfen sich nennen wie sie wollen, sie d\u00fcrfen auf die Bewegung spucken und auf sich schwul nennende Schwule herabblicken. Die Emanzipationsbewegung k\u00e4mpft auch f\u00fcr die Arschl\u00f6cher unter uns. Herr Gabbana kann uns egal sein.<\/p>\n<p>Aber seine Marke nicht. Sie, so d\u00fcrfen wir dieses Interview verstehen, ist ab heute unser Feind.<\/p>\n<p>&#8212;<\/p>\n<p><a href=\"http:\/\/www.queer.de\/detail.php?article_id=30306\">Hier der ganze Queer.de Artikel. \/\u00a0<\/a>Screeenshot: Queer.de<\/p>\n<p><strong>Mach Dir selbst ein Weihnachtsgeschenk: Ein- Nollendorfblog-Unterst\u00fctzerabo ab 3 Euro. Hier:<\/strong><\/p>\n<p><a href=\"https:\/\/steadyhq.com\/de\/nollendorfblog\"><img loading=\"lazy\" decoding=\"async\" class=\"alignleft size-full wp-image-8351\" src=\"https:\/\/www.nollendorfblog.de\/wp-content\/uploads\/2017\/11\/steady_button.png\" alt=\"\" width=\"850\" height=\"150\" srcset=\"https:\/\/www.nollendorfblog.de\/wp-content\/uploads\/2017\/11\/steady_button.png 850w, https:\/\/www.nollendorfblog.de\/wp-content\/uploads\/2017\/11\/steady_button-300x53.png 300w, https:\/\/www.nollendorfblog.de\/wp-content\/uploads\/2017\/11\/steady_button-768x136.png 768w\" sizes=\"auto, (max-width: 850px) 100vw, 850px\" \/><\/a><\/p>\n<p>&nbsp;<\/p>\n<p><em>Hintergrund:<\/em><\/p>\n<p><em> <a href=\"https:\/\/www.nollendorfblog.de\/?p=8291\">Das Nollendorfblog braucht Deine Unterst\u00fctzung.<\/a><\/em><\/p>\n<p>&#8212;<\/p>\n<p><em>Diesen Beitrag bei Facebook liken \/ teilen:<\/em><\/p>\n","protected":false},"excerpt":{"rendered":"<p>Die Emanzipationsbewegung k\u00e4mpft auch f\u00fcr die Arschl\u00f6cher unter uns. Herr Gabbana kann uns egal sein. Aber seine Marke nicht. <\/p>\n","protected":false},"author":1,"featured_media":8446,"comment_status":"open","ping_status":"open","sticky":false,"template":"","format":"standard","meta":{"footnotes":""},"categories":[163,55,186],"tags":[],"class_list":["post-8442","post","type-post","status-publish","format-standard","has-post-thumbnail","hentry","category-163","category-community","category-wirtschaft"],"_links":{"self":[{"href":"https:\/\/www.nollendorfblog.de\/index.php?rest_route=\/wp\/v2\/posts\/8442","targetHints":{"allow":["GET"]}}],"collection":[{"href":"https:\/\/www.nollendorfblog.de\/index.php?rest_route=\/wp\/v2\/posts"}],"about":[{"href":"https:\/\/www.nollendorfblog.de\/index.php?rest_route=\/wp\/v2\/types\/post"}],"author":[{"embeddable":true,"href":"https:\/\/www.nollendorfblog.de\/index.php?rest_route=\/wp\/v2\/users\/1"}],"replies":[{"embeddable":true,"href":"https:\/\/www.nollendorfblog.de\/index.php?rest_route=%2Fwp%2Fv2%2Fcomments&post=8442"}],"version-history":[{"count":10,"href":"https:\/\/www.nollendorfblog.de\/index.php?rest_route=\/wp\/v2\/posts\/8442\/revisions"}],"predecessor-version":[{"id":8454,"href":"https:\/\/www.nollendorfblog.de\/index.php?rest_route=\/wp\/v2\/posts\/8442\/revisions\/8454"}],"wp:featuredmedia":[{"embeddable":true,"href":"https:\/\/www.nollendorfblog.de\/index.php?rest_route=\/wp\/v2\/media\/8446"}],"wp:attachment":[{"href":"https:\/\/www.nollendorfblog.de\/index.php?rest_route=%2Fwp%2Fv2%2Fmedia&parent=8442"}],"wp:term":[{"taxonomy":"category","embeddable":true,"href":"https:\/\/www.nollendorfblog.de\/index.php?rest_route=%2Fwp%2Fv2%2Fcategories&post=8442"},{"taxonomy":"post_tag","embeddable":true,"href":"https:\/\/www.nollendorfblog.de\/index.php?rest_route=%2Fwp%2Fv2%2Ftags&post=8442"}],"curies":[{"name":"wp","href":"https:\/\/api.w.org\/{rel}","templated":true}]}}