{"id":8455,"date":"2017-12-21T10:10:37","date_gmt":"2017-12-21T08:10:37","guid":{"rendered":"http:\/\/www.nollendorfblog.de\/?p=8455"},"modified":"2019-03-02T11:57:54","modified_gmt":"2019-03-02T09:57:54","slug":"wer-ist-schuld-fuer-die-demuetigung-von-wolfgang-lauinger-ich-haette-gerne-namen","status":"publish","type":"post","link":"https:\/\/www.nollendorfblog.de\/?p=8455","title":{"rendered":"Wer ist Schuld f\u00fcr die Dem\u00fctigung von Wolfgang Lauinger? Ich h\u00e4tte gerne Namen."},"content":{"rendered":"<p style=\"text-align: right;\"><em>Screenshot: Video Magnus Hirschfeld Stiftung<\/em><\/p>\n<p>Es gibt Menschen, f\u00fcr die war die Bundesrepublik ein Unrechtsstaat. Was sie erlebten, gleicht den schlimmsten Schikanen &#8211; der SED-Diktatur. Diese Menschen waren schwul.<\/p>\n<p>Einer von ihnen ist diese Woche gestorben. Wolfgang Lauinger wurde 99 Jahre alt. Die Nazis hatten ihn verhaftet, weil er in einer rebellischen Swing Jugend war, sie versuchten, in der Homosexualit\u00e4t zu &#8222;\u00fcberf\u00fchren&#8220;. Die Justiz der fr\u00fchen Adenauer-Zeit brachte ihn dann im Rahmen einer gro\u00dfangelegten systematischen Homosexuellen-Verfolgung mit ca. 100 anderen Opfern mit Hilfe des Paragraphen 175 mehrere Monate in Untersuchungshaft. Und, wie er sp\u00e4ter berichtete, mit Hilfe von Akten der Gestapo. Als alter Herr wurde es ihm wichtig, \u00fcber diese Zeit aufzukl\u00e4ren. Er sprach vor Schulen \u00fcber seine Homosexualit\u00e4t. Und er engagierte sich unerm\u00fcdlich f\u00fcr das Gesetz zur Rehabilitierung und Entsch\u00e4digung. Als das Gesetz dann kam, stellte auch er einen Antrag. Die Antwort erreichte ihn am 9. Oktober, wenige Wochen vor seinem Tod: Abgelehnt.<\/p>\n<p>Man kann sich den Grund hierf\u00fcr nicht perfider vorstellen: Da er nach der Untersuchungshaft nicht verurteilt worden ist, f\u00e4llt er nicht unter das Entsch\u00e4digungsgesetz.<\/p>\n<p>Die Frage ist: Handelt es sich dabei um eine unbeabsichtigte Gesetzesl\u00fccke?<\/p>\n<p>Oder war denen, die das Gesetz gemacht haben, klar, welche Konsequenz das f\u00fcr Menschen wie Lauinger haben w\u00fcrde? War ihnen klar, dass diese am Ende ihres Lebens und am Ende ihres langen Kampfes gegen ein erwiesenes Unrecht kurz vor ihrem Tod ein zweitseitiges Beh\u00f6rdenscheiben mit dem Betreff &#8222;Versagung der Entsch\u00e4digung&#8220; quasi als eine Art Abschiedsgeschenk des Staates, als eine Art Grabbeigabe mit auf den Weg bekommen w\u00fcrden?<\/p>\n<p>Also: Gibt es Politiker, die ein solches Szenario absichtlich herbeigef\u00fchrt haben?<\/p>\n<p>Ich habe gestern mit Juliane L\u00f6ffler telefoniert, die Ende November f\u00fcr Buzzfeed das letzte Interview mit Lauinger gef\u00fchrt hat. Es ist die bewegende Geschichte eines lebenslustigen stolzen Mannes, der seine W\u00fcrde verteidigt, dem es um Gerechtigkeit geht. (<a href=\"https:\/\/www.buzzfeed.com\/julianeloeffler\/als-homosexueller-verfolgt-und-entschadigung-175?utm_term=.xqbbQOX0Z#.csDAmKQMd\">Hier der wirklich sehr lesenswerte Bericht<\/a>).\u00a0 L\u00f6ffler erz\u00e4hlte mir, wie stark und bestimmt dieser Mann am Ende seinen Lebens noch war. Aber auch wie er in sich zusammenf\u00e4llt, wie tief getroffen er wirkt, als sie ihn auf die verweigerte Entsch\u00e4digung anspricht. Schon die Tatsache, dass die Union kurz vor der Verabschiedung des Gesetzes auf den Altersdifferenz zu heterosexuellen Opfern besteht, und somit die schwulen Opfer noch einmal bewusst abwertet, entsetzt ihn.\u00a0 Dass aber das Gesetz Menschen wie ihn explizit ausschloss, weil sie nicht verurteilt wurden, macht ihn fassungslos. Er kann er sich einfach nicht erkl\u00e4ren. Wie auch? Er wird ganz ruhig, als er dar\u00fcber spricht, stoppt schlie\u00dflich, kann, will nicht mehr weiterreden. &#8222;Das Atmen f\u00e4llt ihm sichtlich schwer, er sinkt in seinem Sessel zur\u00fcck.&#8220;, schreibt L\u00f6ffler, sie\u00a0bricht das Interview an diesem Punkt ab.<\/p>\n<p>Man muss es so deutlich sagen: Die letzen \u00f6ffentlichen Worte dieses Helden sind gepr\u00e4gt von Schmach, die ihm dieser Staat zugef\u00fcgt hat.<\/p>\n<p>Wer ist daf\u00fcr verantwortlich? Wer wusste, dass das Gesetz genau dazu f\u00fchren wird? Wer hat darauf bestanden, dass das passiert?<\/p>\n<p>Gegen\u00fcber Buzzfeed spricht Justizminister Heiko Maas vor ein paar Wochen, als die Ablehnung des Antrags bekannt wurde, davon, dass ein solches Gesetz &#8222;nat\u00fcrlich auch solche F\u00e4lle erfassen\u201c sollten, es aber\u00a0&#8222;notwendige Kompromisse&#8220; gegeben habe: \u201eDas sind Kompromisse der Bundestagsfraktionen, die man meiner Auffassung nach nicht gebraucht h\u00e4tte.\u201c Laut Maas war es also kein Versehen. Man hat die, die\u00a0&#8222;nur&#8220; in Untersuchungshaft waren, nicht einfach nur vergessen,<\/p>\n<p>Wenn das stimmt, wenn ich das richtig verstehe, gab es also eine Bundestagsfraktion, die darauf bestanden hat. Wenn ich das richtig verstehe, dann hat die Union auf diese &#8222;Kompromisse&#8220; gepocht, die zu dieser Regelung gef\u00fchrt haben.<\/p>\n<p>Wenn das so war, dann m\u00f6chte ich gerne wissen: Wer war das genau? Wer hat das verhandelt? Wer in der Unions-Fraktion wusste davon? Welcher Politiker hat im Feilschen um das Gesetz den Vorschlag gemacht, dass man ja nicht alle entsch\u00e4digen m\u00fcsse? Welchem Politiker war es so wichtig, dass eines der dunkelsten Kapitel deutscher Nachkriegsgeschichte f\u00fcr einige der Opfer dunkel bleibt? Wissend, dass die wenigen Menschen, die noch erreicht werden k\u00f6nnen, nur noch wenige Jahre zu leben haben, sich\u00a0 also\u00a0 nicht dagegen wehren k\u00f6nnen, nicht darauf warten k\u00f6nnen, dass es irgendwann mal ein Gesetz ohne diese &#8222;Kompromisse&#8220; gibt.<\/p>\n<p>Wer wollte ein Gesetz, das f\u00fcr Menschen wie Lauinger am Ende ihres Lebens nach den Dem\u00fctigen unter Hitler und Adenauer, auch noch eine abschlie\u00dfende unter Merkel bereit h\u00e4lt?<\/p>\n<p>Was sind das f\u00fcr Leute? Wer sind diese Leute?* Ich h\u00e4tte gerne Namen. Ich m\u00f6chte gerne, dass man diese Namen kennt.<\/p>\n<p>&#8212;<\/p>\n<p>PS: Ich habe vor ein paar Tagen eine Satire dazu geschrieben. Aber ich meine es bitter Ernst. <a href=\"https:\/\/www.nollendorfblog.de\/?p=8410\">Eine nicht gehaltene Rede und die &#8222;Charakter-, W\u00fcrde- und Ehrlosigkeit von Angela Merkel&#8220; (Leserkommentar).<\/a><\/p>\n<p><strong>Das Nollendorfblog ist unabh\u00e4ngig und werbefrei und lebt von der freiwilligen Unterst\u00fctzung seiner Leserinnen und Leser.\u00a0<\/strong><\/p>\n<p><a href=\"https:\/\/steadyhq.com\/de\/nollendorfblog\"><img loading=\"lazy\" decoding=\"async\" class=\"alignleft size-full wp-image-8351\" src=\"https:\/\/www.nollendorfblog.de\/wp-content\/uploads\/2017\/11\/steady_button.png\" alt=\"\" width=\"850\" height=\"150\" srcset=\"https:\/\/www.nollendorfblog.de\/wp-content\/uploads\/2017\/11\/steady_button.png 850w, https:\/\/www.nollendorfblog.de\/wp-content\/uploads\/2017\/11\/steady_button-300x53.png 300w, https:\/\/www.nollendorfblog.de\/wp-content\/uploads\/2017\/11\/steady_button-768x136.png 768w\" sizes=\"auto, (max-width: 850px) 100vw, 850px\" \/><\/a><\/p>\n<p>&nbsp;<\/p>\n<p><em>Mehr dazu:\u00a0<\/em><em><a href=\"https:\/\/www.nollendorfblog.de\/?p=8291\">Das Nollendorfblog braucht Deine Unterst\u00fctzung.<\/a><\/em><\/p>\n<p>* Hintergrundinformationen gerne an\u00a0kontakt (at) nollendorfblog.de<\/p>\n","protected":false},"excerpt":{"rendered":"<p>Gesetzesl\u00fccke oder Absicht? Wer ist verantwortlich f\u00fcr die letzte Dem\u00fctigung des jetzt verstorbenen Paragraph 175-Opfers?<\/p>\n","protected":false},"author":1,"featured_media":8459,"comment_status":"open","ping_status":"open","sticky":false,"template":"","format":"standard","meta":{"footnotes":""},"categories":[163,1],"tags":[],"class_list":["post-8455","post","type-post","status-publish","format-standard","has-post-thumbnail","hentry","category-163","category-politik"],"_links":{"self":[{"href":"https:\/\/www.nollendorfblog.de\/index.php?rest_route=\/wp\/v2\/posts\/8455","targetHints":{"allow":["GET"]}}],"collection":[{"href":"https:\/\/www.nollendorfblog.de\/index.php?rest_route=\/wp\/v2\/posts"}],"about":[{"href":"https:\/\/www.nollendorfblog.de\/index.php?rest_route=\/wp\/v2\/types\/post"}],"author":[{"embeddable":true,"href":"https:\/\/www.nollendorfblog.de\/index.php?rest_route=\/wp\/v2\/users\/1"}],"replies":[{"embeddable":true,"href":"https:\/\/www.nollendorfblog.de\/index.php?rest_route=%2Fwp%2Fv2%2Fcomments&post=8455"}],"version-history":[{"count":19,"href":"https:\/\/www.nollendorfblog.de\/index.php?rest_route=\/wp\/v2\/posts\/8455\/revisions"}],"predecessor-version":[{"id":8476,"href":"https:\/\/www.nollendorfblog.de\/index.php?rest_route=\/wp\/v2\/posts\/8455\/revisions\/8476"}],"wp:featuredmedia":[{"embeddable":true,"href":"https:\/\/www.nollendorfblog.de\/index.php?rest_route=\/wp\/v2\/media\/8459"}],"wp:attachment":[{"href":"https:\/\/www.nollendorfblog.de\/index.php?rest_route=%2Fwp%2Fv2%2Fmedia&parent=8455"}],"wp:term":[{"taxonomy":"category","embeddable":true,"href":"https:\/\/www.nollendorfblog.de\/index.php?rest_route=%2Fwp%2Fv2%2Fcategories&post=8455"},{"taxonomy":"post_tag","embeddable":true,"href":"https:\/\/www.nollendorfblog.de\/index.php?rest_route=%2Fwp%2Fv2%2Ftags&post=8455"}],"curies":[{"name":"wp","href":"https:\/\/api.w.org\/{rel}","templated":true}]}}