{"id":8478,"date":"2017-12-25T18:46:12","date_gmt":"2017-12-25T16:46:12","guid":{"rendered":"http:\/\/www.nollendorfblog.de\/?p=8478"},"modified":"2019-03-02T11:57:54","modified_gmt":"2019-03-02T09:57:54","slug":"spdqueer-chefin-scharfe-kritik-an-sigmar-gabriels-homo-bashing","status":"publish","type":"post","link":"https:\/\/www.nollendorfblog.de\/?p=8478","title":{"rendered":"&#8222;Abgehoben&#8220;: SPDQueer-Chefin \u00fcbt scharfe Kritik an Sigmar Gabriels Homo-Bashing"},"content":{"rendered":"<p style=\"text-align: right;\"><em>Foto: (c) spdqueer.spd.de<\/em><\/p>\n<p>Ohne ihn direkt namentlich zu nennen, hat die SPDQueer-Bundesvorsitzende Petra Nowacki scharfe Kritik\u00a0 an dem gesch\u00e4ftsf\u00fchrenden Au\u00dfenminister und ehemaligen SPD-Chef Sigmar Gabriel ge\u00fcbt und ihm Abgehobenheit und weitreichende Vers\u00e4umnisse vorgeworfen. Es ist die \u00f6ffentliche Distanzierung der ehemals &#8222;Schwusos&#8220; genannten Organisation auf Bundesebene, zu dem, was ich hier im Nollendorfblog als <a href=\"https:\/\/www.nollendorfblog.de\/?p=8383\">&#8222;Gabriels Homo-Bashing&#8220;<\/a> beschrieben hatte, wenn auch in einem privat formulierten gepfefferten Weihnachtsgru\u00df auf\u00a0<a href=\"https:\/\/www.facebook.com\/photo.php?fbid=1675225852536893&amp;set=a.391796690879822.88444.100001484827904&amp;type=3&amp;theater\">Facebook.<\/a><\/p>\n<p>Gabriel hatte in einem Beitrag \u00fcber die Gr\u00fcnde des schlechten Zustandes seiner Partei f\u00fcr den SPIEGEL geschrieben:<\/p>\n<blockquote><p>\u201eDas \u00dcberma\u00df, die Radikalit\u00e4t der Postmoderne ist es, die das Unbehagen n\u00e4hrt.\u201c<\/p><\/blockquote>\n<p>und dies in Verbindung mit der Entscheidung f\u00fcr die &#8222;Ehe f\u00fcr alle&#8220; gebracht.<\/p>\n<p>Weiter schrieb er von\u00a0&#8222;diesem Schlachtruf der Postmoderne &#8218;Anything goes'&#8220; in einem Zusammenhang von\u00a0 gleichen Rechten &#8222;f\u00fcr jedwede Art von Lebensentw\u00fcrfen.&#8220;<\/p>\n<div class=\"gmail_default\"><\/div>\n<div>Nowacki zeigt sich in ihrer Widerrede stolz auf ihre Partei und ihre Rolle bei der Ehe f\u00fcr alle und der Rehabilitierung der Opfer des 175. Es mache sie aber umso betr\u00fcblicher, dass es<\/div>\n<blockquote>\n<div><\/div>\n<div>&#8222;<span class=\"text_exposed_show\">prominente Genoss*innen gibt, die den Stolz nicht teilen und diese Form der Schaffung von Gerechtigkeit gar als postmodern bezeichnen und dar\u00fcber hinaus noch unterstellen, der einfache Industriearbeiter verstehe diese #Anything-Goes-Mentalit\u00e4t&#8216; nicht.&#8220;<\/span><\/div>\n<\/blockquote>\n<p><span class=\"text_exposed_show\">Nowacki weiter:<\/span><\/p>\n<blockquote><p><span class=\"text_exposed_show\">&#8222;Als aus einer Bergarbeiterfamilie stammendes Ruhrgebietskind frage ich mich, wie abgehoben man eigentlich werden kann. Menschen mit Herzensw\u00e4rme haben ein sicheres Gesp\u00fcr daf\u00fcr, was gerecht ist. Dass jeder ein freies und selbstbestimmtes Leben f\u00fchren kann, geh\u00f6rt dazu.&#8220;<\/span><\/p><\/blockquote>\n<p><span class=\"text_exposed_show\"> Indirekt macht sie Gabriel mitverantwortlich f\u00fcr die Zust\u00e4nde, die er kritisiert:<br \/>\n<\/span><\/p>\n<blockquote><p><span class=\"text_exposed_show\"> &#8222;Wie w\u00e4re es, wenn man dann mit einem so unglaublichen Potential, rechtzeitig Strategien entwickelt h\u00e4tte oder sie zumindest f\u00fcr die Zukunft entwickeln w\u00fcrde, um die Lebensbedingungen aller Menschen zu verbessern, prek\u00e4re Verh\u00e4ltnisse zu beseitigen und zum Himmel schreiende Ungerechtigkeiten abzuschaffen, anstatt sich sinnlos mit Fehlinterpretationen zu den Begriffen Heimat und Leitkultur zu besch\u00e4ftigen und dabei unzul\u00e4ssige Abw\u00e4gungen und Vergleiche vorzunehmen.&#8220;<\/span><\/p><\/blockquote>\n<p>Sie schlie\u00dft ihren Weihnachtsgru\u00df mit einem eindringlichen Appell an ihre Partei:<\/p>\n<blockquote><p><span class=\"text_exposed_show\">\u00a0&#8222;Liebe Sozialdemokratie, bleibe auf deinem Weg und bewahre den Schutz von Minderheiten weiterhin als eines der modernen Gerechtigkeitsthemen! Schlechte Wahlergebnisse sind unsch\u00f6n. Deshalb unzul\u00e4ssige Kausalzusammenh\u00e4nge herzustellen, w\u00e4re jedoch \u00e4u\u00dferst t\u00f6richt!&#8220;\u00a0\u2666<\/span><\/p><\/blockquote>\n<p><strong>Das Nollendorfblog ist unabh\u00e4ngig und werbefrei und lebt von der freiwilligen Unterst\u00fctzung seiner Leserinnen und Leser.\u00a0<\/strong><\/p>\n<p><a href=\"https:\/\/steadyhq.com\/de\/nollendorfblog\"><img loading=\"lazy\" decoding=\"async\" class=\"alignleft size-full wp-image-8351\" src=\"https:\/\/www.nollendorfblog.de\/wp-content\/uploads\/2017\/11\/steady_button.png\" alt=\"\" width=\"850\" height=\"150\" srcset=\"https:\/\/www.nollendorfblog.de\/wp-content\/uploads\/2017\/11\/steady_button.png 850w, https:\/\/www.nollendorfblog.de\/wp-content\/uploads\/2017\/11\/steady_button-300x53.png 300w, https:\/\/www.nollendorfblog.de\/wp-content\/uploads\/2017\/11\/steady_button-768x136.png 768w\" sizes=\"auto, (max-width: 850px) 100vw, 850px\" \/><\/a><\/p>\n<p>&nbsp;<\/p>\n<p><em>Mehr dazu:\u00a0<\/em><em><a href=\"https:\/\/www.nollendorfblog.de\/?p=8291\">Das Nollendorfblog braucht Deine Unterst\u00fctzung.<\/a><\/em><\/p>\n<p>&#8212;<\/p>\n<p><em>Hintergrund hier im Blog:<\/em><\/p>\n<p><em><a href=\"https:\/\/www.nollendorfblog.de\/?p=8383\">Sigmar Gabriels Homo-Bashing: Wer gleiche Rechte gegen Gerechtigkeit ausspielt, kann kein Sozialdemokrat sein<\/a><\/em><\/p>\n","protected":false},"excerpt":{"rendered":"<p>&#8222;Als aus einer Bergarbeiterfamilie stammendes Ruhrgebietskind frage ich mich, wie abgehoben man eigentlich werden kann. Menschen mit Herzensw\u00e4rme haben ein sicheres Gesp\u00fcr daf\u00fcr, was gerecht ist. Dass jeder ein freies und selbstbestimmtes Leben f\u00fchren kann, geh\u00f6rt dazu.&#8220;<\/p>\n","protected":false},"author":1,"featured_media":8481,"comment_status":"open","ping_status":"open","sticky":false,"template":"","format":"standard","meta":{"footnotes":""},"categories":[163,1],"tags":[154],"class_list":["post-8478","post","type-post","status-publish","format-standard","has-post-thumbnail","hentry","category-163","category-politik","tag-sigmar-gabriel"],"_links":{"self":[{"href":"https:\/\/www.nollendorfblog.de\/index.php?rest_route=\/wp\/v2\/posts\/8478","targetHints":{"allow":["GET"]}}],"collection":[{"href":"https:\/\/www.nollendorfblog.de\/index.php?rest_route=\/wp\/v2\/posts"}],"about":[{"href":"https:\/\/www.nollendorfblog.de\/index.php?rest_route=\/wp\/v2\/types\/post"}],"author":[{"embeddable":true,"href":"https:\/\/www.nollendorfblog.de\/index.php?rest_route=\/wp\/v2\/users\/1"}],"replies":[{"embeddable":true,"href":"https:\/\/www.nollendorfblog.de\/index.php?rest_route=%2Fwp%2Fv2%2Fcomments&post=8478"}],"version-history":[{"count":12,"href":"https:\/\/www.nollendorfblog.de\/index.php?rest_route=\/wp\/v2\/posts\/8478\/revisions"}],"predecessor-version":[{"id":8491,"href":"https:\/\/www.nollendorfblog.de\/index.php?rest_route=\/wp\/v2\/posts\/8478\/revisions\/8491"}],"wp:featuredmedia":[{"embeddable":true,"href":"https:\/\/www.nollendorfblog.de\/index.php?rest_route=\/wp\/v2\/media\/8481"}],"wp:attachment":[{"href":"https:\/\/www.nollendorfblog.de\/index.php?rest_route=%2Fwp%2Fv2%2Fmedia&parent=8478"}],"wp:term":[{"taxonomy":"category","embeddable":true,"href":"https:\/\/www.nollendorfblog.de\/index.php?rest_route=%2Fwp%2Fv2%2Fcategories&post=8478"},{"taxonomy":"post_tag","embeddable":true,"href":"https:\/\/www.nollendorfblog.de\/index.php?rest_route=%2Fwp%2Fv2%2Ftags&post=8478"}],"curies":[{"name":"wp","href":"https:\/\/api.w.org\/{rel}","templated":true}]}}