{"id":8495,"date":"2017-12-30T11:23:10","date_gmt":"2017-12-30T09:23:10","guid":{"rendered":"http:\/\/www.nollendorfblog.de\/?p=8495"},"modified":"2019-03-02T11:57:54","modified_gmt":"2019-03-02T09:57:54","slug":"bitte-unterstuetzt-die-online-petition-umbenennung-der-konrad-adenauer-strasse-in-wolfgang-lauinger-strasse","status":"publish","type":"post","link":"https:\/\/www.nollendorfblog.de\/?p=8495","title":{"rendered":"Bitte unterst\u00fctzt die Online-Petition: &#8222;Umbenennung der Konrad Adenauer Stra\u00dfe in Wolfgang Lauinger Stra\u00dfe&#8220;"},"content":{"rendered":"<p>Ich habe das Nachts gemacht vor fast zwei Wochen, richtig w\u00fctend auf die Ungerechtigkeit, die Wolfgang Lauinger widerfahren ist.\u00a0 Bei change.org hatte ich eine Kampagne gestartet, in der ich fordere, dass die Konrad Adenauer Stra\u00dfe gegen\u00fcber des Reichstages in Wolfgang Lauinger Stra\u00dfe umbenannt werden soll. Ich habe das dann auf Facebook gepostet, aber nach einer Minute wieder gel\u00f6scht.<\/p>\n<p>Ich war mir nicht mehr sicher, ob das wirklich eine eingemessene Aktion ist. Oder doch eine Spur zu laut, zu piet\u00e4tlos, zu albern. Nach der L\u00f6schung bei Facebook war ich mir sicher, dass die Aktion damit gestoppt ist. Die unverlinkte Seite auf change.org w\u00fcrde sowieso niemand finden.<\/p>\n<p>Eben habe ich eine Mail bekommen:<\/p>\n<blockquote><p>Lieber Herr Kram,<\/p>\n<p>ich bin eine nahe Freundin von Wolfgang Lauinger und wollte Ihnen nur sagen: Mit Ihrem Vorschlag haben Sie mir in sehr traurigen Tagen eine gro\u00dfe Freude und einen herzhaften Lacher geschenkt. Und ich kann Ihnen versichern: Wolfgang lacht mit.<\/p>\n<p>Kommen Sie gut ins neue Jahr!<\/p>\n<p>Herzliche Gr\u00fc\u00dfe von B.<\/p><\/blockquote>\n<p>Ich habe mich dann noch mal bei der Dame gemeldet und gefragt, ob sie auch wirklich die Sache mit der Stra\u00dfe meint. Sie best\u00e4tigte mir das und schrieb, dass sie den Link gerade an ganz viele Menschen geschickt habe, und hofft, das viele unterschreiben werden.<\/p>\n<p>Okay! Also ziehen wir die Sache jetzt durch!<\/p>\n<p>Halb als\u00a0 ernsthaftes Anliegen und halb im Wissen, dass er seine Freude daran gehabt h\u00e4tte.<\/p>\n<p>Und ganz in dem Sinne, das Gedenken an Wolfgang Lauinger auch mit dieser Aktion am Leben zu halten.<\/p>\n<p>Also:<\/p>\n<p>Bitte helft mir bei folgender Petition:<\/p>\n<div class=\"\">\n<div class=\"petitioning-decision-makers-modal\" data-decision_makers_json=\"[{&quot;id&quot;:4997006,&quot;display_name&quot;:&quot;Bezirksamt Berlin Mitte&quot;,&quot;email&quot;:null,&quot;type&quot;:&quot;Custom&quot;,&quot;slug&quot;:&quot;bezirksamt-berlin-mitte-2&quot;,&quot;description&quot;:null,&quot;photo_id&quot;:null,&quot;publicly_visible&quot;:false,&quot;verified_at&quot;:null,&quot;summary&quot;:null,&quot;locale&quot;:null,&quot;confirmed_at&quot;:null,&quot;is_person&quot;:true,&quot;member_of&quot;:{},&quot;additional_data&quot;:{&quot;first_name&quot;:&quot;Bezirksamt&quot;,&quot;last_name&quot;:&quot;Berlin Mitte&quot;,&quot;title&quot;:null}}]\" data-view=\"petitions\/components\/petitioning_decision_makers_modal\" data-primary_dm_title=\"\" data-whom=\"Bezirksamt Berlin Mitte\" data-num_other_dms=\"0\" data-primary_dm_link=\"\" data-render=\"true\">\n<h4 class=\"js-dm-modal\">Petition richtet sich an <span class=\"link link-subtle\"> Bezirksamt Berlin Mitte<\/span><\/h4>\n<\/div>\n<\/div>\n<h2>Umbenennung der Konrad Adenauer Stra\u00dfe in Wolfgang Lauinger Stra\u00dfe<\/h2>\n<h4>Bergr\u00fcndung:<\/h4>\n<h4>Wolfgang Lauinger wurde wegen seiner Homosexualit\u00e4t in der Adenauer-Zeit verfolgt und mehrere Monate inhaftiert. F\u00fcr das im Juli 2017 verabschiedete Gesetz, mit dem nach 1945 verfolgte Homosexuelle rehabilitieren und entsch\u00e4digt werden sollen, hat Lauinger jahrelang gek\u00e4mpft. Lauinger starb im Dezember 2017. Wenige Wochen vorher hatte er erfahren, dass seine pers\u00f6nliche Rehabilitierung durch eine Gesetzesl\u00fccke im Entsch\u00e4digungsgesetz verwehrt wurde, da er damals nach der Untersuchungshaft nicht schuldig gesprochen wurde. Die Benennung der jetzigen Konrad Adenauer Stra\u00dfe im Blickfeld des Reichstags w\u00e4re eine angemessene W\u00fcrdigung der Lebensleistung Lauingers. Konrad Adenauer, der jetzige Namesgeber der Stra\u00dfe, hatte sich in den 50ern pers\u00f6nlich f\u00fcr die Beibehaltung der Homosexuellenverfolgung durch von den Nazis versch\u00e4rfte Version des Paragrafen 175 eingesetzt.<\/h4>\n<p><a href=\"https:\/\/www.change.org\/p\/bezirksamt-berlin-mitte-umbenennung-der-konrad-adenauer-stra%C3%9Fe-in-wolfgang-lauinger-stra%C3%9Fe\"><strong>Bitte unterschreibt hier bei change.org<\/strong><\/a><\/p>\n<p>Und bitte teilt diesen Beitrag!<\/p>\n<p>Danke<\/p>\n<p>Johannes \u2666<\/p>\n<p><strong>Schon dabei? Das Nollendorfblog ist unabh\u00e4ngig und werbefrei und lebt von der freiwilligen Unterst\u00fctzung seiner Leserinnen und Leser.\u00a0<\/strong><\/p>\n<p><a href=\"https:\/\/steadyhq.com\/de\/nollendorfblog\"><img loading=\"lazy\" decoding=\"async\" class=\"alignleft size-full wp-image-8351\" src=\"https:\/\/www.nollendorfblog.de\/wp-content\/uploads\/2017\/11\/steady_button.png\" alt=\"\" width=\"850\" height=\"150\" srcset=\"https:\/\/www.nollendorfblog.de\/wp-content\/uploads\/2017\/11\/steady_button.png 850w, https:\/\/www.nollendorfblog.de\/wp-content\/uploads\/2017\/11\/steady_button-300x53.png 300w, https:\/\/www.nollendorfblog.de\/wp-content\/uploads\/2017\/11\/steady_button-768x136.png 768w\" sizes=\"auto, (max-width: 850px) 100vw, 850px\" \/><\/a><\/p>\n<p>&nbsp;<\/p>\n<p><em>Mehr dazu:\u00a0<\/em><em><a href=\"https:\/\/www.nollendorfblog.de\/?p=8291\">Das Nollendorfblog braucht Deine Unterst\u00fctzung.<\/a><\/em><\/p>\n<p>&#8212;<\/p>\n<p>Hintergrund:<\/p>\n<p><a href=\"https:\/\/www.nollendorfblog.de\/?p=8455\">Wer ist Schuld f\u00fcr die Dem\u00fctigung von Wolfgang Lauinger?<\/a><\/p>\n","protected":false},"excerpt":{"rendered":"<p>&#8222;Die Benennung der jetzigen Konrad Adenauer Stra\u00dfe im Blickfeld des Reichstags w\u00e4re eine angemessene W\u00fcrdigung der Lebensleistung Lauingers. Konrad Adenauer, der jetzige Namesgeber der Stra\u00dfe, hatte sich in den 50ern pers\u00f6nlich f\u00fcr die Beibehaltung der Homosexuellenverfolgung durch von den Nazis versch\u00e4rfte Version des Paragrafen 175 eingesetzt.&#8220;<\/p>\n","protected":false},"author":1,"featured_media":8500,"comment_status":"open","ping_status":"open","sticky":false,"template":"","format":"standard","meta":{"footnotes":""},"categories":[163,1],"tags":[],"class_list":["post-8495","post","type-post","status-publish","format-standard","has-post-thumbnail","hentry","category-163","category-politik"],"_links":{"self":[{"href":"https:\/\/www.nollendorfblog.de\/index.php?rest_route=\/wp\/v2\/posts\/8495","targetHints":{"allow":["GET"]}}],"collection":[{"href":"https:\/\/www.nollendorfblog.de\/index.php?rest_route=\/wp\/v2\/posts"}],"about":[{"href":"https:\/\/www.nollendorfblog.de\/index.php?rest_route=\/wp\/v2\/types\/post"}],"author":[{"embeddable":true,"href":"https:\/\/www.nollendorfblog.de\/index.php?rest_route=\/wp\/v2\/users\/1"}],"replies":[{"embeddable":true,"href":"https:\/\/www.nollendorfblog.de\/index.php?rest_route=%2Fwp%2Fv2%2Fcomments&post=8495"}],"version-history":[{"count":20,"href":"https:\/\/www.nollendorfblog.de\/index.php?rest_route=\/wp\/v2\/posts\/8495\/revisions"}],"predecessor-version":[{"id":8516,"href":"https:\/\/www.nollendorfblog.de\/index.php?rest_route=\/wp\/v2\/posts\/8495\/revisions\/8516"}],"wp:featuredmedia":[{"embeddable":true,"href":"https:\/\/www.nollendorfblog.de\/index.php?rest_route=\/wp\/v2\/media\/8500"}],"wp:attachment":[{"href":"https:\/\/www.nollendorfblog.de\/index.php?rest_route=%2Fwp%2Fv2%2Fmedia&parent=8495"}],"wp:term":[{"taxonomy":"category","embeddable":true,"href":"https:\/\/www.nollendorfblog.de\/index.php?rest_route=%2Fwp%2Fv2%2Fcategories&post=8495"},{"taxonomy":"post_tag","embeddable":true,"href":"https:\/\/www.nollendorfblog.de\/index.php?rest_route=%2Fwp%2Fv2%2Ftags&post=8495"}],"curies":[{"name":"wp","href":"https:\/\/api.w.org\/{rel}","templated":true}]}}