{"id":8601,"date":"2018-01-28T12:41:27","date_gmt":"2018-01-28T10:41:27","guid":{"rendered":"http:\/\/www.nollendorfblog.de\/?p=8601"},"modified":"2019-03-02T13:13:32","modified_gmt":"2019-03-02T11:13:32","slug":"missbrauchsvorwuerfe-hat-dieter-wedel-versucht-die-schwulen-vor-den-bus-zu-werfen","status":"publish","type":"post","link":"https:\/\/www.nollendorfblog.de\/?p=8601","title":{"rendered":"Missbrauchsvorw\u00fcrfe: Hat Dieter Wedel versucht, die Schwulen vor den Bus zu werfen?"},"content":{"rendered":"<p style=\"text-align: right;\">Foto: \u00a9\u00a0<a class=\"extiw\" title=\"de:User:JCS\" href=\"https:\/\/de.wikipedia.org\/wiki\/User:JCS\"><i>JCS&#8216;<\/i><\/a>\u00a0\/\u00a0<span class=\"plainlinks noprint\">Lizenz:\u00a0<a class=\"external text\" href=\"https:\/\/creativecommons.org\/licenses\/by-sa\/3.0\/\" rel=\"nofollow\">CC-BY-SA-3.0<\/a>\u00a0\/\u00a0<a class=\"extiw\" title=\"w:en:Wikipedia:Text of the GNU Free Documentation License\" href=\"https:\/\/en.wikipedia.org\/wiki\/en:Wikipedia:Text_of_the_GNU_Free_Documentation_License\">GFDL<\/a><\/span><\/p>\n<p>Kann es Zufall sein, dass der Mann, der in der deutschen Metoo-Debatte die schwule Dimension zum Thema machte und der Mann, dem bisher die heftigsten Vorw\u00fcrfe sexualisierter Gewalt gegen Frauen gemacht werden, derselbe ist?<\/p>\n<p>Noch bevor die ZEIT von den <a href=\"http:\/\/www.zeit.de\/kultur\/film\/2018-01\/sexualdelikte-dieter-wedel-regisseur-ermittlungsverfahren-vergewaltigung\">Anschuldigungen gegen den Regisseur Dieter Wedel<\/a> (die er alle bestreitet, und weshalb auch hier seine Unschuld vermutet werden muss) berichtete, hatte der sich bereits zu Metoo ge\u00e4u\u00dfert. Allerdings nicht als mutma\u00dflicher T\u00e4ter, sondern angebliches Opfer. In einer <a href=\"http:\/\/www.sueddeutsche.de\/news\/wirtschaft\/medien---bad-hersfeld-dieter-wedel-als-junger-schauspieler-sexuell-belaestigt-dpa.urn-newsml-dpa-com-20090101-171120-99-950927\">dpa-Meldung<\/a> vom 22. November 2017 hei\u00dft es:<\/p>\n<blockquote><p>&#8222;Er sei als junger Schauspieler f\u00fcr schwul gehalten worden, sagte Wedel dem Radiosender Hit Radio FFH: \u00abDie schwulen Regisseure und homosexuellen Schauspieler haben mich m\u00e4chtig unter Druck gesetzt.\u00bb Aber er habe nicht nachgegeben und sei auch nicht gebrochen worden. Aufgeh\u00f6rt h\u00e4tten die Bel\u00e4stigungen, als er 30 und ein bekannter Regisseur war.&#8220;<\/p><\/blockquote>\n<p>Leider ist das Original-Interview online nicht mehr zu finden, man kann also nicht nachh\u00f6ren, ob er Metoo selbst aufbrachte, oder ob er danach gefragt wurde. Obwohl letztes wahrscheinlich ist &#8211; die Diskussion war damals allgegenw\u00e4rtig und es war naheliegend, in einem Gespr\u00e4ch mit einem der m\u00e4chtigsten deutschen Vertreter der Branche diesen darauf anzusprechen &#8211; so muss dem Regisseur doch bewusst gewesen sein, dass er hier eine News in die Welt setzt: Starregisseur wurde als junger Mann von Schwulen bel\u00e4stigt. Es ist die Gegenkonstellation zur Kevin Spacey-Geschichte: Dort ist der Promi der T\u00e4ter, hier der (sp\u00e4tere) Promi das Opfer. Aber auch in anderer Hinsicht sind beide F\u00e4lle miteinander verwandt. Beide Male, ob bewusst oder unbewusst, war der &#8222;schwul&#8220;-Aspekt geeignet, der Geschichte einen Spin zu verleihen, und gerade weil es bei Wedel eine Geschichte war, die noch gar nicht begonnen hatte, stellt sich die Frage, ob hier nicht der Grund daf\u00fcr zu suchen ist:<\/p>\n<p>W\u00e4hrend Spacey vorgeworfen wurde, mit seinem schwulen Coming-Out von der eigentlichen Story, also den Missbrauchvorw\u00fcrfen, ablenken zu wollen, dr\u00e4ngt sich bei Wedel der Verdacht auf, dass er versuchte, mit seiner Schwulen-Erz\u00e4hlung eine Nebelkerze z\u00fcnden zu wollen, um den drohenden Skandal um seine ihm vorgeworfenen Missbr\u00e4uche zu relativieren. Denn ganz abgesehen davon, ob diese stimmen, muss ihm bewusst gewesen sein, dass sie durch Metoo zum Thema werden k\u00f6nnten. Wie wir heute wissen, sind Anschuldigungen um gewaltt\u00e4tige \u00dcbergriffe seit Jahrzehnten nicht nur Thema unter KollegInnen sondern sogar aktenkundig.<\/p>\n<p>Da es also schwer vorstellbar erscheint, dass Wedel die Schilderungen seiner Erlebnisse als junger Schauspieler nicht im Bewusstsein der Vorw\u00fcrfe vorbrachte, die die Schauspielerinnen gegen ihn erheben, muss man sich noch einmal genauer anschauen, was er im November 2017 gesagt hat:<\/p>\n<blockquote><p>\u00abDie schwulen Regisseure und homosexuellen Schauspieler haben mich m\u00e4chtig unter Druck gesetzt.\u00bb<\/p><\/blockquote>\n<p>Erstens: Was bedeutet &#8222;unter Druck gesetzt&#8220;? Da dies alles hei\u00dfen kann von unangenehmen aber legitimen Avancen bis zu auch aus damaliger Sicht schweren Verfehlungen, ist es von Interviewer-Seite mindestens fahrl\u00e4ssig, da offensichtlich nicht genauer nachgefragt zu haben. Von Wedels Seite ist es aber ist es wohl Kalk\u00fcl. H\u00e4tte es, was ja durchaus sein kann, illegitime Vorf\u00e4lle gegeben, dann er h\u00e4tte er sie zumindest etwas konkretisieren m\u00fcssen, damit man eine Ahnung davon bekommen kann, um welche Dimension es sich handelt. Aber darum schien es Wedel nicht zu gehen, er schien darauf zu vertrauen, dass die &#8222;Dimension schwul&#8220; v\u00f6llig gen\u00fcgte. Und er hatte ja auch recht damit, wie das Medienecho zeigte. Vielleicht rechnete er damals damit, dass sein eigenes Verhalten Thema werden w\u00fcrde, aber nicht damit, wie heftig und schonungslos die Berichterstattung der ZEIT werden w\u00fcrde.<\/p>\n<p>Vielleicht hat er wirklich gedacht, mit dem Thematisieren schwuler Schuld Berichte \u00fcber seine eigene Schuld abmildern zu k\u00f6nnen. Das klingt aus heutiger Sicht im Wissen um die Anschuldigungen gegen ihn nicht nach einer besonders zielf\u00fchrenden Idee. Aber viel spricht daf\u00fcr, dass bis dahin Wedel seine ganze lange Karriere gut damit gefahren war, Vorw\u00fcrfe gegen ihn mit Gegenangriffen zu beantworten. Kam ihm daf\u00fcr die Diskussion um Kevin Spacey, oder anders: Kamen ihm die Schwulen daf\u00fcr gerade recht?<\/p>\n<p>Denn, zweitens: Wedel berichtet nicht, dass schwule Regisseure und Schauspieler ihn &#8222;m\u00e4chtig unter Druck&#8220; gesetzt h\u00e4tten. Er redet nicht von einzelnen Schwulen, sondern <em>den<\/em> Schwulen. Was er da sagt und &#8211; soweit ich das \u00fcberblicken kann &#8211; in der Berichterstattung dar\u00fcber nie hinterfragt worden ist, bedeutet: Die Schwulen waren so. Doch was bedeutet dieses &#8222;so&#8220;? Warum gaben und geben sich die betreffenden Medien damit zufrieden? Weil es so plausibel ist? Oder weil es f\u00fcr die Relevanz einer Geschichte schon ausreichend ist, wenn &#8222;schwul&#8220; drin steht?<\/p>\n<p>Durch seinen Pauschalvorwurf richtet er nicht nur ein schiefes Licht auf &#8222;die&#8220; Schwulen, sondern erschwert auch eine Sicht auf die Situation der Opfer von \u00dcbergriffen, die es durch Schwule gegeben hat. Denn, ganz abgesehen, ob er selber dazu geh\u00f6rt, m\u00fcsste es ja darum gehen, Verh\u00e4ltnisse zu beschreiben und \u00fcber diese aufzukl\u00e4ren, statt so zu tun, als ob es sich bei den, oder besser: <em>dem<\/em> &#8222;Schwulen&#8220; um etwas latent-Gef\u00e4hrliches und dar\u00fcber hinaus auch noch Unbeschreibliches handelte.<\/p>\n<p>Nach Kevin Spaceys Coming-Out im Zuge der Missbrauchsvorw\u00fcrfe gegen ihn, lautete der Vorwurf amerikanischer Aktivisten:\u00a0\u201eHe threw the gay community under the bus.\u201c<\/p>\n<p>In einer \u00e4hnlich anmutenden Situation muss man deshalb auch Dieter Wedel fragen, ob seine Geschichte von &#8222;den&#8220; Schwulen nicht vor allem das Ziel hatte, sie alle gemeinsam vor den Bus zu werfen. Dass dieser Bus durch die Ver\u00f6ffentlichungen der ZEIT eine andere Abzweigung genommen hat, ist, so schlimm es auch f\u00fcr die vermutlichen Opfer des Regisseurs ist, f\u00fcr die Metoo-Debatte ein Segen. Seine Schwulen-Geschichte (und zu ihr geh\u00f6rt auch die Tatsache, sie bis dahin so unhinterfragt funktioniert hatte) mag angesichts des jetzigen Wedel-Skandals als unwichtig erscheinen.<\/p>\n<p>Ist sie aber nicht. \u2666<\/p>\n<p><em>Mehr dazu hier im Blog: <a href=\"https:\/\/www.nollendorfblog.de\/?p=8241\">Hat Kevin Spacey\u00a0wirklich die Community \u201evor den Bus geworfen\u201c?<\/a><\/em><\/p>\n<p><strong>Bist Du schon dabei? Das Nollendorfblog ist unabh\u00e4ngig und werbefrei und lebt von der freiwilligen Unterst\u00fctzung seiner Leserinnen und Leser.<\/strong><\/p>\n<p><a href=\"https:\/\/steadyhq.com\/de\/nollendorfblog\"><img loading=\"lazy\" decoding=\"async\" class=\"alignleft size-full wp-image-8351\" src=\"https:\/\/www.nollendorfblog.de\/wp-content\/uploads\/2017\/11\/steady_button.png\" alt=\"\" width=\"850\" height=\"150\" srcset=\"https:\/\/www.nollendorfblog.de\/wp-content\/uploads\/2017\/11\/steady_button.png 850w, https:\/\/www.nollendorfblog.de\/wp-content\/uploads\/2017\/11\/steady_button-300x53.png 300w, https:\/\/www.nollendorfblog.de\/wp-content\/uploads\/2017\/11\/steady_button-768x136.png 768w\" sizes=\"auto, (max-width: 850px) 100vw, 850px\" \/><\/a><\/p>\n<p>&nbsp;<\/p>\n<p><em>Mehr dazu:\u00a0<\/em><em><a href=\"https:\/\/www.nollendorfblog.de\/?p=8291\">Das Nollendorfblog braucht Deine Unterst\u00fctzung.<\/a><\/em><\/p>\n<p>&#8212;<\/p>\n<p>Diesen Beitrag bei Facebook liken \/ sharen:<\/p>\n<p>&nbsp;<\/p>\n","protected":false},"excerpt":{"rendered":"<p>Schwer vorstellbar, dass Wedel die Schilderungen seiner Erlebnisse mit schwulen Regisseuren als junger Schauspieler nicht im Bewusstsein der Vorw\u00fcrfe vorbrachte, die die Schauspielerinnen gegen ihn erheben.<\/p>\n<p>Foto: \u00a9\u00a0JCS&#8216;\u00a0\/\u00a0Lizenz:\u00a0CC-BY-SA-3.0\u00a0\/\u00a0GFDL<\/p>\n","protected":false},"author":1,"featured_media":8608,"comment_status":"open","ping_status":"open","sticky":false,"template":"","format":"standard","meta":{"footnotes":""},"categories":[164,173,1],"tags":[149],"class_list":["post-8601","post","type-post","status-publish","format-standard","has-post-thumbnail","hentry","category-164","category-das-wichigste-aus-zehn-jahren","category-politik","tag-dieter-wedel"],"_links":{"self":[{"href":"https:\/\/www.nollendorfblog.de\/index.php?rest_route=\/wp\/v2\/posts\/8601","targetHints":{"allow":["GET"]}}],"collection":[{"href":"https:\/\/www.nollendorfblog.de\/index.php?rest_route=\/wp\/v2\/posts"}],"about":[{"href":"https:\/\/www.nollendorfblog.de\/index.php?rest_route=\/wp\/v2\/types\/post"}],"author":[{"embeddable":true,"href":"https:\/\/www.nollendorfblog.de\/index.php?rest_route=\/wp\/v2\/users\/1"}],"replies":[{"embeddable":true,"href":"https:\/\/www.nollendorfblog.de\/index.php?rest_route=%2Fwp%2Fv2%2Fcomments&post=8601"}],"version-history":[{"count":30,"href":"https:\/\/www.nollendorfblog.de\/index.php?rest_route=\/wp\/v2\/posts\/8601\/revisions"}],"predecessor-version":[{"id":8647,"href":"https:\/\/www.nollendorfblog.de\/index.php?rest_route=\/wp\/v2\/posts\/8601\/revisions\/8647"}],"wp:featuredmedia":[{"embeddable":true,"href":"https:\/\/www.nollendorfblog.de\/index.php?rest_route=\/wp\/v2\/media\/8608"}],"wp:attachment":[{"href":"https:\/\/www.nollendorfblog.de\/index.php?rest_route=%2Fwp%2Fv2%2Fmedia&parent=8601"}],"wp:term":[{"taxonomy":"category","embeddable":true,"href":"https:\/\/www.nollendorfblog.de\/index.php?rest_route=%2Fwp%2Fv2%2Fcategories&post=8601"},{"taxonomy":"post_tag","embeddable":true,"href":"https:\/\/www.nollendorfblog.de\/index.php?rest_route=%2Fwp%2Fv2%2Ftags&post=8601"}],"curies":[{"name":"wp","href":"https:\/\/api.w.org\/{rel}","templated":true}]}}