{"id":8674,"date":"2018-02-17T08:02:42","date_gmt":"2018-02-17T06:02:42","guid":{"rendered":"http:\/\/www.nollendorfblog.de\/?p=8674"},"modified":"2019-03-02T12:00:36","modified_gmt":"2019-03-02T10:00:36","slug":"berlin-koalition-aus-afd-cdu-und-b-z-schueren-angst-auf-dem-ruecken-ihrer-kinder","status":"publish","type":"post","link":"https:\/\/www.nollendorfblog.de\/?p=8674","title":{"rendered":"Berlin: Koalition aus AfD, CDU und B.Z. sch\u00fcren Angst auf dem R\u00fccken ihrer Kinder"},"content":{"rendered":"<p>Es geh\u00f6rt schon ziemlich viel fast schon kriminelle Energie dazu, aus einer Erziehung zur sexuellen Vielfalt einen Sex-Skandal zu machen. Man muss bereit sein, wider besseres Wissen, oder zumindest in Verweigerung der Kenntnisnahme eindeutiger Fakten bewusst auf dem R\u00fccken von Familien und deren Kindern Verunsicherung und Panik zu verbreiten. Denn nat\u00fcrlich wissen sie was sie tun. Die B,Z. wei\u00df, dass ihre Schlagzeile vom 16. Februar<\/p>\n<blockquote><p>&#8222;Berliner Senat verteilt Sex-Brosch\u00fcre f\u00fcr Kita-Kinder&#8220;<\/p><\/blockquote>\n<p><img loading=\"lazy\" decoding=\"async\" class=\"alignleft size-full wp-image-8675\" src=\"https:\/\/www.nollendorfblog.de\/wp-content\/uploads\/2018\/02\/Screenshot-68.png\" alt=\"\" width=\"391\" height=\"541\" srcset=\"https:\/\/www.nollendorfblog.de\/wp-content\/uploads\/2018\/02\/Screenshot-68.png 391w, https:\/\/www.nollendorfblog.de\/wp-content\/uploads\/2018\/02\/Screenshot-68-217x300.png 217w\" sizes=\"auto, (max-width: 391px) 100vw, 391px\" \/>so gelesen werden kann, dass diese Brosch\u00fcre an Kinder verteilt werden wird, was nat\u00fcrlich Bl\u00f6dsinn ist (Alles rund um die Brosch\u00fcre auf <a href=\"http:\/\/www.queer.de\/detail.php?article_id=30664\">queer.de,<\/a>).<\/p>\n<p>Die B.Z. wei\u00df auch, dass &#8222;Sex&#8220; und &#8222;Sexuelle Identit\u00e4t&#8220; v\u00f6llig unterschiedliche Dinge sind, ungef\u00e4hr so unterschiedlich wie &#8222;Kleid&#8220; und &#8222;Kleiderschrank&#8220;. Die B.Z. wei\u00df, dass sie damit den AfD-Sprech der\u00a0&#8222;neuen Sex-Brosch\u00fcre f\u00fcr Kita-Erzieher&#8220; nicht nur nachplappert, sondern sogar noch weiter zuspitzt.<\/p>\n<p>Die Berliner CDU wei\u00df, dass die B.Z. sich so etwas nur traut, weil sie selbst sich den Vorw\u00fcrfen der Populistenpartei angeschlossen hat. Die Union behauptet, &#8222;Fragen der sexuellen und geschlechtlichen Vielfalt geh\u00f6ren nicht in die Berliner Kindertagesst\u00e4tten&#8220;, so als ob es die Brosch\u00fcre sei, die diese Fragen aufwerfe und nicht daf\u00fcr da sei, Antworten auf diese zu haben. Die CDU m\u00f6chte also, dass das Personal der Kitas auf diese Fragen nicht vorbereitet sein darf. Die CDU m\u00f6chte im Verbund mit der AfD, dass man Kinder in diesen Fragen alleine l\u00e4sst. Wer versucht hier, Kinder f\u00fcr seine politischen Kampagnen zu missbrauchen?<\/p>\n<p>Die &#8222;Konservative Revolution&#8220; ist kein Hirngespinst. Sie ist konkret. In Berlin haben AfD, CDU und Springer schon mal ihr Gesicht gezeigt. Wir lernen:<\/p>\n<p>Dieser Revolution sind nicht nur LGBtI* egal, sondern auch ihre eigenen Kinder.\u00a0\u2666<\/p>\n<p>&#8212;<\/p>\n<h5><strong>\u00a0Das Buch zum Blog erscheint am 1. M\u00e4rz \/\u00a0<\/strong><strong>Der Vorverkauf\u00a0 zur Buchpr\u00e4sentation hat begonnen:\u00a0<\/strong><\/h5>\n<p>&nbsp;<\/p>\n<h5><strong>\u00a0<\/strong><strong>11. April 2018 -TIPI AM KANZLERAMT\u00a0<\/strong><\/h5>\n<h4><strong>GROSSE BUCHPR\u00c4SENTATION\u00a0<\/strong><\/h4>\n<h4><strong>MIT TALK &amp; MUSIK<\/strong><\/h4>\n<h4><strong>&#8222;ICH HAB JA NICHTS GEGEN SCHWULE, ABER &#8230;&#8220;<\/strong><\/h4>\n<h5><strong>JOHANNES KRAM &amp; G\u00c4STE\u00a0<\/strong><\/h5>\n<p>&nbsp;<\/p>\n<h5><strong>U. a. mit Volker Beck, Jade Pearl Baker, Felix Martin, Jan Feddersen,\u00a0\u00a0<\/strong><strong>Romy Haag, Stephanie Kuhnen, Lili Sommerfeld, <\/strong><strong>Georg Uecker, &#8222;Operette f\u00fcr zwei schwule Ten\u00f6re&#8220;.\u00a0\u00a0<\/strong><\/h5>\n<h5><\/h5>\n<h5><strong>Am Fl\u00fcgel: Florian Ludewig.\u00a0<\/strong><\/h5>\n<p>&nbsp;<\/p>\n<h5><strong>\u00a0<\/strong><strong>Es lesen Matthias Freihof und Pierre Sanoussi-Bliss.<\/strong><\/h5>\n<p>&nbsp;<\/p>\n<h5><strong><a href=\"https:\/\/www.tipi-am-kanzleramt.de\/de\/programm\/programmuebersicht\/johannes-kram-buchpraesentation.html\">Infos und Tickets hier.\u00a0<\/a><\/strong><\/h5>\n<h5><strong><a href=\"https:\/\/www.nollendorfblog.de\/?page_id=8536\">Mehr: &#8222;Das Buch zum Nollendorfblog.&#8220;<\/a><\/strong><\/h5>\n<p>&#8212;<\/p>\n<p><strong>Bist Du schon dabei? Das Nollendorfblog ist unabh\u00e4ngig und werbefrei und lebt von der freiwilligen Unterst\u00fctzung seiner Leserinnen und Leser.<\/strong><\/p>\n<p><a href=\"https:\/\/steadyhq.com\/de\/nollendorfblog\"><img loading=\"lazy\" decoding=\"async\" class=\"alignleft size-full wp-image-8351\" src=\"https:\/\/www.nollendorfblog.de\/wp-content\/uploads\/2017\/11\/steady_button.png\" alt=\"\" width=\"850\" height=\"150\" srcset=\"https:\/\/www.nollendorfblog.de\/wp-content\/uploads\/2017\/11\/steady_button.png 850w, https:\/\/www.nollendorfblog.de\/wp-content\/uploads\/2017\/11\/steady_button-300x53.png 300w, https:\/\/www.nollendorfblog.de\/wp-content\/uploads\/2017\/11\/steady_button-768x136.png 768w\" sizes=\"auto, (max-width: 850px) 100vw, 850px\" \/><\/a><\/p>\n<p>&nbsp;<\/p>\n<p><em>Mehr dazu:\u00a0<\/em><em><a href=\"https:\/\/www.nollendorfblog.de\/?p=8291\">Das Nollendorfblog braucht Deine Unterst\u00fctzung<\/a><\/em><\/p>\n<p>&nbsp;<\/p>\n","protected":false},"excerpt":{"rendered":"<p>Es geh\u00f6rt schon ziemlich viel fast schon kriminelle Energie dazu, aus einer Erziehung zur sexuellen Vielfalt einen Sex-Skandal zu machen. Die &#8222;Konservative Revolution&#8220; ist kein Hirngespinst. Sie ist konkret. In Berlin haben AfD, CDU und Springer schon mal ihr Gesicht gezeigt.<\/p>\n","protected":false},"author":1,"featured_media":8687,"comment_status":"open","ping_status":"open","sticky":false,"template":"","format":"standard","meta":{"footnotes":""},"categories":[164,1],"tags":[99,144,87],"class_list":["post-8674","post","type-post","status-publish","format-standard","has-post-thumbnail","hentry","category-164","category-politik","tag-afd","tag-bz","tag-cdu-csu"],"_links":{"self":[{"href":"https:\/\/www.nollendorfblog.de\/index.php?rest_route=\/wp\/v2\/posts\/8674","targetHints":{"allow":["GET"]}}],"collection":[{"href":"https:\/\/www.nollendorfblog.de\/index.php?rest_route=\/wp\/v2\/posts"}],"about":[{"href":"https:\/\/www.nollendorfblog.de\/index.php?rest_route=\/wp\/v2\/types\/post"}],"author":[{"embeddable":true,"href":"https:\/\/www.nollendorfblog.de\/index.php?rest_route=\/wp\/v2\/users\/1"}],"replies":[{"embeddable":true,"href":"https:\/\/www.nollendorfblog.de\/index.php?rest_route=%2Fwp%2Fv2%2Fcomments&post=8674"}],"version-history":[{"count":33,"href":"https:\/\/www.nollendorfblog.de\/index.php?rest_route=\/wp\/v2\/posts\/8674\/revisions"}],"predecessor-version":[{"id":8710,"href":"https:\/\/www.nollendorfblog.de\/index.php?rest_route=\/wp\/v2\/posts\/8674\/revisions\/8710"}],"wp:featuredmedia":[{"embeddable":true,"href":"https:\/\/www.nollendorfblog.de\/index.php?rest_route=\/wp\/v2\/media\/8687"}],"wp:attachment":[{"href":"https:\/\/www.nollendorfblog.de\/index.php?rest_route=%2Fwp%2Fv2%2Fmedia&parent=8674"}],"wp:term":[{"taxonomy":"category","embeddable":true,"href":"https:\/\/www.nollendorfblog.de\/index.php?rest_route=%2Fwp%2Fv2%2Fcategories&post=8674"},{"taxonomy":"post_tag","embeddable":true,"href":"https:\/\/www.nollendorfblog.de\/index.php?rest_route=%2Fwp%2Fv2%2Ftags&post=8674"}],"curies":[{"name":"wp","href":"https:\/\/api.w.org\/{rel}","templated":true}]}}