{"id":8819,"date":"2018-04-14T21:09:46","date_gmt":"2018-04-14T19:09:46","guid":{"rendered":"http:\/\/www.nollendorfblog.de\/?p=8819"},"modified":"2019-03-02T12:00:36","modified_gmt":"2019-03-02T10:00:36","slug":"analverkehr-ist-der-deutsche-witz-warum-ich-ein-buch-ueber-homophobie-geschrieben-habe-2-2","status":"publish","type":"post","link":"https:\/\/www.nollendorfblog.de\/?p=8819","title":{"rendered":"Gloria von Thurn und Taxis: K\u00f6nnen auch Frauen schwulen Selbsthass haben?"},"content":{"rendered":"<p style=\"text-align: right;\">Foto:\u00a0By\u00a0 8mobili) [CC BY-SA 2.0 de (<a href=\"https:\/\/creativecommons.org\/licenses\/by-sa\/2.0\/de\/deed.en\">https:\/\/creativecommons.org\/licenses\/by-sa\/2.0\/de\/deed.en<\/a>)]<\/p>\n<p>Schwuler Selbsthass ist eine schlimme Sache: Die eigene Veranlagung, das eigene Sein, steht im Widerspruch zum Bewusstsein, zum Weltbild und der Vorstellung davon, welche Rolle das eigene Ich darin zu spielen hat.<\/p>\n<p><a href=\"http:\/\/www.queer.de\/detail.php?article_id=9332\">Der<\/a><a href=\"https:\/\/www.br.de\/nachrichten\/fuerstin-gloria-sorgt-sich-um-das-ansehen-des-heterosexuellen-manns-100.html\"> \u00f6ffentliche<\/a> <a href=\"http:\/\/www.queer.de\/detail.php?article_id=29466\">Umgang<\/a> der F\u00fcrstin von Thurn und Taxis mit dem Thema Schwulsein (ich spreche hier bewusst von Schwulsein und nicht von Homosexualit\u00e4t) stellt ein musterg\u00fcltiges Anschauungsmaterial zu diesem Ph\u00e4nomen dar: Einerseits das Zelebrieren und Auskosten schwuler kultureller Codes und emanzipatorischer Errungenschaften. Und dann immer wieder die dunkle Seite, die Abbitte, der religi\u00f6se Wahn, die \u00f6ffentlich verk\u00fcndete Distanz.<\/p>\n<p>Doch wie passt dieses Ph\u00e4nomen zu einer wom\u00f6glich heterosexuellen Mutter? Wie kann es passiert sein,\u00a0 dass ein Gebrechen, unter dem normalerweise nur schwule M\u00e4nner zu leiden haben, eine Frau heimsucht? Kann man sich Umst\u00e4nde vorstellen, unter denen das m\u00f6glich ist?<\/p>\n<p>Eigentlich nicht. Wirklich nicht. Unm\u00f6glich. Es sei denn, &#8211; nun, dann m\u00fcssten wirklich unglaubliche Dinge passiert sein. Man m\u00fcsste sich Dinge vorstellen, die so surreal sind, dass die Diskrepanz zwischen Sein und Bewusstsein so galaktisch und monstr\u00f6s ist, dass da etwas entstanden ist, das es eigentlich gar nicht geben kann.<\/p>\n<p>Reden wir jetzt mal nicht \u00fcber Gloria. Stellen wir uns einen fiktiven Fall vor. Konstruieren wir einmal eine Situation, in der eine solche \u00dcbertragung schwulen Selbsthasses zwar nicht vorstellbar, aber immerhin plausibel erscheinen w\u00fcrde. Wie gesagt: Rein theoretisch und unter Annahme v\u00f6llig abwegiger Konstellationen. Es m\u00fcsste eine Frau sein, die eine\u00a0 schwule Geschichte hat, die h\u00f6chst traumatisch und widerspr\u00fcchlich ist, die in einer Welt spielt, in der einen alten, reichen schwulen Mann zu heiraten und von ihm Kinder zu bekommen, nicht nur bedeutet einen alten, reichen schwulen Mann zu heiraten und von ihm Kinder zu bekommen. Sondern auch eine Dynastie retten, eine jahrhundertelange Tradition und nebenbei noch ein Milliardenverm\u00f6gen. Und waswei\u00dfich. Was bedeuten k\u00f6nnte, dass sich die eigenen geliebten Kinder als Ergebnis eines wie auch immer gearteten Mega-Deals anf\u00fchlen k\u00f6nnten, einer, der unter den vorherrschenden Moralvorstellungen gleich doppelt schmutzig ist. Und wenn wir uns das alles noch in einem Setting vorstellen w\u00fcrden, das mit &#8222;katholisch&#8220; nur unzureichend beschrieben ist, in der Katholikenbezug pers\u00f6nliche Freundschaft und Loyalit\u00e4t zu Kardin\u00e4len und sogar P\u00e4psten umfasst. Wenn das alles also in einer Welt geschehen w\u00fcrde, in der alles so schrecklich auszuhalten, so schwer zu vereinbaren und zu erkl\u00e4ren ist: W\u00e4re da nicht das Prinzip der S\u00fcnde eine willkommene, eine fast schon logische Selbst-, Familien- und Weltbildrettung? Weil ja Homosexualit\u00e4t in dieser Geschichte immer Fluch und Segen zugleich w\u00e4re, ganz einfach, weil es ohne Homosexualit\u00e4t, ohne diesen schmutzig gef\u00fchlten Deal mit einem Homosexuellen, diese Geschichte, diese Familie, diese Dynastie gar nicht geben w\u00fcrde?<\/p>\n<p>Aber warum dann \u00fcber all das nachdenken, wenn es mit Gloria von Thurn und Taxis nichts, aber auch gar nichts zu tun hat? Ganz einfach: Weil es eine Hoffnung gibt, dass der schwule Selbsthass von Gloria von Thurn und Taxis genau wie der schwule Selbsthass aller Schwulen dieser Welt einmal Geschichte sein wird. Weil er aber nur dann einmal Geschichte sein wird, wenn die ihn bedingenden Verh\u00e4ltnisse offen gelegt und \u00fcberwunden werden k\u00f6nnen. Jeder Schwule, der gegen sich und andere Schwule hetzt, ist auch deshalb ein T\u00e4ter, weil er ein Opfer dieser Verh\u00e4ltnisse ist. Obwohl Gloria das Seelenheil der anderen problematisiert, hat sie das Recht, dass ihr eigenes nicht zum Gegenstand von Spekulationen gemacht wird. Doch wer in Bezug auf Homosexuelle \u00fcber S\u00fcnde spricht, hat ein Problem, das nicht nur sein eigenes ist.\u00a0 Und da es nicht nur ihr Problem ist, muss man dar\u00fcber nachdenken d\u00fcrfen, wie ein solches Problem entstehen kann. Auch wenn es nur rein theoretisch ist.<\/p>\n<p><strong>Jetzt Mitmachen: Das Nollendorfblog bleibt werbefrei und unabh\u00e4ngig durch die freiwillige Unterst\u00fctzung seiner Leserinnen und Leser.\u00a0<\/strong><\/p>\n<p><a href=\"https:\/\/steadyhq.com\/de\/nollendorfblog\"><img loading=\"lazy\" decoding=\"async\" class=\"alignleft wp-image-8740 size-full\" src=\"https:\/\/www.nollendorfblog.de\/wp-content\/uploads\/2018\/02\/Steady-nollendorfblog-klein.png\" alt=\"\" width=\"442\" height=\"82\" srcset=\"https:\/\/www.nollendorfblog.de\/wp-content\/uploads\/2018\/02\/Steady-nollendorfblog-klein.png 442w, https:\/\/www.nollendorfblog.de\/wp-content\/uploads\/2018\/02\/Steady-nollendorfblog-klein-300x56.png 300w\" sizes=\"auto, (max-width: 442px) 100vw, 442px\" \/><\/a><\/p>\n<p>&nbsp;<\/p>\n<p>&nbsp;<\/p>\n<p>&nbsp;<\/p>\n<p><em>Mehr dazu:\u00a0<\/em><em><a href=\"https:\/\/www.nollendorfblog.de\/?p=8291\">Das Nollendorfblog braucht Deine Unterst\u00fctzung.<\/a><\/em><\/p>\n<p>&#8212;<\/p>\n<p>Diesen Beitrag auf Facebook liken \/ sharen<\/p>\n","protected":false},"excerpt":{"rendered":"<p>Einerseits das Zelebrieren und Auskosten schwuler kultureller Codes und emanzipatorischer Errungenschaften. Und dann die dunkle Seite, die Abbitte, die \u00f6ffentlich verk\u00fcndete Distanz. &#8212; Foto:\u00a0By\u00a0 8mobili) [CC BY-SA 2.0 de (https:\/\/creativecommons.org\/licenses\/by-sa\/2.0\/de\/deed.en)]<\/p>\n","protected":false},"author":1,"featured_media":8821,"comment_status":"open","ping_status":"open","sticky":false,"template":"","format":"standard","meta":{"footnotes":""},"categories":[164,79,54],"tags":[19],"class_list":["post-8819","post","type-post","status-publish","format-standard","has-post-thumbnail","hentry","category-164","category-die-neue-homophobie","category-kirche","tag-gloria-von-thurn-und-taxis"],"_links":{"self":[{"href":"https:\/\/www.nollendorfblog.de\/index.php?rest_route=\/wp\/v2\/posts\/8819","targetHints":{"allow":["GET"]}}],"collection":[{"href":"https:\/\/www.nollendorfblog.de\/index.php?rest_route=\/wp\/v2\/posts"}],"about":[{"href":"https:\/\/www.nollendorfblog.de\/index.php?rest_route=\/wp\/v2\/types\/post"}],"author":[{"embeddable":true,"href":"https:\/\/www.nollendorfblog.de\/index.php?rest_route=\/wp\/v2\/users\/1"}],"replies":[{"embeddable":true,"href":"https:\/\/www.nollendorfblog.de\/index.php?rest_route=%2Fwp%2Fv2%2Fcomments&post=8819"}],"version-history":[{"count":9,"href":"https:\/\/www.nollendorfblog.de\/index.php?rest_route=\/wp\/v2\/posts\/8819\/revisions"}],"predecessor-version":[{"id":8831,"href":"https:\/\/www.nollendorfblog.de\/index.php?rest_route=\/wp\/v2\/posts\/8819\/revisions\/8831"}],"wp:featuredmedia":[{"embeddable":true,"href":"https:\/\/www.nollendorfblog.de\/index.php?rest_route=\/wp\/v2\/media\/8821"}],"wp:attachment":[{"href":"https:\/\/www.nollendorfblog.de\/index.php?rest_route=%2Fwp%2Fv2%2Fmedia&parent=8819"}],"wp:term":[{"taxonomy":"category","embeddable":true,"href":"https:\/\/www.nollendorfblog.de\/index.php?rest_route=%2Fwp%2Fv2%2Fcategories&post=8819"},{"taxonomy":"post_tag","embeddable":true,"href":"https:\/\/www.nollendorfblog.de\/index.php?rest_route=%2Fwp%2Fv2%2Ftags&post=8819"}],"curies":[{"name":"wp","href":"https:\/\/api.w.org\/{rel}","templated":true}]}}