{"id":8836,"date":"2018-04-17T16:40:47","date_gmt":"2018-04-17T14:40:47","guid":{"rendered":"http:\/\/www.nollendorfblog.de\/?p=8836"},"modified":"2019-03-02T12:00:35","modified_gmt":"2019-03-02T10:00:35","slug":"analverkehr-ist-der-deutsche-witz-warum-ich-ein-buch-ueber-homophobie-geschrieben-habe-2-2-2-3","status":"publish","type":"post","link":"https:\/\/www.nollendorfblog.de\/?p=8836","title":{"rendered":"Antisemitischer und homophober Musikpreis Echo: Die Verlogenheit von Florian Dr\u00fccke, Peter Maffay &#038; Co."},"content":{"rendered":"<p>Was f\u00fcr eine Verlogenheit!<\/p>\n<blockquote><p>\u00a0 &#8222;Im Zuge der aktuellen Debatte mussten wir erkennen, dass wir uns in einem Umfeld wiederfinden, das den Preis in ein falsches Licht r\u00fcckt&#8220;,<\/p><\/blockquote>\n<p><a href=\"http:\/\/www.musikindustrie.de\/news-detail\/controller\/News\/action\/detail\/news\/statement-zur-aktuellen-echo-debatte\/\">sagt Florian Dr\u00fccke<\/a>,\u00a0 der Chef des Verbandes, der gerade einen antisemitischen und homophoben Musicact mit dem begehrtesten deutschen Musikpreis ausgezeichnet hat. Als ob erst durch die Debatte irgendetwas erst jetzt klar w\u00fcrde, was es nicht schon vorher war. Als ob irgendjemand, und nicht die Verleiher selbst, ihren Preis in das Licht ger\u00fcckt haben, in dem es jetzt steht: Als reine Verkaufspromo, der sowohl k\u00fcnstlerische als auch ethische Hintergr\u00fcnde vollkommen egal sind. <em>(Hintergrund auf queer.de:\u00a0<a href=\"http:\/\/www.queer.de\/detail.php?article_id=30986\">Homophobe Deutsch-Rapper mit &#8222;Echo&#8220; ausgezeichnet )<\/a><\/em><\/p>\n<p>Was f\u00fcr eine Verlogenheit!<\/p>\n<blockquote><p>&#8222;Der #ECHO, die Verleihung dieses Jahr, war eine Ohrfeige f\u00fcr das demokratische Verst\u00e4ndnis in unserem Land. Gleichzeitig zeigt sie die Erosion in unserer Gesellschaft und im Musikgeschehen auf, die sich seit einigen Jahren abgezeichnet hatte und am Donnerstag vergangener Woche ihren vorl\u00e4ufigen H\u00f6hepunkt erfuhr.&#8220;<\/p><\/blockquote>\n<p>schreibt auf <a href=\"https:\/\/www.facebook.com\/Maffay.de\/posts\/10155290346802050\">Facebook<\/a>\u00a0Peter Maffay, also derjenige, der mit seiner Integrationsbambi-Laudatio an Bushido 2011 die Erosion der Gesellschaft mit einem heftigen Tritt im Jahr 2011 einen vorl\u00e4ufigen H\u00f6hepunkt bescherte, indem er dabei half, Homophobie und Sexismus als musikalische Kunstform gesellschaftsf\u00e4hig zu machen.<\/p>\n<p>Was f\u00fcr eine Verlogenheit, mit der jetzt so getan wird, also ob da gerade etwas neues passiert sei und niemand wahrnehmen m\u00f6chte, was da seit Jahren passiert, seit Jahren verharmlost und hofiert wird.<\/p>\n<p>So wie 2016 <a href=\"https:\/\/www.stern.de\/kultur\/musik\/kollegah--am-ballermann-mit-dem-boss-6596522.html\">im Stern<\/a>:<\/p>\n<blockquote><p>&#8222;Und was ist mit diesen Sexismusvorw\u00fcrfen?<\/p>\n<p>&#8218;Die sind doch \u00fcberholt&#8216;, sagt er. Also bist du kein Sexist?\u2028 &#8218;Nein.&#8216; Schwaden von Wassermelone. Und homophob? &#8218;Auch nicht. Ich bin ein Vorbild.&#8216; F\u00fcr wen? &#8218;F\u00fcr die Jugend. Ich nehme keine Drogen, ich sage ihnen, dass sie Sport machen sollen, auf ihre Ern\u00e4hrung achten sollen und nicht trinken sollen. Au\u00dferdem lebe ich ihnen vor, dass es erstrebenswert ist, Abitur zu machen, erfolgreich zu sein. Und dass sie sich in der Schule anstrengen sollen, damit sie auch ein bosshaftes Leben f\u00fchren k\u00f6nnen.&#8216;<\/p>\n<p>(&#8230;)<\/p>\n<p>Kollegahs Texte sind teilweise so beknackt, dass man ihm wirklich kaum Sexismus unterstellen kann. Es w\u00fcrde die Bedeutung von Sexismus abwerten. Und wahrscheinlich ist das gr\u00f6\u00dfte Problem von Kollegah\u2010Gegnern, dass sie ihn zu ernst nehmen, dabei ist er eine Mischung aus Jugendkult, dicken Eiern und Comedy.&#8220;<\/p><\/blockquote>\n<p>Schon 2013, also drei Jahre vorher schrieb Aaron Morhoff in seiner Hausarbeit <a href=\"https:\/\/genius.com\/Aron-morhoff-hausarbeit-das-phanomen-homophobie-im-amerikanischen-und-deutschen-hiphop-annotated\">&#8222;Das Ph\u00e4nomen Homophobie im amerikanischen und deutschen Hiphop&#8220;<\/a>, es sei der\u00a0 &#8222;zur Menschenverachtung tendierende&#8220; Gangstarap, der noch gro\u00dfe Erfolge aufweisen k\u00f6nne:<\/p>\n<blockquote><p>&#8230; so stieg das Album &#8222;Jung, Brutal Gutaussehend 2&#8220; von Kollegah und Farid Bang (&#8222;und die Bitches heute wol\u00adlen Jungfrau bleiben \/ zwei Optionen: Arsch her oder Mund auf Kleines \/ Und du w\u00e4rst gern wie wir doch hast den K\u00f6rper einer Frau \/ Und warst nach der Geburt nie mehr im K\u00f6rper einer Frau&#8220;) im Fr\u00fchjahr 2013 auf Platz 1 der deutschen, \u00f6sterreichischen und schweizer Albumcharts.<\/p><\/blockquote>\n<p>Nach 2013 hat Kollegah jedes Jahr einen Echo gewonnen.<\/p>\n<p>Wer kann es ihm ver\u00fcbeln, dass er ihn als das angesehen hat, als das was er ist: Eine Auszeichnung. Und eine Ermutigung, weiterzumachen. Wer kann ihm ver\u00fcbeln, dass er konsequent war, und einfach immer weiter gemacht hat. Wer ist den queeren Verb\u00e4nde beigesprungen, die seit Jahren vor seinen Hassbotschaften warnen?<\/p>\n<blockquote><p>&#8222;Man muss aber wissen&#8220;<\/p><\/blockquote>\n<p>sagt Kollegah 2015 (auch hier unwidersprochen)<a href=\"http:\/\/fudder.de\/interview-mit-kollegah-frauen-wollen-den-alpha--118044474.html\"> im Interview<\/a>:<\/p>\n<blockquote><p>&#8222;Im Hiphop ist Schwuchtel nur ein ganz normales Schimpfwort, das hat mit Homophobie nichts zu tun.&#8220;<\/p><\/blockquote>\n<p>Ja, das muss man in Deutschland wissen. Und wohl auch, dass etwas erst antisemitisch ist, wenn &#8222;Auschwitz&#8220; drauf steht.<\/p>\n<p>Niemand hat den Echo in ein falsches Licht ger\u00fcckt. Er steht da, wo er hingeh\u00f6rt. Seit Jahren.<\/p>\n<p><strong>Wir brauchen Deine Unterst\u00fctzung! Das Nollendorfblog bleibt werbefrei und unabh\u00e4ngig durch die freiwillige Unterst\u00fctzung seiner Leserinnen und Leser.\u00a0<\/strong><\/p>\n<p><a href=\"https:\/\/steadyhq.com\/de\/nollendorfblog\"><img loading=\"lazy\" decoding=\"async\" class=\"alignleft wp-image-8740 size-full\" src=\"https:\/\/www.nollendorfblog.de\/wp-content\/uploads\/2018\/02\/Steady-nollendorfblog-klein.png\" alt=\"\" width=\"442\" height=\"82\" srcset=\"https:\/\/www.nollendorfblog.de\/wp-content\/uploads\/2018\/02\/Steady-nollendorfblog-klein.png 442w, https:\/\/www.nollendorfblog.de\/wp-content\/uploads\/2018\/02\/Steady-nollendorfblog-klein-300x56.png 300w\" sizes=\"auto, (max-width: 442px) 100vw, 442px\" \/><\/a><\/p>\n<p>&nbsp;<\/p>\n<p>&nbsp;<\/p>\n<p>&nbsp;<\/p>\n<p><em>Mehr dazu:\u00a0<\/em><em><a href=\"https:\/\/www.nollendorfblog.de\/?p=8291\">Das Nollendorfblog braucht Deine Unterst\u00fctzung.<\/a><\/em><\/p>\n<p>&#8212;<\/p>\n<p><em>Mehr zum Thema hier im Blog:<\/em><\/p>\n<p><span style=\"text-decoration: underline;\"><em>Bambi f\u00fcr Bushido:<a href=\"https:\/\/www.nollendorfblog.de\/?p=810\"> Die Kunstform des Vergasens<\/a><\/em><\/span><\/p>\n<p><span style=\"text-decoration: underline;\"><a href=\"https:\/\/www.nollendorfblog.de\/?p=8493\">Anderssein und Popkultur: Wenn alle das gleiche Lied singen<\/a><\/span><\/p>\n<p><em>&#8212;<\/em><\/p>\n<p><em>Diesen Beitrag auf Facebook liken \/ sharen<\/em><\/p>\n","protected":false},"excerpt":{"rendered":"<p> Musikverbandspr\u00e4sident Florian Dr\u00fccke formuliert es besonders dreist: Der Echo sei in ein falsches Lich ger\u00fcckt worden. Dabei steht er genau da, wo er hingeh\u00f6rt. <\/p>\n","protected":false},"author":1,"featured_media":8838,"comment_status":"open","ping_status":"open","sticky":false,"template":"","format":"standard","meta":{"footnotes":""},"categories":[164,79,74],"tags":[28],"class_list":["post-8836","post","type-post","status-publish","format-standard","has-post-thumbnail","hentry","category-164","category-die-neue-homophobie","category-medien","tag-bushido"],"_links":{"self":[{"href":"https:\/\/www.nollendorfblog.de\/index.php?rest_route=\/wp\/v2\/posts\/8836","targetHints":{"allow":["GET"]}}],"collection":[{"href":"https:\/\/www.nollendorfblog.de\/index.php?rest_route=\/wp\/v2\/posts"}],"about":[{"href":"https:\/\/www.nollendorfblog.de\/index.php?rest_route=\/wp\/v2\/types\/post"}],"author":[{"embeddable":true,"href":"https:\/\/www.nollendorfblog.de\/index.php?rest_route=\/wp\/v2\/users\/1"}],"replies":[{"embeddable":true,"href":"https:\/\/www.nollendorfblog.de\/index.php?rest_route=%2Fwp%2Fv2%2Fcomments&post=8836"}],"version-history":[{"count":14,"href":"https:\/\/www.nollendorfblog.de\/index.php?rest_route=\/wp\/v2\/posts\/8836\/revisions"}],"predecessor-version":[{"id":8851,"href":"https:\/\/www.nollendorfblog.de\/index.php?rest_route=\/wp\/v2\/posts\/8836\/revisions\/8851"}],"wp:featuredmedia":[{"embeddable":true,"href":"https:\/\/www.nollendorfblog.de\/index.php?rest_route=\/wp\/v2\/media\/8838"}],"wp:attachment":[{"href":"https:\/\/www.nollendorfblog.de\/index.php?rest_route=%2Fwp%2Fv2%2Fmedia&parent=8836"}],"wp:term":[{"taxonomy":"category","embeddable":true,"href":"https:\/\/www.nollendorfblog.de\/index.php?rest_route=%2Fwp%2Fv2%2Fcategories&post=8836"},{"taxonomy":"post_tag","embeddable":true,"href":"https:\/\/www.nollendorfblog.de\/index.php?rest_route=%2Fwp%2Fv2%2Ftags&post=8836"}],"curies":[{"name":"wp","href":"https:\/\/api.w.org\/{rel}","templated":true}]}}