{"id":8899,"date":"2018-06-09T16:13:57","date_gmt":"2018-06-09T14:13:57","guid":{"rendered":"http:\/\/www.nollendorfblog.de\/?p=8899"},"modified":"2019-03-02T12:00:35","modified_gmt":"2019-03-02T10:00:35","slug":"analverkehr-ist-der-deutsche-witz-warum-ich-ein-buch-ueber-homophobie-geschrieben-habe-2-2-2-2-2","status":"publish","type":"post","link":"https:\/\/www.nollendorfblog.de\/?p=8899","title":{"rendered":"Der Vergleich \u00d6zil \/ Beckenbauer offenbart den rassistischen Unterton in der Emp\u00f6rung um das Erdo\u011fan-Foto"},"content":{"rendered":"<p>Die Emp\u00f6rung um \u00d6zils Erdo\u011fan-Foto\u00a0 hat eine rassistische Komponente. Um die Verlogenheit und das zweierlei Ma\u00df klarzumachen, hilft vielleicht der Vergleich mit Beckenbauer. Im Gegensatz zu \u00d6zil stellt der sich zwar nicht so gerne f\u00fcr Fotos neben Autokraten, l\u00e4sst sich aber um so lieber f\u00fcr die Promotion autokratischer Ziele von ihnen bezahlen.<\/p>\n<p>2012 wurde Beckenbauer <a href=\"http:\/\/www.spiegel.de\/sport\/fussball\/franz-beckenbauer-wird-sportbotschafter-von-russland-a-836339.html\">&#8222;russischer Sportbotschafter&#8220;<\/a>, bezahlt vom staatlichen russischen \u00d6lverband. Es war ganz offensichtlich seine Aufgabe, Sch\u00f6nwetter f\u00fcr die Fu\u00dfball-WM in Russland und f\u00fcr die Spiele in Sotschi zu machen, die Putin strategisch nutzte, um ganz konkret den \u00dcbergriff auf die Krim und die Verfolgungspolitik gegen Homosexuelle aus dem internationalen \u00f6ffentlichen Fokus zu f\u00fchren. Die Anti-Homoexuellenpolitik starte im unmittelbaren Vorfeld von Sotschi,\u00a0 die Spiele waren also ein Teil des Putin-Plans, diese durchsetzen zu k\u00f6nnen, weil er darauf hoffen konnte, im Zuge von Olympia trotz dieses Tabubruches internationales Prestige gewinnen zu k\u00f6nnen. Die langfristig geplante Annexion der Krim begann dann direkt nach der dem Frieden der V\u00f6lker verschriebenen Olympiade. Und jetzt, unmittelbar vor der WM in Russland, versch\u00e4ft der Kreml noch einmal seinen Ton gegen Homosexuelle und k\u00fcndigt eine weitere Stufe der Verfolgung an. Au\u00dfenminister Sergei Lawrow verglich in einer Rede Homosexuelle mit P\u00e4dophilen und Terroristen und verlautbarte, das <a href=\"http:\/\/www.queer.de\/detail.php?article_id=31276\">Internet vor Schwulen zu sch\u00fctzen.\u00a0<\/a><\/p>\n<p>Beckenbauer tr\u00e4gt daran keine Schuld. Aber er ist Nutznie\u00dfer dieser Schuld seiner Auftraggeber und l\u00e4sst sich daf\u00fcr bezahlen, dass diese Schuld weniger ins Gewicht f\u00e4llt. Er ist Teil einer Image-Kampagne, die u.a. das Leid der homosexuellen Opfer Putins weniger h\u00f6rbar machen soll. Er ist Teil einer Image-Kampagne, die dieses Leid m\u00f6glichst ungest\u00f6rt zementieren soll. Beckenbauer hat sich bis heute von seiner Rolle als russischer Sportbotschafter noch nicht \u00f6ffentlich distanziert.\u00a0 Ganz offensichtlich hatte er sich nicht nur einmal f\u00fcr die Interessen autokratischer Herrscher <a href=\"https:\/\/de.europenews.dk\/Korruption-in-der-Fifa-Beckenbauer-wegen-Katar-Reise-unter-Verdacht-84185.html\">korrumpieren lassen<\/a>. Wenn \u00fcberhaupt, begannen die Deutschen ihm das erst \u00fcbelzunehmen, als durch die Aufdeckung seines Gesch\u00e4ftsgebaren\u00a0Glanz und Unschuld des sogenannten Deutschen Sommerm\u00e4rchens in Verruf geriet.<\/p>\n<p>Abgesehen von den Ereignissen um die Sommerm\u00e4rchen-WM 2006 musste Beckenbauer wenige unangenehmen Fragen bef\u00fcrchten. Er kam mit seinen Schmutzeleien immer wieder durch. Wenn man sich nun im Fall \u00d6zil anschaut, wie sich nur durch einen einzigen Fehler das Wohlwollen eines anderen Deutschen Weltmeisters in offene Ablehnung \u00fcberschl\u00e4gt, ist leicht zu erkennen, wie unterschiedlich hier beurteilt wird, und wie wenig es braucht, damit aus einem Helden ein Verr\u00e4ter wird.<\/p>\n<p>Der Fall \u00d6zil zeigt, wie br\u00fcchig die Minderheiten-Akzeptanz der Deutschen ist, und dass schon ein einziges als solches betrachtetes Fehlverhalten ausreicht, um diese Akzeptanz zu entziehen. Der endlos lange Vertrauens-Kredit, den Leute wie Beckenbauer genie\u00dfen, reicht f\u00fcr Leute wie \u00d6zil nur ein Foto lang.\u00a0Die Aufregung und die einforderten Bekenntnisse zu Deutschland zeigen, wie sehr Leute wie \u00d6zil nur Deutsche auf Bew\u00e4hrung sind, dass sei nur dann richtige Deutsche sind, wenn man richtig auf sie stolz sein kann.<\/p>\n<p>Das sogenannte Sommerm\u00e4rchen der WM 2006 wurde als Beweis f\u00fcr den mittlerweile entspannten Umgang der Deutschen mit ihrem Patriotismus gesehen. Wenn Deutsche Nationalspieler\u00a0 aus patriotischen Gr\u00fcnden <a href=\"http:\/\/www.sportbuzzer.de\/artikel\/wm-generalprobe-in-leverkusen-pfiffe-gegen-mesut-ozil-und-ilkay-gundogan\/\">ausgepfiffen<\/a> werden, scheint an diesem M\u00e4rchen nicht viel dran zu sein.\u00a0\u2666<\/p>\n<p>&#8212;<\/p>\n<p><em>Zum gleichen Thema habe ich in meiner BILDblog-Kolumne geschrieben:<\/em><\/p>\n<p><em><a href=\"https:\/\/bildblog.de\/98443\/wie-oezil-und-guendogan-bei-erdogan-die-werte-des-dfb-hochgehalten-haben\/\">Wie \u00d6zil und G\u00fcndogan bei Erdogan die Werte des DFB hochgehalten haben<\/a><\/em><\/p>\n<p><em>&#8212;<\/em><\/p>\n<p><em><strong>Aktuelle Termine in Deiner N\u00e4he: <\/strong><\/em><\/p>\n<p><em><strong><a href=\"http:\/\/www.onlinekram.com\/buchlesereise-johannes-kram-ich-hab-ja-nichts-gegen-schwule-aber\">Lesereise zum Buch zum Nollendorfblog: Ich hab ja nichts gegen Schwule, aber&#8220;<\/a><\/strong><\/em><\/p>\n<p>&#8212;<\/p>\n<p><strong>Wir brauchen Deine Unterst\u00fctzung! Das Nollendorfblog bleibt werbefrei und unabh\u00e4ngig durch die freiwillige Unterst\u00fctzung seiner Leserinnen und Leser.\u00a0<\/strong><\/p>\n<p><a href=\"https:\/\/steadyhq.com\/de\/nollendorfblog\"><img loading=\"lazy\" decoding=\"async\" class=\"alignleft wp-image-8740 size-full\" src=\"https:\/\/www.nollendorfblog.de\/wp-content\/uploads\/2018\/02\/Steady-nollendorfblog-klein.png\" alt=\"\" width=\"442\" height=\"82\" srcset=\"https:\/\/www.nollendorfblog.de\/wp-content\/uploads\/2018\/02\/Steady-nollendorfblog-klein.png 442w, https:\/\/www.nollendorfblog.de\/wp-content\/uploads\/2018\/02\/Steady-nollendorfblog-klein-300x56.png 300w\" sizes=\"auto, (max-width: 442px) 100vw, 442px\" \/><\/a><\/p>\n<p>&nbsp;<\/p>\n<p>&nbsp;<\/p>\n<p>&nbsp;<\/p>\n<p><em>Mehr dazu:\u00a0<\/em><em><a href=\"https:\/\/www.nollendorfblog.de\/?p=8291\">Das Nollendorfblog braucht Deine Unterst\u00fctzung.<\/a><\/em><\/p>\n<p>&#8212;<\/p>\n<p><em>Diesen Beitrag auf Facebook liken \/ sharen<\/em><\/p>\n","protected":false},"excerpt":{"rendered":"<p>Der Fall \u00d6zil zeigt, wie br\u00fcchig die Minderheiten-Akzeptanz der Deutschen ist, und dass schon ein einziges als solches betrachtetes Fehlverhalten ausreicht, um diese Akzeptanz zu entziehen. <\/p>\n","protected":false},"author":1,"featured_media":8907,"comment_status":"open","ping_status":"open","sticky":false,"template":"","format":"standard","meta":{"footnotes":""},"categories":[164,112],"tags":[],"class_list":["post-8899","post","type-post","status-publish","format-standard","has-post-thumbnail","hentry","category-164","category-rassismus"],"_links":{"self":[{"href":"https:\/\/www.nollendorfblog.de\/index.php?rest_route=\/wp\/v2\/posts\/8899","targetHints":{"allow":["GET"]}}],"collection":[{"href":"https:\/\/www.nollendorfblog.de\/index.php?rest_route=\/wp\/v2\/posts"}],"about":[{"href":"https:\/\/www.nollendorfblog.de\/index.php?rest_route=\/wp\/v2\/types\/post"}],"author":[{"embeddable":true,"href":"https:\/\/www.nollendorfblog.de\/index.php?rest_route=\/wp\/v2\/users\/1"}],"replies":[{"embeddable":true,"href":"https:\/\/www.nollendorfblog.de\/index.php?rest_route=%2Fwp%2Fv2%2Fcomments&post=8899"}],"version-history":[{"count":13,"href":"https:\/\/www.nollendorfblog.de\/index.php?rest_route=\/wp\/v2\/posts\/8899\/revisions"}],"predecessor-version":[{"id":8920,"href":"https:\/\/www.nollendorfblog.de\/index.php?rest_route=\/wp\/v2\/posts\/8899\/revisions\/8920"}],"wp:featuredmedia":[{"embeddable":true,"href":"https:\/\/www.nollendorfblog.de\/index.php?rest_route=\/wp\/v2\/media\/8907"}],"wp:attachment":[{"href":"https:\/\/www.nollendorfblog.de\/index.php?rest_route=%2Fwp%2Fv2%2Fmedia&parent=8899"}],"wp:term":[{"taxonomy":"category","embeddable":true,"href":"https:\/\/www.nollendorfblog.de\/index.php?rest_route=%2Fwp%2Fv2%2Fcategories&post=8899"},{"taxonomy":"post_tag","embeddable":true,"href":"https:\/\/www.nollendorfblog.de\/index.php?rest_route=%2Fwp%2Fv2%2Ftags&post=8899"}],"curies":[{"name":"wp","href":"https:\/\/api.w.org\/{rel}","templated":true}]}}