{"id":8976,"date":"2018-06-27T13:31:06","date_gmt":"2018-06-27T11:31:06","guid":{"rendered":"http:\/\/www.nollendorfblog.de\/?p=8976"},"modified":"2019-03-17T16:43:23","modified_gmt":"2019-03-17T14:43:23","slug":"analverkehr-ist-der-deutsche-witz-warum-ich-ein-buch-ueber-homophobie-geschrieben-habe-2-2-2-2-2-2-2","status":"publish","type":"post","link":"https:\/\/www.nollendorfblog.de\/?p=8976","title":{"rendered":"Wie Sahra Wagenknecht Lesben und Schwule f\u00fcr dumm verkaufen will"},"content":{"rendered":"<p style=\"text-align: right;\">Foto:&nbsp;By Ferran Cornell\u00e0 [<a href=\"https:\/\/creativecommons.org\/licenses\/by-sa\/4.0\">CC BY-SA 4.0<\/a>&nbsp;], from Wikimedia Commons<\/p>\n<blockquote><p>&#8222;So widerlich hat bislang noch kein deutscher Spitzenpolitiker Minderheitenrechte und soziale Fragen gegeneinander ausgespielt,&#8220;<\/p><\/blockquote>\n<p>schreibt Micha Schulze auf<a href=\"http:\/\/www.queer.de\/detail.php?article_id=31415\"> queer.de<\/a> \u00fcber Sahra Wagenknecht.<br \/>\nDie Frage ist nur, was widerlicher ist: Ihre Provokation oder die Reaktion auf die offensichtlich provozierte und einkalkulierte Kritik.<\/p>\n<p>Micha Schulze hatte einen <a href=\"https:\/\/www.welt.de\/debatte\/kommentare\/article178121522\/Gastbeitrag-Warum-wir-eine-neue-Sammlungsbewegung-brauchen.html\">Gastbeitrag<\/a> Wagenknechts in der Zeitung WELT analysiert und festgestellt:<\/p>\n<blockquote><p>&#8222;Lesben und Schwulen sind zwar nicht direkt Schuld daran, dass immer mehr Menschen in Deutschland in Armut leben, aber irgendwie scheinen sie doch etwas damit zu tun haben, scheint uns die Linke-Fraktionschefin sagen zu wollen.&#8220;<\/p><\/blockquote>\n<p>Wagenknechts Reaktion erfolgte in einem Video, das Heiner B\u00e4ther, Mitglied des Landessprecher*innenrat LAG Queer NRW auf<a href=\"https:\/\/www.facebook.com\/heiner.bather\/videos\/1875437982538148\/UzpfSTEwMDAwMjE1ODk0MTg3MDozMDYwNjExMjk0OTk0MTQ6MTA6MDoxNTMwNDI4Mzk5Ojg2MzEwNDg5MTUyNDU2ODU0MDY\/\"> Facebook gepostet<\/a> hatte. B\u00e4ther sitzt in diesem Video neben Wagenknecht und sagt:<\/p>\n<blockquote><p>Ich habe eine Frage an Dich, es gab ja ein Interview in der WELT, was ja auf queer.de aufgegriffen wurde, wo Dir ja Homophobie vorgeworfen wird &#8230;<\/p><\/blockquote>\n<p>Die Tatsache, dass so gut wie alles an diesem eigentlich doch einfachen Satz schlichtweg falsch ist, zeigt die Unverfrorenheit dieses peinlichen Propaganda-Versuchs.<\/p>\n<p>Denn dass es sich bei dem Text &#8211; erstens &#8211; nicht um ein Interview, sondern um einen Gastbeitrag, also einen Prosatext handelt, zeigt nicht nur, dass B\u00e4ther den Originalartikel in der WELT offensichtlich gar nicht gelesen hat, sondern auch, dass es ihm nicht darum geht, auf die die dort artikulierten Inhalte Bezug zu nehmen, die ja der Anlass f\u00fcr die Kritik auf queer.de waren.<\/p>\n<p>Und dass er &#8211; zweitens &#8211; behauptet, eine Frage stellen zu wollen, also so tut, als wolle er etwas nachfragen, etwas aufkl\u00e4ren, richtig stellen, dann aber das Gegenteil macht, n\u00e4mlich keine einzige Frage stellt, sondern am Anfang Wagenknecht zu einem Monolog einl\u00e4dt &#8230;<\/p>\n<blockquote><p>&#8230; und ich war so entsetzt \u00fcber den Vorwurf, und w\u00fcrde mich jetzt freuen, wenn Du da ein paar Worte dr\u00fcber sagen k\u00f6nntest &#8230;<\/p><\/blockquote>\n<p>den er dann kein einziges mal unterbricht, kein einziges mal hinterfragt, und am Schluss dann keinen einzigen Kommentar dazu abgibt au\u00dfer<\/p>\n<blockquote><p>&#8230; vielen dank liebe Sahra, ich hoffe, dass Du auch in Zukunft unsere queere Politik weltweit unterst\u00fctzen wirst, und wir freuen uns immer wieder auf die Zusammenarbeit mit Dir.<\/p><\/blockquote>\n<p>erinnert so sehr an die &#8222;Befragungen&#8220; aus Zeiten des real existierenden Sozialismus, dass man hier eigentlich auf diese Erinnerung verzichten m\u00f6chte (und das dann doch auch nur aus dem Grund f\u00fcr alle diejenigen macht, die beschlossen haben, sich dieses Videos nicht anzusehen).<\/p>\n<p>Dass ein Regionalpolitiker ein solches Video mit seinem offensichtlichen Idol ins Netz stellt, scheint nachvollziehbar. Dass Wagenknecht das nicht verhindert, dass sie&nbsp; nicht wenigstens sagt: &#8222;K\u00f6nnen wir nicht wenigstens so tun, als ob Du mich irgendwas fragen willst?&#8220;, oder alternativ dann das Onlinestellen des Videos verhindert hat, muss fassungslos machen.<\/p>\n<p>Denn was wir hier erleben ist die unterste, d\u00fcmmste Diskursebene, so simpel wie das traut sich das nicht mal die AfD:<\/p>\n<blockquote><p>&#8211; Es gab einen unglaublichen Homophobie-Vorwurf, kannst du uns bitte sagen, wie unglaublich dieser Vorwurf ist?<br \/>\n&#8211; Dieser Vorwurf ist unglaublich.<br \/>\n&#8211; Danke, Sahra, du bist toll!<\/p><\/blockquote>\n<p>So schlimm wurden Lesben und Schwule von einem Spitzenpolitiker, einer Spitzenpolitikerin schon lange nicht mehr f\u00fcr dumm verkauft. Was nicht hei\u00dft, dass die Queerpolitik der Rechtspopulisten der der Linkspartei in irgendeiner Art \u00e4hnelt, nat\u00fcrlich nicht, im Gegenteil. Aber gerade deshalb darf man, muss man von der prominentesten Politikerin der Linken erwarten, hier zumindest einigerma\u00dfen zu versuchen redlich zu bleiben. Man darf erwarten, dass sie nicht die Politik ihrer eigenen Partei und das ehrliche Engagement so vieler Mitglieder daf\u00fcr zu diskreditieren versucht.<\/p>\n<p>Es muss schon Sorge machen, mit welcher Unverfrorenheit Wagenknecht hier Populismus betreibt, mit welcher H\u00e4rte sie versucht, eine Kritik niederzub\u00fcgeln, ohne auf sie richtig einzugehen.<\/p>\n<p>Dabei hatte queer.de ihr gar nicht Homophobie vorgeworfen, sondern, dass sie Homophobie sch\u00fcrt.<\/p>\n<p>Und: Wagenknecht sagt in dem Video, dass die Vorw\u00fcrfe von queer.de perfide seien, und man ihr das Wort im Munde rumgedreht habe, weil sie und die Linke ja immer eine konsequente Gleichstellungspolitik verfolgt h\u00e4tten.<\/p>\n<p>Dabei ging es in der Kritik von queer.de \u00fcberhaupt nicht darum, sondern um ihre Versuche, diese Politik als Teil einer Art &#8222;Pinkwashing&#8220;-Strategie abzuwerten. So wie sie es in dem Video dann sogar noch mal bekr\u00e4ftigt.<\/p>\n<blockquote><p>&#8222;Es gibt ein Problem, dass diese Politik von Neoliberalen Parteien gekapert wird und damit f\u00fcr viele Menschen verbunden ist mit einer \u00f6konomischen Politik, die Ungleichheit verursacht. Und damit schwindet der R\u00fcckhalt f\u00fcr solche Forderungen. Und wir sehen in den USA, wo das hinf\u00fchrt. Das Ergebnis ist dann Donald Trump.&#8220;<\/p><\/blockquote>\n<p>Sie wiederholt also genau das, was ihr auf queer.de vorgeworfen wird als Argument daf\u00fcr, dass es ihr ungerechtfertigterweise vorgeworfen wird. Das muss man schon mal bringen!<\/p>\n<p>Wenn etwas perfide ist, dann ist neben dieser entsetzlichen Propaganda-Show die Argumentation von Sahra Wagenknecht. Denn eine &#8222;richtige&#8220; Politik wird nicht dadurch zum Problem, dass auch die &#8222;falschen&#8220; Leute sie unterst\u00fctzen. Eine richtige Politik wird dadurch zum Problem, dass die &#8222;richtigen&#8220; Leute diese nicht richtig unterst\u00fctzen und erkl\u00e4ren wollen. Und genau das ist der Vorwurf, den dieses Blog bereits im letzten Bundestagswahlkampf gegen Sahra Wagenknecht erhoben hatte, der auch am Anfang des queer.de-Beitrages angef\u00fchrt ist, und der sich jetzt als richtig zu erweisen scheint (Beitrag vom 30. Mai 2017: <a href=\"https:\/\/www.nollendorfblog.de\/?p=7535\">&#8222;Sahra Wagenknecht verzweifelt gesucht&#8220;<\/a>)<\/p>\n<p>Wagenknecht hat sich bei der Gleichstellungpolitik n\u00e4mlich nicht die M\u00fche gemacht, daf\u00fcr in der eigenen Klientel wirklich einzustehen. Der Vorwurf an diejenigen, die verantwortlich daf\u00fcr sind, dass der &#8211; wie sie selbst es nennt &#8211; &#8222;R\u00fcckhalt f\u00fcr solche Forderungen abnimmt&#8220;, trifft also zumindest ebenso auf sie. Was schlimm genug ist. Aber sich erst nicht ins Zeug legen, dann aber andere f\u00fcr das angebliche &#8222;Kapern&#8220; einer Politik verantwortlich zu machen, das ist sch\u00f6n ganz sch\u00f6n: pfui.<\/p>\n<p>Denn im Endeffekt trifft ihre Kritik nicht das Kapern, sondern die Gleichstellungspolitik selbst. Wagenknecht sch\u00fcrt den Populismus, den sie zu bek\u00e4mpfen vorgibt. Und sie macht es auf dem R\u00fccken von Lesben und Schwulen. Aber sie macht es auch auf dem R\u00fccken der sozial Benachteiligten, f\u00fcr die sie sich zu engagieren vorgibt. Denn sie, die Entsolidarisierung anprangert, entsolidarisiert, in dem sie Widerspr\u00fcche konstruiert, die es nicht gibt, in dem sie Menschen gegeneinander aufbringt. Niemand geht es schlecht oder schlechter, wenn es Homosexuellen weniger schlecht geht. Wer das versteht, m\u00fcsste auch verstehen, dass man Gleichstellung, dass man Gerechtigkeit und Menschenrechte nicht &#8222;kapern&#8220; kann. Wer das nicht verstehen kann, oder denen nach dem Mund reden will, die es nicht k\u00f6nnen, oder wollen, der, ach, zitieren wir sie am Ende doch noch einmal selbst:<\/p>\n<blockquote><p>Und wir sehen in den USA, wo das hinf\u00fchrt. Das Ergebnis ist dann Donald Trump.<\/p><\/blockquote>\n<hr>\n<p class=\"gmail_default\"><strong><a href=\"http:\/\/www.onlinekram.com\/buch-ich-hab-ja-nichts-\/\">\u200bDie n\u00e4chsten Lese- und Diskussionsveranstaltungen zum Buch zum Nollendorfblog, <\/a><\/strong><\/p>\n<p class=\"gmail_default\"><strong><a href=\"http:\/\/www.onlinekram.com\/buch-ich-hab-ja-nichts-\/\">&#8222;Johannes Kram: Ich hab ja nichts gegen Schwule, aber &#8230;&#8220;:<\/a><\/strong><\/p>\n<p class=\"gmail_default\"><strong><a href=\"http:\/\/www.onlinekram.com\/buch-ich-hab-ja-nichts-\/\">19.06.&nbsp; &#8211; K\u00d6LN, \u200b09.07.- BERLIN\u200b, \u200b09.08. &#8211; N\u00dcRNBERG\u200b, \u200b13.08. &#8211; L\u00dcBECK, 16.08. &#8211; TRIER\u200b, \u200b22.08. &#8211; ERFURT\u200b, \u200b18.09. M\u00dcNCHEN, weitere Termine in K\u00fcrze\u200b<\/a><\/strong><\/p>\n<p>&#8212;<\/p>\n<p><strong>Wir brauchen Deine Unterst\u00fctzung! Das Nollendorfblog bleibt werbefrei und unabh\u00e4ngig durch die freiwillige Unterst\u00fctzung seiner Leserinnen und Leser.&nbsp;<\/strong><\/p>\n<p><a href=\"https:\/\/steadyhq.com\/de\/nollendorfblog\"><img loading=\"lazy\" decoding=\"async\" class=\"alignleft wp-image-8740 size-full\" src=\"https:\/\/www.nollendorfblog.de\/wp-content\/uploads\/2018\/02\/Steady-nollendorfblog-klein.png\" alt=\"\" width=\"442\" height=\"82\" srcset=\"https:\/\/www.nollendorfblog.de\/wp-content\/uploads\/2018\/02\/Steady-nollendorfblog-klein.png 442w, https:\/\/www.nollendorfblog.de\/wp-content\/uploads\/2018\/02\/Steady-nollendorfblog-klein-300x56.png 300w\" sizes=\"auto, (max-width: 442px) 100vw, 442px\" \/><\/a><\/p>\n<p>&nbsp;<\/p>\n<p>&nbsp;<\/p>\n<p>&nbsp;<\/p>\n<p><em>Mehr dazu:&nbsp;<\/em><em><a href=\"https:\/\/www.nollendorfblog.de\/?p=8291\">Das Nollendorfblog braucht Deine Unterst\u00fctzung.<\/a><\/em><\/p>\n<p>&#8212;<\/p>\n<p><em>Diesen Beitrag auf Facebook liken \/ sharen<\/em><\/p>\n","protected":false},"excerpt":{"rendered":"<p>Es muss schon Sorge machen, mit welcher Unverfrorenheit Wagenknecht hier Populismus betreibt, mit welcher H\u00e4rte sie versucht, eine Kritik niederzub\u00fcgeln, ohne auf sie richtig einzugehen.<br \/>\nFoto:\u00a0By Ferran Cornell\u00e0 [CC BY-SA 4.0\u00a0], from Wikimedia Commons<\/p>\n","protected":false},"author":1,"featured_media":8990,"comment_status":"open","ping_status":"open","sticky":false,"template":"","format":"standard","meta":{"footnotes":""},"categories":[164,173,1],"tags":[174],"class_list":["post-8976","post","type-post","status-publish","format-standard","has-post-thumbnail","hentry","category-164","category-das-wichigste-aus-zehn-jahren","category-politik","tag-sahra-wagenknecht"],"_links":{"self":[{"href":"https:\/\/www.nollendorfblog.de\/index.php?rest_route=\/wp\/v2\/posts\/8976","targetHints":{"allow":["GET"]}}],"collection":[{"href":"https:\/\/www.nollendorfblog.de\/index.php?rest_route=\/wp\/v2\/posts"}],"about":[{"href":"https:\/\/www.nollendorfblog.de\/index.php?rest_route=\/wp\/v2\/types\/post"}],"author":[{"embeddable":true,"href":"https:\/\/www.nollendorfblog.de\/index.php?rest_route=\/wp\/v2\/users\/1"}],"replies":[{"embeddable":true,"href":"https:\/\/www.nollendorfblog.de\/index.php?rest_route=%2Fwp%2Fv2%2Fcomments&post=8976"}],"version-history":[{"count":29,"href":"https:\/\/www.nollendorfblog.de\/index.php?rest_route=\/wp\/v2\/posts\/8976\/revisions"}],"predecessor-version":[{"id":10396,"href":"https:\/\/www.nollendorfblog.de\/index.php?rest_route=\/wp\/v2\/posts\/8976\/revisions\/10396"}],"wp:featuredmedia":[{"embeddable":true,"href":"https:\/\/www.nollendorfblog.de\/index.php?rest_route=\/wp\/v2\/media\/8990"}],"wp:attachment":[{"href":"https:\/\/www.nollendorfblog.de\/index.php?rest_route=%2Fwp%2Fv2%2Fmedia&parent=8976"}],"wp:term":[{"taxonomy":"category","embeddable":true,"href":"https:\/\/www.nollendorfblog.de\/index.php?rest_route=%2Fwp%2Fv2%2Fcategories&post=8976"},{"taxonomy":"post_tag","embeddable":true,"href":"https:\/\/www.nollendorfblog.de\/index.php?rest_route=%2Fwp%2Fv2%2Ftags&post=8976"}],"curies":[{"name":"wp","href":"https:\/\/api.w.org\/{rel}","templated":true}]}}