{"id":9039,"date":"2018-07-29T12:05:46","date_gmt":"2018-07-29T10:05:46","guid":{"rendered":"http:\/\/www.nollendorfblog.de\/?p=9039"},"modified":"2019-03-02T12:00:35","modified_gmt":"2019-03-02T10:00:35","slug":"analverkehr-ist-der-deutsche-witz-warum-ich-ein-buch-ueber-homophobie-geschrieben-habe-2-2-2-2-2-2-2-2-2","status":"publish","type":"post","link":"https:\/\/www.nollendorfblog.de\/?p=9039","title":{"rendered":"Das verheerende Bild mit dem Trump-Botschafter"},"content":{"rendered":"<p><img loading=\"lazy\" decoding=\"async\" class=\"alignleft size-full wp-image-9040\" src=\"https:\/\/www.nollendorfblog.de\/wp-content\/uploads\/2018\/07\/Screenshot-144.png\" alt=\"\" width=\"541\" height=\"544\" srcset=\"https:\/\/www.nollendorfblog.de\/wp-content\/uploads\/2018\/07\/Screenshot-144.png 541w, https:\/\/www.nollendorfblog.de\/wp-content\/uploads\/2018\/07\/Screenshot-144-150x150.png 150w, https:\/\/www.nollendorfblog.de\/wp-content\/uploads\/2018\/07\/Screenshot-144-298x300.png 298w, https:\/\/www.nollendorfblog.de\/wp-content\/uploads\/2018\/07\/Screenshot-144-140x140.png 140w\" sizes=\"auto, (max-width: 541px) 100vw, 541px\" \/><\/p>\n<p>&nbsp;<\/p>\n<p>&nbsp;<\/p>\n<p>&nbsp;<\/p>\n<p>&nbsp;<\/p>\n<p>&nbsp;<\/p>\n<p>&nbsp;<\/p>\n<p>&nbsp;<\/p>\n<p>&nbsp;<\/p>\n<p>&nbsp;<\/p>\n<p>&nbsp;<\/p>\n<p>&nbsp;<\/p>\n<p>&nbsp;<\/p>\n<p>&nbsp;<\/p>\n<p>&nbsp;<\/p>\n<p><span data-offset-key=\"cac59-0-0\">Ich bin mir ziemlich sicher, dass der gesch\u00e4ftsf\u00fchrende Vorstand der Bundesstiftung Magnus Hirschfeld,\u00a0<\/span><span class=\"_247o\" spellcheck=\"false\" data-offset-key=\"cac59-1-0\"><span data-offset-key=\"cac59-1-0\">J\u00f6rg Litwinschuh <em>(auf dem Foto erster von links, daneben: US-Botschafter Grenell; ganz rechts: Modedesigner Michael Michalsky)<\/em>,\u00a0\u00a0<\/span><\/span><span data-offset-key=\"cac59-2-0\">die richtigen Worte gegen\u00fcber dem amerikanischen Botschafter gefunden hat, und dass dieses Bild aus seiner Sicht keine Fraternisierung bedeuten sollte. <\/span><\/p>\n<p><span data-offset-key=\"cac59-2-0\">Und doch ist dieses Foto verheerend. Es ist ein Dokument des reaktion\u00e4ren Zeitgeistes, ein Erfolg der Anf\u00fchrer der Gegen-Emanzipation.\u00a0<\/span><\/p>\n<p><span data-offset-key=\"cac59-2-0\">Nicht zuf\u00e4llig stehen da auf diesem Foto vor der Dienstvilla des amerikanischen Botschafters Richard Grenell (ausgerechnet am Pridetag der Community!)\u00a0 nur M\u00e4nner, und mit Michael Michalsky symbolhafterweise jemand, der laut <a href=\"http:\/\/www.spiegel.de\/spiegel\/print\/d-69946900.html\">SPIEGEL beteuert<\/a>, sich nicht mit Lesben verbunden zu f\u00fchlen, sich nicht &#8222;an ihrer Seite&#8220; zu sehen. <\/span><\/p>\n<p><span data-offset-key=\"cac59-2-0\">Nicht zuf\u00e4llig wird dieses Foto w\u00e4hrend der Parade geschossen und ist somit ein Gegenbild zu ihr: Dort das gemeine Fu\u00dfvolk, dass um Zusammenhang und Bewegung k\u00e4mpft und hier das Hofhalten des Botschafter des m\u00e4chtigsten Spalters der Welt. Der CSD wird somit zu einer \u00fcberfl\u00fcssigen Veranstaltung. Auch wenn sie nicht von allen Teilnehmern so gemeint war, spricht dieses Bild eine Botschaft aus: Wir, die es geschafft haben, k\u00f6nnen auch ohne Bewegung und Community.<\/span><\/p>\n<p>Die, die sich auf diesem Foto im Arm liegen, fallen der Bewegung in den R\u00fccken, ob sie es wollen oder nicht. Wer glaubt, dass diese Einladung zur Herrschaftsgeste dem Austausch von Meinungen dienen sollte, ist im besten Fall naiv. Denn so ein Austausch k\u00f6nnte an jedem anderen Tag (auch um den CSD herum) stattfinden. Findet er aber w\u00e4hrend des CSDs statt, ist er schlichtweg eine Gegenveranstaltung.<\/p>\n<p>So \u00e4hnlich formuliert es auch Alexander Vogt, Bundesvorsitzender der Lesben und Schwulen in der Union, der ebenfalls eine Einladung von Grenell bekommen hatte, aber abgesagt hatte:<\/p>\n<blockquote><p>\u200b&#8220;Auch ich finde es wichtig, mit dem Botschafter zu sprechen. Aber der Termin, der ja nicht zuf\u00e4llig gew\u00e4hlt wurde, h\u00e4tte f\u00fcr mich eine Entscheidung gegen den CSD bedeutet. Gerade an einem solchen Tag muss die Community zusammenstehen.&#8220;<\/p><\/blockquote>\n<p>Dass das Posen mit Grenell als ein Affront gegen wichtige Teile der Community verstanden werden musste, h\u00e4tte den Beteiligten erst recht dann klar sein m\u00fcssen, als sich am CSD-Vortag eine Protestaktion gegen den Botschafter formiert hatte. Initiiert von Margot Schl\u00f6nzke (und unterst\u00fctzt u.a. durch die Siegess\u00e4ule und den Publizisten Dirk Ludigs) wurde bei <a href=\"https:\/\/www.facebook.com\/events\/207463729945446\/\">Facebook dazu aufgerufen<\/a>, sich auf dem CSD Grenell mit Buh-Rufen entgegenzustellen.<\/p>\n<p>In einem Facebookpost zur geplanten Protestaktion schrieb Ludigs \u00fcber Botschafter Grenell:<\/p>\n<blockquote><p>&#8222;&#8230; Ein Frauen-, und Trans*-Feind! Ein gef\u00e4hrlicher Handlanger einer Regierung, die die Diskriminierung von LGBT-Menschen unterst\u00fctzt und Richter einsetzt, die LGBT-Rechte abbauen wollen, die Kinder von ihren Eltern gewaltsam trennt, Menschenrechte mit F\u00fc\u00dfen tritt und den Frieden gef\u00e4hrdet. Kein Vorreiter von LGBT-Befreiung, sondern deren Nutznie\u00dfer, der mit Emanzipationsbewegungen nichts zu tun hat. Ein Faschist, der offen den Regime Wechsel in Frankreich, Deutschland und anderen liberalen Demokratien plant und herbeitwittert. Kurz: Keiner, der die Ziele des CSD in irgendeiner Weise repr\u00e4sentiert.&#8220;<\/p><\/blockquote>\n<p>Egal, was man davon h\u00e4lt, den Botschafter auszubuhen: Sich mit einem solchen Foto so eindeutig auf die andere Seite zu stellen, ist ein abf\u00e4lliges Zeichen gegen das Wesen des CSD als das Instrument der Community, das unsere Forderungen am wirkungsvollsten Nachdruck verleihen kann.<\/p>\n<p>&#8222;Was will er dort, au\u00dfer provozieren? Provozieren wir ihn weg!&#8220;, schrieb Ludigs.<\/p>\n<p>Tats\u00e4chlich siegte die Provokation des Botschafters. Egal, ob und wie viel guter Wille im Sinne der Community bei Michalsky und Litwinschuh dabei im Spiel war:<\/p>\n<p>So einfach darf man ihm es nicht machen.\u00a0\u2666<\/p>\n<p>Nachtrag:<\/p>\n<p>J\u00f6rg Litwinschuhs Statement auf Facebook:<\/p>\n<p>&#8222;Ich beobachte und bewundere Mesut \u00d6zils\u2018 Weltkarriere seit Jahren; sein langes Schweigen zu seinem Foto mit dem umstrittenen t\u00fcrkischen Pr\u00e4sidenten Recep Tayyip Erdo\u011fan fand ich befremdlich. Aus pers\u00f6nlicher Eitelkeit habe ich bei dem gestrigen Foto mein eigentliches Anliegen konterkariert, mit dem US-Botschafter Richard Grennell in einen kritischen und selbstbewussten Dialog eintreten zu wollen. Dies bedauere ich. Den Dialog mit dem Botschafter und weiteren konservativen Kr\u00e4ften setze ich fort. Es liegt mir fern, meine eigene jahrzehntelange Arbeit und die vieler Aktivist_innen f\u00fcr LSBTTIQ-Menschenrechte zu desavouieren. Daf\u00fcr m\u00f6chte ich mich entschuldigen.&#8220;<\/p>\n<h6><strong>Wir brauchen Deine Unterst\u00fctzung! Das Nollendorfblog bleibt werbefrei und unabh\u00e4ngig durch die freiwillige Unterst\u00fctzung seiner Leserinnen und Leser.\u00a0<\/strong><a href=\"https:\/\/steadyhq.com\/de\/nollendorfblog\"><img loading=\"lazy\" decoding=\"async\" class=\"alignleft wp-image-8740 size-full\" src=\"https:\/\/www.nollendorfblog.de\/wp-content\/uploads\/2018\/02\/Steady-nollendorfblog-klein.png\" alt=\"\" width=\"442\" height=\"82\" srcset=\"https:\/\/www.nollendorfblog.de\/wp-content\/uploads\/2018\/02\/Steady-nollendorfblog-klein.png 442w, https:\/\/www.nollendorfblog.de\/wp-content\/uploads\/2018\/02\/Steady-nollendorfblog-klein-300x56.png 300w\" sizes=\"auto, (max-width: 442px) 100vw, 442px\" \/><\/a><\/h6>\n<h6><em>Mehr dazu:\u00a0<\/em><em><a href=\"https:\/\/www.nollendorfblog.de\/?p=8291\">Das Nollendorfblog braucht Deine Unterst\u00fctzung.<\/a><\/em><\/h6>\n<p>&nbsp;<\/p>\n<p>&#8212;<\/p>\n<p><strong><em>Verwandtes Thema hier im Blog:<\/em><\/strong><\/p>\n<p><strong><em><a href=\"https:\/\/www.nollendorfblog.de\/?p=2008\">Lieber Udo Walz, lieber Wolfgang Joop, gefallen Sie sich im K\u00e4fig voller Narren?<\/a><\/em><\/strong><\/p>\n<p>&#8212;<\/p>\n<p class=\"gmail_default\"><strong><a href=\"http:\/\/www.onlinekram.com\/buch-ich-hab-ja-nichts-\/\">\u200bDie n\u00e4chsten Lese- und Diskussionsveranstaltungen zum Buch zum Nollendorfblog, <\/a><\/strong><\/p>\n<p class=\"gmail_default\"><strong><a href=\"http:\/\/www.onlinekram.com\/buch-ich-hab-ja-nichts-\/\">&#8222;Johannes Kram: Ich hab ja nichts gegen Schwule, aber &#8230;&#8220;:<\/a><\/strong><\/p>\n<p class=\"gmail_default\"><strong><a href=\"http:\/\/www.onlinekram.com\/buch-ich-hab-ja-nichts-\/\">N\u00dcRNBERG\u200b, \u200b05.08. &#8211; L\u00dcBECK, 16.08. &#8211; TRIER\u200b, \u200b22.08. &#8211; ERFURT\u200b, \u200b18.09. M\u00dcNCHEN, weitere Termine in K\u00fcrze\u200b<\/a><\/strong><\/p>\n<p>&#8212;<\/p>\n<p><em>Diesen Beitrag auf Facebook liken \/ sharen<\/em><\/p>\n","protected":false},"excerpt":{"rendered":"<p>Dieses Foto ist verheerend. Es ist ein Dokument des reaktion\u00e4ren Zeitgeistes, ein Erfolg der Anf\u00fchrer der Gegen-Emanzipation.\u00a0<\/p>\n","protected":false},"author":1,"featured_media":9040,"comment_status":"open","ping_status":"open","sticky":false,"template":"","format":"standard","meta":{"footnotes":""},"categories":[164,55],"tags":[],"class_list":["post-9039","post","type-post","status-publish","format-standard","has-post-thumbnail","hentry","category-164","category-community"],"_links":{"self":[{"href":"https:\/\/www.nollendorfblog.de\/index.php?rest_route=\/wp\/v2\/posts\/9039","targetHints":{"allow":["GET"]}}],"collection":[{"href":"https:\/\/www.nollendorfblog.de\/index.php?rest_route=\/wp\/v2\/posts"}],"about":[{"href":"https:\/\/www.nollendorfblog.de\/index.php?rest_route=\/wp\/v2\/types\/post"}],"author":[{"embeddable":true,"href":"https:\/\/www.nollendorfblog.de\/index.php?rest_route=\/wp\/v2\/users\/1"}],"replies":[{"embeddable":true,"href":"https:\/\/www.nollendorfblog.de\/index.php?rest_route=%2Fwp%2Fv2%2Fcomments&post=9039"}],"version-history":[{"count":22,"href":"https:\/\/www.nollendorfblog.de\/index.php?rest_route=\/wp\/v2\/posts\/9039\/revisions"}],"predecessor-version":[{"id":9067,"href":"https:\/\/www.nollendorfblog.de\/index.php?rest_route=\/wp\/v2\/posts\/9039\/revisions\/9067"}],"wp:featuredmedia":[{"embeddable":true,"href":"https:\/\/www.nollendorfblog.de\/index.php?rest_route=\/wp\/v2\/media\/9040"}],"wp:attachment":[{"href":"https:\/\/www.nollendorfblog.de\/index.php?rest_route=%2Fwp%2Fv2%2Fmedia&parent=9039"}],"wp:term":[{"taxonomy":"category","embeddable":true,"href":"https:\/\/www.nollendorfblog.de\/index.php?rest_route=%2Fwp%2Fv2%2Fcategories&post=9039"},{"taxonomy":"post_tag","embeddable":true,"href":"https:\/\/www.nollendorfblog.de\/index.php?rest_route=%2Fwp%2Fv2%2Ftags&post=9039"}],"curies":[{"name":"wp","href":"https:\/\/api.w.org\/{rel}","templated":true}]}}