{"id":9094,"date":"2018-08-30T20:35:08","date_gmt":"2018-08-30T18:35:08","guid":{"rendered":"http:\/\/www.nollendorfblog.de\/?p=9094"},"modified":"2020-04-10T11:28:34","modified_gmt":"2020-04-10T09:28:34","slug":"analverkehr-ist-der-deutsche-witz-warum-ich-ein-buch-ueber-homophobie-geschrieben-habe-2-2-2-2-2-2-2-2-2-2-2","status":"publish","type":"post","link":"https:\/\/www.nollendorfblog.de\/?p=9094","title":{"rendered":"Wim Wenders&#8216; krasser Traum mit dem Papst."},"content":{"rendered":"<p>Irgendwann wird Wim Wenders aufwachen, und dann wird ihm das alles entsetzlich peinlich sein. Irgendwann wird er zur\u00fcckkehren aus diesem durch was auch immer verursachten Fiebertraum. Er wird erkennen, dass es ein Fiebertraum war und keine transzendentale Begegnung mit der ewigen Wahrheit. Er wird erkennen, dass er Mensch ist, ja, dass er sogar Wim Wenders ist und nicht ein \u00dcbermensch zusammengemorpht zu gleichen Teilen\u00a0 aus Jacob und Wilhelm Grimm,\u00a0Don Camillo und Leni Riefenstahl. Er wird erschrecken und gepeinigt sein von der Angst, dass nun in Zukunft alle tiefere Bedeutung seiner Filme in der Obsession nach \u00fcberh\u00f6htem Kitsch und hohlem Pathos vermutet werden wird. Er wird sich nackt f\u00fchlen durch diesen einen Film. Weil ernsthaft einem Wim Wenders ein solcher Film nicht passieren kann. Oder ein Wim Wenders nicht l\u00e4nger jemand sein kann, der irgendwie noch ernst zu nehmen ist.<img loading=\"lazy\" decoding=\"async\" class=\"alignright wp-image-9118 size-tiga-300px\" src=\"https:\/\/www.nollendorfblog.de\/wp-content\/uploads\/2018\/08\/PapstFranziskusEinMannSeinesWortes2-300x130.jpg\" alt=\"\" width=\"300\" height=\"130\" srcset=\"https:\/\/www.nollendorfblog.de\/wp-content\/uploads\/2018\/08\/PapstFranziskusEinMannSeinesWortes2-300x130.jpg 300w, https:\/\/www.nollendorfblog.de\/wp-content\/uploads\/2018\/08\/PapstFranziskusEinMannSeinesWortes2-700x300.jpg 700w\" sizes=\"auto, (max-width: 300px) 100vw, 300px\" \/><\/p>\n<p>Nun w\u00e4re auch das Sendungsbewusstsein weniger eitlerer M\u00e4nner als Wenders durch die M\u00f6glichkeit auf die Probe gestellt worden, einen Dokumentarfilm \u00fcber einen noch lebenden Papst drehen zu k\u00f6nnen -und diesen dann daf\u00fcr auch noch stundenlang vor die eigene Kamera setzen zu k\u00f6nnen. (<em>&#8222;Papst Franziskus: Ein Mann seines Wortes&#8220; hei\u00dft der Film, die Subline &#8222;Die Welt braucht Hoffnung&#8220;, <a href=\"https:\/\/www.youtube.com\/watch?v=ZyQeGlw3IbE&amp;feature=youtu.be&amp;fbclid=IwAR1j0NxNSIlYfszLznZRVIwVNpt06FmRyHo2B7IVDMjkeBN6DtNoTxJXsJs\">hier gibt es den Trailer<\/a>.)<\/em><\/p>\n<p>Und auch der an vielen Stellen ge\u00e4u\u00dferte <a href=\"http:\/\/www.taz.de\/!5513057\/\">Vorwurf<\/a>, dass Wenders hier PR macht, weil er sich als Teil einer vom Vatikan initiierten Auftragsproduktion missbrauchen l\u00e4sst, ist noch nicht das Schlimmste, das man \u00fcber Wenders und deinen Papst-Franziskus-Film sagen muss. Denn noch schlimmer als die Verbreitung von Propaganda und die Erkl\u00e4rung von Propaganda zu Kunst ist es, den Gegenstand der Betrachtung, statt ihn &#8222;nur&#8220; filmisch zu dokumentieren und propagandam\u00e4\u00dfig zu preisen, jeder Deutung zu entziehen. Oder anders gesagt: Sich p\u00e4pstlicher als der Papst zu machen.<\/p>\n<p>Denn nicht Franzikus ist es, der hier von allumfassender Wahrheit redet. Es ist Wenders. Wenders nimmt nicht nur all das, was Franziskus ihm erz\u00e4hlt, f\u00fcr bare M\u00fcnze (inklusive der Heiligengeschichten, die er dokumentarisch nachdreht und kommentiert).\u00a0 Er tut auch noch so, als\u00a0 sei das, was der Papst da von sich gibt, die <em>einzige<\/em> M\u00fcnze, ja, als sei das, was der Papst da sagt, die Wahrheit, die die Welt nur erkennen und umsetzen m\u00fcsste, um erl\u00f6st zu werden.<\/p>\n<p>Wenders im Off \u00fcber Franziskus (kein Witz!):<\/p>\n<blockquote><p>&#8222;Sein einziger Status ist es, die Wahrheit zu sagen.&#8220;<\/p><\/blockquote>\n<p>Beim Thema Homosexualit\u00e4t spricht Wenders den Papst sogar an einer der Stellen heilig und attestiert ihm Wahrheit, wo Franziskus selbst gerne unterschiedliche und widerspr\u00fcchliche &#8222;Wahrheiten&#8220; streut (von denen einige dazu nicht nur nicht heilig, sondern sogar ziemlich b\u00f6se sind). Denn Wenders pickt sich einzig einen harmlosen, wohlwollend klingenden O-Ton, der sich dann einreiht in so viel Harmloses und Wohlmeinendes drumherum, dass die Absicht des Regisseurs, dem Papst beim Thema Homosexuelle ausschlie\u00dflich Harmloses und Wohlmeinendes zu unterstellen, auf geradezu ekelerregende Art deutlich wird.<\/p>\n<p>Denn das von Wenders f\u00fcr den Film gew\u00e4hlte Papst Zitat aus dem Flugzeug ist nicht harmos &#8230;<\/p>\n<blockquote><p>&#8222;Wenn eine Person homosexuell ist und Gott sucht und guten Willens ist, wer bin ich, \u00fcber ihn zu richten?&#8220;<\/p><\/blockquote>\n<p>.. und zwar nicht nur, weil der Papst in <a href=\"https:\/\/www.queer.de\/detail.php?article_id=27183\">anderen<\/a> Zusammenh\u00e4ngen sp\u00e4ter <a href=\"https:\/\/www.queer.de\/detail.php?article_id=27190\">sehr<\/a> <a href=\"https:\/\/www.queer.de\/detail.php?article_id=28770\">wohl<\/a> <a href=\"https:\/\/www.queer.de\/detail.php?article_id=27236\">\u00fcber<\/a> LGTBI\u00a0<a href=\"https:\/\/www.queer.de\/detail.php?article_id=31235\">gerichtet<\/a> <a href=\"https:\/\/www.queer.de\/detail.php?article_id=29828\">hat<\/a> und zudem den Katechismus nie infrage stellte, nach dem homosexuelle Handlungen gegen die nat\u00fcrlichen Gesetze versto\u00dfen und nie zu billigen sind. Sondern auch, weil der Satz selber, also die Einschr\u00e4nkung, dass eine Person &#8222;Gott sucht und guten Willens ist&#8220; eben auch so verstanden werden kann,\u00a0 dass \u00fcber diese Person nur dann nicht zu richten sei, wenn sie bereit ist, ihre Homosexualit\u00e4t nicht auszuleben oder gegen diese anzugehen. Wer das Thema Papst und Homosexualit\u00e4t aufmacht und dann in einem 90-min\u00fctigen Film nur diesen einen Satz dazu pr\u00e4sentiert, der hat nichts Gutes im Sinn. Zumindest nicht aus der Sicht von Homosexuellen.<\/p>\n<p>Wenders tut so, als k\u00f6nne dieses Zitat f\u00fcr sich selbst stehen. Nein, selbst wenn man nicht erwarten m\u00f6chte, da nachzufragen oder andere Informationen und Haltungen dazu zu pr\u00e4sentieren, kann man dann doch wenigstens erwarten, dass er das Zitat einfach wegl\u00e4sst.<\/p>\n<p>Aber Wenders will es nicht weglassen, weil er nicht davon lassen kann, den Papst besser scheinen zu lassen als er ist.\u00a0 Selbst dann, wenn er damit anrichtet, dass die Papst-Kritik von homosexueller Seite als unverst\u00e4ndlich und b\u00f6sartig erscheint und er den Papst sogar homo-freundlicher auftreten l\u00e4sst, als der sich selber geben will.<\/p>\n<p>Was muss das f\u00fcr ein krasser Fiebertraum sein.<\/p>\n<p>Der arme Wenders. Gar nicht auszudenken, wie er sich f\u00fcr all das sch\u00e4men wird.\u00a0\u2666<\/p>\n<h6><strong>Wir brauchen Deine Hilfe! Das Nollendorfblog bleibt werbefrei und unabh\u00e4ngig durch die freiwillige Unterst\u00fctzung seiner Leserinnen und Leser.\u00a0<\/strong><a href=\"https:\/\/steadyhq.com\/de\/nollendorfblog\"><img loading=\"lazy\" decoding=\"async\" class=\"alignleft wp-image-8740 size-full\" src=\"https:\/\/www.nollendorfblog.de\/wp-content\/uploads\/2018\/02\/Steady-nollendorfblog-klein.png\" alt=\"\" width=\"442\" height=\"82\" srcset=\"https:\/\/www.nollendorfblog.de\/wp-content\/uploads\/2018\/02\/Steady-nollendorfblog-klein.png 442w, https:\/\/www.nollendorfblog.de\/wp-content\/uploads\/2018\/02\/Steady-nollendorfblog-klein-300x56.png 300w\" sizes=\"auto, (max-width: 442px) 100vw, 442px\" \/><\/a><\/h6>\n<h6><em>Mehr dazu:\u00a0<\/em><em><a href=\"https:\/\/www.nollendorfblog.de\/?p=8291\">Das Nollendorfblog braucht Deine Unterst\u00fctzung.<\/a><\/em><\/h6>\n<p>&#8212;<\/p>\n<p><em>Diesen Beitrag auf Facebook liken \/ sharen<\/em><\/p>\n","protected":false},"excerpt":{"rendered":"<p>Irgendwann wird Wim Wenders aufwachen, und dann wird ihm das alles entsetzlich peinlich sein. <\/p>\n","protected":false},"author":1,"featured_media":11777,"comment_status":"open","ping_status":"open","sticky":false,"template":"","format":"standard","meta":{"footnotes":""},"categories":[164,98,54],"tags":[172],"class_list":["post-9094","post","type-post","status-publish","format-standard","has-post-thumbnail","hentry","category-164","category-film-theater","category-kirche","tag-wim-wenders"],"_links":{"self":[{"href":"https:\/\/www.nollendorfblog.de\/index.php?rest_route=\/wp\/v2\/posts\/9094","targetHints":{"allow":["GET"]}}],"collection":[{"href":"https:\/\/www.nollendorfblog.de\/index.php?rest_route=\/wp\/v2\/posts"}],"about":[{"href":"https:\/\/www.nollendorfblog.de\/index.php?rest_route=\/wp\/v2\/types\/post"}],"author":[{"embeddable":true,"href":"https:\/\/www.nollendorfblog.de\/index.php?rest_route=\/wp\/v2\/users\/1"}],"replies":[{"embeddable":true,"href":"https:\/\/www.nollendorfblog.de\/index.php?rest_route=%2Fwp%2Fv2%2Fcomments&post=9094"}],"version-history":[{"count":32,"href":"https:\/\/www.nollendorfblog.de\/index.php?rest_route=\/wp\/v2\/posts\/9094\/revisions"}],"predecessor-version":[{"id":11778,"href":"https:\/\/www.nollendorfblog.de\/index.php?rest_route=\/wp\/v2\/posts\/9094\/revisions\/11778"}],"wp:featuredmedia":[{"embeddable":true,"href":"https:\/\/www.nollendorfblog.de\/index.php?rest_route=\/wp\/v2\/media\/11777"}],"wp:attachment":[{"href":"https:\/\/www.nollendorfblog.de\/index.php?rest_route=%2Fwp%2Fv2%2Fmedia&parent=9094"}],"wp:term":[{"taxonomy":"category","embeddable":true,"href":"https:\/\/www.nollendorfblog.de\/index.php?rest_route=%2Fwp%2Fv2%2Fcategories&post=9094"},{"taxonomy":"post_tag","embeddable":true,"href":"https:\/\/www.nollendorfblog.de\/index.php?rest_route=%2Fwp%2Fv2%2Ftags&post=9094"}],"curies":[{"name":"wp","href":"https:\/\/api.w.org\/{rel}","templated":true}]}}