{"id":9320,"date":"2018-11-11T14:25:56","date_gmt":"2018-11-11T12:25:56","guid":{"rendered":"http:\/\/www.nollendorfblog.de\/?p=9320"},"modified":"2019-03-02T13:13:32","modified_gmt":"2019-03-02T11:13:32","slug":"erste-politikerin-gegen-folter-partnerland-malaysia-gruene-queerpolitische-sprecherin-stellt-sich-gegen-messe-berlin-2-2-2-2-2","status":"publish","type":"post","link":"https:\/\/www.nollendorfblog.de\/?p=9320","title":{"rendered":"Das politische Kalk\u00fcl der Annegret Kramp-Karrenbauer verdient unsere tiefe Verachtung"},"content":{"rendered":"\n<p style=\"text-align:right\"><br\/><em>Foto: Annegret Kramp-Karrenbauer by Sandro Halank<\/em><\/p>\n\n\n\n<p>Fu\u00dfpilz ist eine Realit\u00e4t, mit der man umgehen muss. Oder Haarausfall. Keuchhusten. Alles nicht sch\u00f6n. Deswegen gibt es was dagegen in der Apotheke.<\/p>\n\n\n\n<p>Auf die Frage, ob sie &#8222;ihren Frieden&#8220; mit der Ehe f\u00fcr alle gemacht habe, antwortet die Kandidatin f\u00fcr den CDU Vorsitz, Annegret Kramp-Karrenbauer,  in einem<a href=\"https:\/\/www.waz.de\/politik\/darum-ist-annegret-kamp-karrenbauer-gegen-die-ehe-fuer-alle-id215763363.html\"> Interview <\/a>mit den Medien der Funke-Gruppe:<\/p>\n\n\n\n<blockquote class=\"wp-block-quote is-layout-flow wp-block-quote-is-layout-flow\"><p> Ich habe vom Grundsatz her nach wie vor meine Bedenken. Aber Fakt ist: Die Ehe f\u00fcr alle ist demokratisch vom Bundestag beschlossen worden. Insofern ist sie eine Realit\u00e4t, mir der man umgehen muss. <br\/><\/p><\/blockquote>\n\n\n\n<p>Fast noch schlimmer, als die Phrase, mit der sie sich vor der rechtlichen Gleichstellung Homosexueller wie eine vor einer schicksalshaften Krankheit ekelt, ist das davor gestellte W\u00f6rtchen &#8222;insofern&#8220;. Denn damit definiert sie als einzige positive Verbindung zwischen ihr und der Ehe f\u00fcr alle deren Legalit\u00e4t. Sie ist also etwas, dass man hinnehmen muss, weil es Gesetz ist. Sonst nicht. Nicht einmal die Losung der &#8222;Ehe f\u00fcr alle&#8220;-Gegnerin Angela Merkel, dass durch die Entscheidung nun eine langj\u00e4hrige, auch schmerzhafte gesellschaftliche Auseinandersetzung befriedet worden ist. Nicht einmal der Respekt vor den nun getrauten Lesben- und Schwulenpaaren kommt ihr in den Sinn.<\/p>\n\n\n\n<p>Um eines klarzustellen: Nat\u00fcrlich ist es nach wie vor Teil des demokratischen Meinungsspektrums, gegen die &#8222;Ehe f\u00fcr alle&#8220; zu sein.\u00a0 Doch Kramp-Karrenbauers politische Position ist es nicht nur dagegen zu sein. Sie erkl\u00e4rt die &#8222;Ehe f\u00fcr alle&#8220; zur Gefahr f\u00fcr die Gesellschaft und macht Homosexuelle damit zu einer die Gemeinschaft zersetzenden Gruppe, macht sich also Argumentationsmuster zu eigen, mit denen Antisemiten gegen Juden hetzen. Doch\u00a0 ihre <a href=\"http:\/\/mannschaft.com\/2018\/11\/09\/sogar-csu-berater-findet-kramp-karrenbauer-reaktionaer\/\">reaktion\u00e4re Haltung<\/a> zu Minderheiten ist nicht nur f\u00fcr diese ein Problem. Die Politikerin hat ganz grunds\u00e4tzlich nicht verstanden, wie Gesellschaft funktioniert. Oder sie gibt vor, es nicht zu verstehen. So oder so: Sie ist entweder ein Fall von unglaublich intellektueller Schlichtheit\u00a0 oder eines zerst\u00f6rerischem politischem Kalk\u00fcls, wie es man es sonst nur den Gaulands oder H\u00f6ckes unterstellen mag.\u00a0 (<a href=\"https:\/\/www.nollendorfblog.de\/?p=7895\">Hier mein Beitrag dazu vor einem Jahr: Ehe f\u00fcr alle Der v\u00f6lkische Wahn der Annegret Kramp-Karrenbauer<\/a>.)<\/p>\n\n\n\n<p>Wie gesagt: Eine Kandidatin f\u00fcr den Vorsitz einer Volkspartei darf gegen die &#8222;Ehe f\u00fcr alle&#8220;, darf nat\u00fcrlich homophob sein. Doch Kramp-Karrenbauers Rethorik gegen Homosexuelle ist ein anderes Kaliber. Eigentlich sollte es in diesem Jahrtausend in Deutschland Konsens sein, dass offen agitierende bekennende Rassisten, Antisemiten und Homophobiker f\u00fcr den Vorsitz einer demokratischen Institution nicht tragbar sind. Bei Kramp-Karrenbauer kommt noch erschwerend hinzu, dass sie ihr Minderheiten-Bashing zum zentralen Punkt ihres innerparteilichen Wahlkampfes macht: Um auch von reaktion\u00e4ren Kr\u00e4ften w\u00e4hlbar zu sein, wirft sie Homosexuelle vor den Bus.<\/p>\n\n\n\n<p>Im Interview erkl\u00e4rt sen, dass sie sie auf die Frage, ob sie konservativer als Angela Merkel sei:<\/p>\n\n\n\n<blockquote class=\"wp-block-quote is-layout-flow wp-block-quote-is-layout-flow\"><p>Es gibt gesellschaftspolitische Themen, bei denen ich konservativer bin. In anderen Bereichen bin ich eher liberal oder sozial aufgestellt. Insofern bin ich eine klassische CDU-Promenaden\u00admischung, die von allen Fl\u00fcgeln etwas mitbringt.<\/p><\/blockquote>\n\n\n\n<p>Doch wer ihre Interviews liest, versteht schnell, dass die &#8222;gesellschaftlichen Themen&#8220; bei denen sie sich konservativ gibt, vor allem der Angriff auf Homosexuelle ist.<\/p>\n\n\n\n<p>Reaktion\u00e4re Thesen vertreten ist das eine. Sich aber auf dem R\u00fccken von Mindeheiten f\u00fcr eine Wahl zu empfehlen, f\u00fcgt dieser\u00a0 Minderheit einen Schaden zu, der weit \u00fcber diese Wahl hinaus wirkbar ist. Nicht nur das wahre Gesicht einer Gesellschaft zeigt sich daran, wie sie mit Minderheiten umgeht. Gleiches gilt auch f\u00fcr das Gesicht einer Politikerin. <\/p>\n\n\n\n<p>Das politische Kalk\u00fcl der Annegret Kramp-Karrenbauer verdient unsere tiefe Verachtung. <\/p>\n\n\n\n<p>&#8212;<\/p>\n\n\n\n<p><em>Mehr zum Thema: <a href=\"https:\/\/www.nollendorfblog.de\/?p=7895\">Der v\u00f6lkische Wahn der  Annegret Kramp-Karrenbauer<\/a><\/em> <br\/><\/p>\n\n\n\n<p><em>Archiv: <a href=\"https:\/\/www.nollendorfblog.de\/?tag=cdu-csu\">Sammlung von Blogbeitr\u00e4gen \u00fcber die Homophobie von CDU und CSU<\/a><\/em><br\/><\/p>\n\n\n<div id=\"main\">\n<section id=\"primary\" class=\"site-content\">\n<div id=\"content\" role=\"main\">\n<article id=\"post-9132\" class=\"post-9132 post type-post status-publish format-standard has-post-thumbnail hentry category-politik\"><header class=\"entry-header\"><strong>Wir brauchen Deine Hilfe! Das Nollendorfblog bleibt werbefrei und unabh\u00e4ngig durch die freiwillige Unterst\u00fctzung seiner Leserinnen und Leser. <br><\/strong><p><\/p>\n<hr>\n<p class=\"entry-title\"><a href=\"https:\/\/steadyhq.com\/de\/nollendorfblog\"><img loading=\"lazy\" decoding=\"async\" class=\"alignleft wp-image-8740 size-full\" src=\"https:\/\/www.nollendorfblog.de\/wp-content\/uploads\/2018\/02\/Steady-nollendorfblog-klein.png\" sizes=\"auto, (max-width: 442px) 100vw, 442px\" srcset=\"https:\/\/www.nollendorfblog.de\/wp-content\/uploads\/2018\/02\/Steady-nollendorfblog-klein.png 442w, https:\/\/www.nollendorfblog.de\/wp-content\/uploads\/2018\/02\/Steady-nollendorfblog-klein-300x56.png 300w\" alt=\"\" width=\"442\" height=\"82\"><\/a><\/p>\n<p>Mehr dazu:&nbsp;<a href=\"https:\/\/www.nollendorfblog.de\/?p=8291\">Das Nollendorfblog braucht Deine Unterst\u00fctzung.<\/a><\/p>\n<hr><\/header>\n<\/article>\n<\/div>\n<\/section>\n<\/div>","protected":false},"excerpt":{"rendered":"<p>Eigentlich sollte es in diesem Jahrtausend in Deutschland Konsens sein, dass offen agitierende Rassisten, Antisemiten und Homophobiker f\u00fcr den Vorsitz einer demokratischen Institution nicht tragbar sind.<br \/>\nFoto: Annegret Kramp-Karrenbauer by Sandro Halank<\/p>\n","protected":false},"author":1,"featured_media":9322,"comment_status":"closed","ping_status":"closed","sticky":false,"template":"","format":"standard","meta":{"footnotes":""},"categories":[164,173,152,1],"tags":[114,87],"class_list":["post-9320","post","type-post","status-publish","format-standard","has-post-thumbnail","hentry","category-164","category-das-wichigste-aus-zehn-jahren","category-meistgelesen","category-politik","tag-annegret-kramp-karrenbauer","tag-cdu-csu"],"_links":{"self":[{"href":"https:\/\/www.nollendorfblog.de\/index.php?rest_route=\/wp\/v2\/posts\/9320","targetHints":{"allow":["GET"]}}],"collection":[{"href":"https:\/\/www.nollendorfblog.de\/index.php?rest_route=\/wp\/v2\/posts"}],"about":[{"href":"https:\/\/www.nollendorfblog.de\/index.php?rest_route=\/wp\/v2\/types\/post"}],"author":[{"embeddable":true,"href":"https:\/\/www.nollendorfblog.de\/index.php?rest_route=\/wp\/v2\/users\/1"}],"replies":[{"embeddable":true,"href":"https:\/\/www.nollendorfblog.de\/index.php?rest_route=%2Fwp%2Fv2%2Fcomments&post=9320"}],"version-history":[{"count":33,"href":"https:\/\/www.nollendorfblog.de\/index.php?rest_route=\/wp\/v2\/posts\/9320\/revisions"}],"predecessor-version":[{"id":9358,"href":"https:\/\/www.nollendorfblog.de\/index.php?rest_route=\/wp\/v2\/posts\/9320\/revisions\/9358"}],"wp:featuredmedia":[{"embeddable":true,"href":"https:\/\/www.nollendorfblog.de\/index.php?rest_route=\/wp\/v2\/media\/9322"}],"wp:attachment":[{"href":"https:\/\/www.nollendorfblog.de\/index.php?rest_route=%2Fwp%2Fv2%2Fmedia&parent=9320"}],"wp:term":[{"taxonomy":"category","embeddable":true,"href":"https:\/\/www.nollendorfblog.de\/index.php?rest_route=%2Fwp%2Fv2%2Fcategories&post=9320"},{"taxonomy":"post_tag","embeddable":true,"href":"https:\/\/www.nollendorfblog.de\/index.php?rest_route=%2Fwp%2Fv2%2Ftags&post=9320"}],"curies":[{"name":"wp","href":"https:\/\/api.w.org\/{rel}","templated":true}]}}