{"id":9369,"date":"2018-12-05T22:39:30","date_gmt":"2018-12-05T20:39:30","guid":{"rendered":"http:\/\/www.nollendorfblog.de\/?p=9369"},"modified":"2020-09-27T19:54:25","modified_gmt":"2020-09-27T17:54:25","slug":"homophobie-angriff-auf-klaus-wowereit-die-geistig-moralische-verkommenheit-des-friedrich-merz","status":"publish","type":"post","link":"https:\/\/www.nollendorfblog.de\/?p=9369","title":{"rendered":"Homophobie-Angriff auf Klaus Wowereit: Die geistig-moralische Verkommenheit des Friedrich Merz"},"content":{"rendered":"\r\n<blockquote class=\"wp-block-quote is-layout-flow wp-block-quote-is-layout-flow\">\r\n<p><strong>Wie Wowereit sich an Friedrich Merz r\u00e4chte<\/strong><\/p>\r\n<\/blockquote>\r\n\r\n\r\n\r\n<blockquote class=\"wp-block-quote is-style-default is-layout-flow wp-block-quote-is-layout-flow\">\r\n<p><em>Bild.de<\/em><\/p>\r\n<p>&nbsp;<\/p>\r\n<p><strong>S\u00fc\u00dfe Rache bei \u201eHart aber fair\u201c: Wowereit kn\u00f6pft sich Friedrich Merz vor<\/strong><\/p>\r\n<p><em>Berliner Kurier<\/em><\/p>\r\n<\/blockquote>\r\n\r\n\r\n\r\n<p style=\"text-align: right;\"><em>(Vorschaufoto: Screenshot ARD-Mediathek)<\/em><\/p>\r\n\r\n\r\n\r\n<p>Schlimm genug, dass Klaus Wowereit selbst daran erinnern musste. Schlimm genug, dass es nun so aussieht, als habe der ehemalige Regierende B\u00fcrgermeister da jetzt aus pers\u00f6nlicher Befindlichkeit etwas gerade r\u00fccken bzw. &#8222;r\u00e4chen&#8220; wollen. Schlimm genug, dass weder die queeren noch die nicht-queeren Medien auf dem Schirm hatten, welch Geistes Kind dieser Friedrich Merz da eigentlich ist. Oder zumindest war.<\/p>\r\n\r\n\r\n\r\n<p>Aber immerhin: Dank Klaus Wowereits <a href=\"http:\/\/mediathek.daserste.de\/Hart-aber-fair\/Erst-die-CDU-dann-vielleicht-Deutschlan\/Video?bcastId=561146&amp;documentId=58299056http:\/\/mediathek.daserste.de\/Hart-aber-fair\/Erst-die-CDU-dann-vielleicht-Deutschlan\/Video?bcastId=561146&amp;documentId=58299056\">Auftritt in &#8222;Hart aber Fair&#8220;<\/a> wissen wir nun kurz (aber rechtzeitig) vor der Wahl des oder der neuen CDU-Vorsitzenden, dass es sich bei der Wahl zwischen drei unterschiedlichen prominenten CDU-SpitzenpolitikerInnen auch um eine Wahl zwischen drei unterschiedlichen Formen von Homophobie handelt. Die Delegierten der Partei, die Homophobie traditionell als einen identit\u00e4tsstiftenden <a href=\"https:\/\/www.nollendorfblog.de\/?p=1442\">&#8222;Markenkern&#8220; <\/a>ben\u00f6tigt, k\u00f6nnen also nun w\u00e4hlen nach dem Motto &#8222;Welches Schweinderl h\u00e4ttens denn gern?&#8220;.<\/p>\r\n\r\n\r\n\r\n<p>Die <a href=\"https:\/\/www.nollendorfblog.de\/?p=9320https:\/\/www.nollendorfblog.de\/?p=9320\">reaktion\u00e4r<\/a>&#8211;<a href=\"https:\/\/www.nollendorfblog.de\/?p=7895\">v\u00f6lkische<\/a> Homophobie der Annegret Kramp-Karrenbauer? Die <a href=\"https:\/\/magazin.hiv\/2014\/05\/14\/wie-ein-feind-von-innen\/\">internalisierte<\/a>, beschwichtigende des Jens Spahn (der die kramp-karrenbauerschen Ausf\u00e4lle als respektvolle Meinung verteidigt, nur weil die Politikerin ihm versichert hat, ihn <a href=\"https:\/\/www.queer.de\/detail.php?article_id=32365\">dabei nicht verletzen zu wollen<\/a>)?<br \/><br \/><\/p>\r\n\r\n\r\n\r\n<p>Und nun zuletzt die Homophobie der guten alten Zeit des Friedrich Merz, als man die Homos noch richtig sch\u00f6n unter die G\u00fcrtellinie pr\u00fcgeln durfte?<\/p>\r\n\r\n\r\n\r\n<p>So wie am Ende des BUNTE-Interviews der Ausgabe vom 6. Dezember 2001:<\/p>\r\n\r\n\r\n\r\n<blockquote class=\"wp-block-quote is-layout-flow wp-block-quote-is-layout-flow\">\r\n<p>Deutschlands Hauptstadt wird von einem Schwulen regiert. Finden Sie das auch so gut wie B\u00fcrgermeister Klaus Wowereit?<\/p>\r\n<p><em>Solange er sich mir nicht n\u00e4hert, ist mir das egal! Der zweite Halbsatz war mir allerdings zu aggressiv. Es gibt auch andere. Und die finden das auch gut so. Im \u00dcbrigen ist mir das Privatleben f\u00fchrender Leute in der \u00d6ffentlichkeit so lange gleichg\u00fcltig, wie sie ihren Job gut machen. Nur im Augenblick macht sich der Herr Regierende B\u00fcrgermeister zum regierenden Partymeister dieser Stadt und trinkt aus jedem Damenschuh Champagner. Das wird langsam wirklich peinlich!<\/em><\/p>\r\n<\/blockquote>\r\n\r\n\r\n\r\n<p>Kann ja sein, dass Friedrich Merz die Sache nun entsetzlich leid tut. Kann ja sein, dass er etwas geistrig-moralischen Restanstand besitzt und die Sache gerade r\u00fcckt. Jeder darf mal irren. Aber so sieht es gerade nicht aus.<\/p>\r\n\r\n\r\n\r\n<p>Bis heute, also ca. 24 Stunden, nachdem Wowereit in der Sendung &#8222;Hart aber Fair&#8220; auf die homophoben Tiraden des m\u00f6glichen neuen CDU-Vorsitzenden hingewiesen hat, hat dieser sich nicht davon distanziert.<\/p>\r\n\r\n\r\n\r\n<p>Er will es also so stehen lassen. Er will damit punkten. Oder zumindest eine Zeitlang abw\u00e4gen, wie und ob er damit punkten kann.<\/p>\r\n\r\n\r\n\r\n<p>Damals, also 2001, war die homophobe Gro\u00df-Attacke jedenfalls kein Ausrutscher. Schon am 22. Oktober, also gut einen Monat vor dem BUNTE-Interview, <a href=\"https:\/\/www.mopo.de\/merz-stoert-sich-an-wowereits--outing--18483670\">titelte die Hamburger Morgenpost <\/a>&#8230;<\/p>\r\n\r\n\r\n\r\n<blockquote class=\"wp-block-quote is-layout-flow wp-block-quote-is-layout-flow\">\r\n<p><strong>Merz st\u00f6rt sich an Wowereits &#8222;Outing&#8220;<\/strong><\/p>\r\n<\/blockquote>\r\n\r\n\r\n\r\n<p>&nbsp;<\/p>\r\n\r\n\r\n\r\n<p>.. und zitiert den CDU-Politiker schon hier mit seiner sp\u00e4ter in der BUNTEN ausgef\u00fchrten Argumentation :<\/p>\r\n\r\n\r\n\r\n<blockquote class=\"wp-block-quote is-layout-flow wp-block-quote-is-layout-flow\">\r\n<p>Der Frust der CDU \u00fcber die eigene Lage in Berlin und den scheinbar unaufhaltsamen Siegeszug von Klaus Wowereit war in den letzten Tagen unverkennbar. Dass sie in der Hauptstadt trotzig den Spitzenkandidaten Frank Steffel auf Gro\u00dffl\u00e4chen Kopf an Kopf mit seiner blonden Gattin plakatierte, hat offenbar nicht den gew\u00fcnschten Effekt gehabt. <br \/>Jedenfalls konnte Unions-Fraktionschef Friedrich Merz am Freitag nicht an sich halten: &#8222;Herr Wowereit betreibt sein Outing mit zu gro\u00dfer Aggressivit\u00e4t&#8220; sagte er in Anspielung auf die Homosexualit\u00e4t des SPD-Spitzenmannes.<\/p>\r\n<\/blockquote>\r\n\r\n\r\n\r\n<p>Die Artikel erscheint einen Tag nachdem die Berliner SPD mit ihrem Spitzenkandidaten Klaus Wowereit erstmals seit \u00fcber 30 Jahren st\u00e4rkste Kraft im Abgeordnetenhaus wurde. Wowereit hat also recht, als er bei &#8222;Hart aber Fair&#8220; darauf hinweist, was Merz ihm damals eigentlich vorgeworfen hatte:<\/p>\r\n\r\n\r\n\r\n<blockquote class=\"wp-block-quote is-layout-flow wp-block-quote-is-layout-flow\">\r\n<p>&#8222;Der Wowereit macht mit seiner Homosexualit\u00e4t Wahlkampf&#8220;<\/p>\r\n<\/blockquote>\r\n\r\n\r\n\r\n<p>Und er hat zweitens recht, wenn er betont, dass Merz mit diesem Vorwurf noch &#8222;einen draufgelegt&#8220; habe, dass dieser Teil der Merz-Aussage aus dem BUNTE-Interview noch schlimmer zu gewichten ist als der ohnehin schon so ma\u00dflos verachtende &#8222;Hauptsache der Homo fasst mich nicht an&#8220;-Sprech.<\/p>\r\n\r\n\r\n\r\n<p>Denn Merz f\u00fcttert hier gleich mehrere Klassiker der <a href=\"https:\/\/www.nollendorfblog.de\/?cat=79\">&#8222;neuen Homophobie&#8220;<\/a>: Er macht das Opfer zum T\u00e4ter, deutet die Notwehr desjenigen, der sich mit einem \u00f6ffentlichen Coming-out aus einem Erpressungsversuch befreit, zur perfiden Strategie. Und die T\u00e4ter, also diejenigen, deren bigotter Homohass eine solche Erpressungssituation \u00fcberhaupt erst erm\u00f6glichte, werden zu Opfern stilisiert, die nun von dem Egotrip eines Homos bel\u00e4stigt werden.<\/p>\r\n\r\n\r\n\r\n<p>Er stellt durch den Vorwurf der Aggression die Sichtbarkeit von Homosexualit\u00e4t als eine Art feindseligen Akt dar. Er tut also so, als ob es &#8222;brave&#8220;, also unsichtbarere Homos gibt und die &#8222;aggresiven&#8220; die sind, die genau wie die Heteros darauf beharren, dass ihre sexuelle Identit\u00e4t auch Thema sein darf und kann, weil es eben auch etwas \u00fcber die Person aussagen kann. Dass nach dieser Logik nicht Wowereit, sondern sein heterosexueller Gegenkandidat Steffel der aggressivere war (weil der im Gegensatz zu Wowereit seine(n) Partner(in) mit aufs Plakat nahm, und somit auch seine Heterosexualit\u00e4t plakatieren lie\u00df) hat Merz damals entweder nicht verstanden. Oder er appellierte um die Gunst derjenigen, die es nicht verstehen wollten.<\/p>\r\n\r\n\r\n\r\n<p>Stimmt die Vermutung, dass nur Kramp-Karrenbauer und Merz realistische Chancen auf den CDU-Vorsitz haben und sollte es wirklich so sein, dass Friedrich Merz seine damaligen Aussagen nicht in aller Deutlichkeit einkassiert, wird die sogenannte &#8222;Erneuerung&#8220; der CDU so oder so zu einem revanchistischen R\u00fcckfall, den man sich vor wenigen Monaten nicht vorzustellen wagte. Dass in dieser Situation sogar vermeintlich liberale Stimmen wie der (offen schwule) Generalsekret\u00e4r der Berliner CDU die drei aussichtsreichsten Drei als &#8220; spitzenm\u00e4\u00dfige Auswahl von Kandidaten&#8220; preist, l\u00e4sst vermuten, dass breite Schichten der Partei bereit sind, das homopolitische Worst Case Szenario als ein Best Case zu feiern.<\/p>\r\n\r\n\r\n\r\n<p>&#8212;<\/p>\r\n\r\n\r\n\r\n<p>Mehr zum Thema in diesem Blog:<\/p>\r\n\r\n\r\n\r\n<p><a href=\"https:\/\/www.nollendorfblog.de\/?p=9320\">Das politische Kalk\u00fcl der Annegret Kramp-Karrenbauer verdient unsere tiefe Verachtung<\/a><\/p>\r\n\r\n\r\n\r\n<p><a href=\"https:\/\/www.nollendorfblog.de\/?p=7895\">Ehe f\u00fcr alle: Der v\u00f6lkische Wahn der Annegret Kramp-Karrenbauer<\/a><\/p>\r\n\r\n\r\n\r\n\r\n\r\n<p><a href=\"https:\/\/www.nollendorfblog.de\/?tag=cdu-csu\">Aud dem Archiv: Blogbeitr\u00e4ge \u00fcber CDU\/CSU und die Homophobie als\u00a0 &#8222;Markenkern&#8220;<\/a><\/p>\r\n\r\n\r\n\r\n<p><strong>Wir brauchen Deine Hilfe! Das Nollendorfblog bleibt werbefrei und unabh\u00e4ngig durch die freiwillige Unterst\u00fctzung seiner Leserinnen und Leser. <br \/><\/strong><\/p>\r\n\r\n\r\n<hr class=\"wp-block-separator\" \/>\r\n\r\n\r\n<div class=\"wp-block-image\">\r\n<figure class=\"alignleft\"><a href=\"https:\/\/steadyhq.com\/de\/nollendorfblog\"><img loading=\"lazy\" decoding=\"async\" width=\"442\" height=\"82\" class=\"wp-image-8740\" src=\"https:\/\/www.nollendorfblog.de\/wp-content\/uploads\/2018\/02\/Steady-nollendorfblog-klein.png\" alt=\"\" srcset=\"https:\/\/www.nollendorfblog.de\/wp-content\/uploads\/2018\/02\/Steady-nollendorfblog-klein.png 442w, https:\/\/www.nollendorfblog.de\/wp-content\/uploads\/2018\/02\/Steady-nollendorfblog-klein-300x56.png 300w\" sizes=\"auto, (max-width: 442px) 100vw, 442px\" \/><\/a><\/figure>\r\n<\/div>\r\n\r\n\r\n\r\n<p>Mehr dazu:\u00a0<a href=\"https:\/\/www.nollendorfblog.de\/?p=8291\">Das Nollendorfblog braucht Deine Unterst\u00fctzung.<\/a><\/p>\r\n\r\n\r\n\r\n<p>&nbsp;<\/p>\r\n","protected":false},"excerpt":{"rendered":"<p>Kann ja sein, dass Friedrich Merz die Sache nun entsetzlich leid tut. Kann ja sein, dass Friedrich Merz etwas geistrig-moralischen Restanstand besitzt und die Sache gerade r\u00fcckt. Jeder darf mal irren. Aber so sieht es gerade nicht aus.<\/p>\n","protected":false},"author":1,"featured_media":9385,"comment_status":"closed","ping_status":"closed","sticky":false,"template":"","format":"standard","meta":{"footnotes":""},"categories":[164,1],"tags":[114,87,171],"class_list":["post-9369","post","type-post","status-publish","format-standard","has-post-thumbnail","hentry","category-164","category-politik","tag-annegret-kramp-karrenbauer","tag-cdu-csu","tag-friedrich-merz"],"_links":{"self":[{"href":"https:\/\/www.nollendorfblog.de\/index.php?rest_route=\/wp\/v2\/posts\/9369","targetHints":{"allow":["GET"]}}],"collection":[{"href":"https:\/\/www.nollendorfblog.de\/index.php?rest_route=\/wp\/v2\/posts"}],"about":[{"href":"https:\/\/www.nollendorfblog.de\/index.php?rest_route=\/wp\/v2\/types\/post"}],"author":[{"embeddable":true,"href":"https:\/\/www.nollendorfblog.de\/index.php?rest_route=\/wp\/v2\/users\/1"}],"replies":[{"embeddable":true,"href":"https:\/\/www.nollendorfblog.de\/index.php?rest_route=%2Fwp%2Fv2%2Fcomments&post=9369"}],"version-history":[{"count":42,"href":"https:\/\/www.nollendorfblog.de\/index.php?rest_route=\/wp\/v2\/posts\/9369\/revisions"}],"predecessor-version":[{"id":12134,"href":"https:\/\/www.nollendorfblog.de\/index.php?rest_route=\/wp\/v2\/posts\/9369\/revisions\/12134"}],"wp:featuredmedia":[{"embeddable":true,"href":"https:\/\/www.nollendorfblog.de\/index.php?rest_route=\/wp\/v2\/media\/9385"}],"wp:attachment":[{"href":"https:\/\/www.nollendorfblog.de\/index.php?rest_route=%2Fwp%2Fv2%2Fmedia&parent=9369"}],"wp:term":[{"taxonomy":"category","embeddable":true,"href":"https:\/\/www.nollendorfblog.de\/index.php?rest_route=%2Fwp%2Fv2%2Fcategories&post=9369"},{"taxonomy":"post_tag","embeddable":true,"href":"https:\/\/www.nollendorfblog.de\/index.php?rest_route=%2Fwp%2Fv2%2Ftags&post=9369"}],"curies":[{"name":"wp","href":"https:\/\/api.w.org\/{rel}","templated":true}]}}