{"id":9499,"date":"2018-12-31T19:52:56","date_gmt":"2018-12-31T17:52:56","guid":{"rendered":"http:\/\/www.nollendorfblog.de\/?p=9499"},"modified":"2019-03-17T16:41:57","modified_gmt":"2019-03-17T14:41:57","slug":"homophobie-angriff-auf-klaus-wowereit-die-geistig-moralische-verkommenheit-des-friedrich-merz-2-3","status":"publish","type":"post","link":"https:\/\/www.nollendorfblog.de\/?p=9499","title":{"rendered":"2018 &#8211; das Jahr der homophoben Frauen"},"content":{"rendered":"Am Ende des Jahres schaue ich mir die meistgeklickten Beitr\u00e4ge an. Meist sind es Texte \u00fcber Ereignisse, die das Jahr bestimmt haben. 2016 war das der <a href=\"https:\/\/www.nollendorfblog.de\/?p=6562\">Anschlag von Orlando<\/a>, 2017 die Einf\u00fchrung der Ehe f\u00fcr alle in Deutschland. 2018 hat es ein solches \u00fcbergreifendes Thema nicht gegeben. Nicht einzelne Entscheidungen oder Vorkommnisse haben die Community gepr\u00e4gt, zumindest, wenn man schaut, wie diese auf die entsprechenden Beitr\u00e4ge hier im Blog reagiert hat. Und trotzdem gibt es eine Auff\u00e4lligkeit: 2018 ist, zumindest hier in diesem Blog, das Jahr der homophoben Frauen:\n\nDer mit Abstand am meisten gelesene und geteilte Blogbeitrag widmet sich der damaligen Kandidatin f\u00fcr den CDU-Vorsitz und jetzigen Parteichefin (<a href=\"https:\/\/www.nollendorfblog.de\/?p=9320\"> &#8222;Das politische Kalk\u00fcl der Annegret Kramp-Karrenbauer verdient unsere tiefe Verachtung&#8220; &#8211; 11. November<\/a>), was sich mit der Abstimmung von &#8222;Enough is Enough&#8220; deckt, in der &#8222;AKK trotz&#8220; starker Konkurrenz mit deutlicher Mehrheit zur<a href=\"https:\/\/www.welt.de\/politik\/deutschland\/article185729090\/Kramp-Karrenbauer-zur-Miss-Homophobia-2018-gewaehlt.html\"> &#8222;Miss Homophobia 2018&#8220;<\/a> gew\u00e4hlt wurde. \u00dcbrigens hat die Nollendorfblog-Kritk an der CDU-Politikerin aus dem letzen Jahr&nbsp;<a title=\"Permanentlink zu Ehe f\u00fcr alle: Der v\u00f6lkische Wahn der Annegret Kramp-Karrenbauer\" href=\"https:\/\/www.nollendorfblog.de\/?p=7895\" rel=\"bookmark\">(&#8222;Ehe f\u00fcr alle: Der v\u00f6lkische Wahn der Annegret Kramp-Karrenbauer&#8220;)&nbsp;&nbsp;<\/a>in diesem Jahr eine breite W\u00fcrdigung in der Karrenbauer-Biografie <a href=\"https:\/\/www.buecher.de\/shop\/soziale-gruppen\/die-macht-ist-weiblich-ebook-pdf\/otzelberger-manfred\/products_products\/detail\/prod_id\/52589377\/\">&#8222;Die Macht ist weiblich&#8220;<\/a> (Manfred Otzelsberger, Oktober 2018, riva-Verlag) erfahren. Mein AKK-Fazit damals: &#8222;In ihr steckt v\u00f6lkisches Gedankengut, hinter ihr steht ein Gesellschafts- und Menschenbild, das den Fortbestand dieser Gesellschaft an eine normative Idee kn\u00fcpft und gleichzeitig eine Minderheit und deren Gleichwertigkeit als Gefahr f\u00fcr den Fortbestand dieser Gesellschaft definiert. Gesellschaft funktioniert so nat\u00fcrlich nicht und hat nie so funktioniert.&#8220; 2018 muss man sagen: Dem ist wohl leider wirklich so. Und noch schlimmer: Damit lassen sich Wahlen gewinnen.\n\nDer am zweith\u00e4ufigsten gelesene Artikel widmet sich der AfD-Bundestagsabgeordneten Nicole H\u00f6chst:<a href=\"https:\/\/www.nollendorfblog.de\/?p=8579\"> &#8222;AfD-Kandidatin f\u00fcr Hirschfeld-Kuratorium: Studien belegen, dass es unter homosexuellen M\u00e4nnern mehr P\u00e4dophile gibt\u201c<\/a> . Das Nollendorfblog hatte damals als erstes Medium auf die P\u00e4dophilen-\u00c4u\u00dferungen der frisch gebackenen Kandidatin f\u00fcr die Hirschfeld-Stiftung aufmerksam gemacht. Der 28. Januar, also der Tag, an dem der Blogbeitrag erschien ist, ist auch gleichzeitig der mit der gr\u00f6\u00dften Tagesreichweite des ganzen Jahres. Ein&nbsp; deutliches Indiz f\u00fcr die gr\u00f6\u00dfe der Wut innerhalb der Community auf auf die Schauerm\u00e4rchen von H\u00f6chst und ihrer Partei. Wie dreist ihre zentrale L\u00fcge ist (\u201eStudien belegen, dass es unter homosexuellen M\u00e4nnern mehr P\u00e4dophile gibt.\u201c) zeigt sich auch daran, dass ich noch heute auf die mir zugesagte Antwort ihres B\u00fcros warte, auf welche Studien sich Frau H\u00f6chst hier beziehen m\u00f6chte. Es gilt wohl, was ich<a href=\"https:\/\/www.nollendorfblog.de\/?p=8728\"> im Februar dazu geschrieben hatte<\/a>: &#8222;Frau H\u00f6chst hat m\u00f6glicherweise nicht nur ein gest\u00f6rtes Verh\u00e4ltnis zu Homosexuellen, sondern auch zur Wahrheit. Wahrscheinlich pr\u00e4destiniert sie das besonders f\u00fcr eine Funktion als Sprachrohr der AfD im Kuratorium der Magnus Hirschfeld Stiftung.&#8220; Gut, dass H\u00f6chst im Dezember beim <a href=\"https:\/\/www.queer.de\/detail.php?article_id=32556\">zweiten Anlauf<\/a> keine Mehrheit im Bundestag erreichen konnte.\n\nUm den dritten Platz hat sich Sahra Wagenknecht verdient gemacht: <a title=\"Permanentlink zu Wie Sahra Wagenknecht Lesben und Schwule f\u00fcr dumm verkaufen will\" href=\"https:\/\/www.nollendorfblog.de\/?p=8976\" rel=\"bookmark\">&#8222;Wie Sahra Wagenknecht Lesben und Schwule f\u00fcr dumm verkaufen will&#8220; (27. Juni).&nbsp; <\/a>Nachdem ich im Vorjahr noch fast ausnahmlos Pr\u00fcgel f\u00fcr meine <a href=\"https:\/\/www.nollendorfblog.de\/?p=7535\">damalige Kritik<\/a> an der LINKEN-Politikerin erhalten habe, scheint sich in diesem Jahr ein Gr0\u00dfteil der Community dar\u00fcber einig zu sein, dass sich die Homophobie-Vorw\u00fcrfe best\u00e4tigt haben. Auch innerhalb der Partei werden diese mittlerweile offen ausgesprochen, etwa vom Berliner Kultursenator Klaus Lederer in der<a href=\"https:\/\/www.siegessaeule.de\/no_cache\/newscomments\/article\/3987-wie-homophob-ist-die-linke-herr-lederer.html\"> Siegess\u00e4ule<\/a>: &#8222;Die Kritik, die beispielsweise Johannes Kram&nbsp; ge\u00e4u\u00dfert hat, teile ich sehr wohl. Es handelt sich hier um die &#8217;schrecklich nette Homophobie&#8216;, die nicht offen homophob daherkommt, aber die letztlich an existierende homophobe Ressentiments gegen\u00fcber queeren Menschen andockt.&#8220; Auf queer.de belegte Wagenknecht sogar den ersten Platz: Kein Artikel wurde auf Deutschlands gr\u00f6\u00dfter queeren Nachrichtenseite \u00f6fter gelesen als &#8222;<a href=\"https:\/\/www.queer.de\/detail.php?article_id=31415\">Sahra Wagenknecht sch\u00fcrt Homophobie<\/a>&#8222;.\n\nAuch wenn es ein ungerechter Zufall sein mag, dass Kramp-Karrenbauer, H\u00f6chst und Wagenknecht hier in einem Zusammenhang genannt werden, auch wenn man nat\u00fcrlich hinzuf\u00fcgen muss, dass die Homophobie von H\u00f6chst ungleich brutaler als die der Kramp-Karrenbauer ist (und die der Kramp-Karrenabuer ungleich brutaler als die von Sahra Wagenknecht), so bilden die homophoben Attacken dieser drei Frauen doch ziemlich genau die Bedrohungslage ab, der sich die deutsche Community in diesem Jahr aus der Politik erwehren musste: Es ist eine komplexe und undurchsichtige Gemengelage bestehend aus offener, l\u00fcgenbasierter Feinseeligkeit (Nicole H\u00f6chst), christlich-fundamentalistischer Untergangsrethorik (Kramp-Karrenbauer) sowie einer sich immer offener zeigender vermeintlich linken Logik, nach der das vermeintliche Dauer-K\u00fcmmern linker Parteien um queere Themen irgendwie dazu beigtragen haben soll, dass andere wichtige gesellschaftliche Themen liegengeblieben sind (Wagenknecht).\n\nBe\u00e4ngstigend ist, dass sich die drei Frauen in aller Unterschiedlichkeit in einem einig sind: Dass es zu viel, und nicht etwa zu wenig queere Politik gegeben hat. Der Eindruck, den alle drei damit suggerieren, stellt unsere Herausforderung f\u00fcr das n\u00e4chste Jahr dar, zeigt das, was wir 2019 bek\u00e4mpfen m\u00fcssen: Die M\u00e4r, nach welcher LGBTI irgendjemandem in dieser Gesellschaft etwas weggenommen h\u00e4tten. Dass es daf\u00fcr, dass es vielen von uns nun besser geht, nun anderen schlechter geht.\n\nUns muss klar sein: 2018 ist das Jahr, in dem sich dieses Land mit einer neuen Frau f\u00fcr das Amt der Bundeskanzlerin angefreundet hat. Dass diese Frau in diesem Jahr so weit gekommen ist, war nicht trotz, sondern wegen ihrer gezielten Homophobie m\u00f6glich. 2018, das erste ganze Jahr, in dem Homosexuelle in Deutschland heiraten durften, ist auch das Jahr, in dem Homophobie wie selten vorher an vorderster Stelle gro\u00dfe Politik gemacht hat. 2019 hei\u00dft daher vor allem: Weiterk\u00e4mpfen! \u2666\n\n<!-- \/wp:post-content -->\n\n<!-- wp:paragraph -->\n\n<strong>Wir brauchen Deine Hilfe! Das Nollendorfblog bleibt werbefrei und unabh\u00e4ngig durch die freiwillige Unterst\u00fctzung seiner Leserinnen und Leser.\n<\/strong>\n\n<!-- \/wp:paragraph -->\n\n<!-- wp:separator -->\n\n<hr class=\"wp-block-separator\">\n\n<!-- \/wp:separator -->\n\n<!-- wp:image {\"id\":8740,\"align\":\"left\",\"linkDestination\":\"custom\"} -->\n<div class=\"wp-block-image\">\n<figure class=\"alignleft\"><a href=\"https:\/\/steadyhq.com\/de\/nollendorfblog\"><img loading=\"lazy\" decoding=\"async\" width=\"442\" height=\"82\" class=\"wp-image-8740\" src=\"https:\/\/www.nollendorfblog.de\/wp-content\/uploads\/2018\/02\/Steady-nollendorfblog-klein.png\" alt=\"\" srcset=\"https:\/\/www.nollendorfblog.de\/wp-content\/uploads\/2018\/02\/Steady-nollendorfblog-klein.png 442w, https:\/\/www.nollendorfblog.de\/wp-content\/uploads\/2018\/02\/Steady-nollendorfblog-klein-300x56.png 300w\" sizes=\"auto, (max-width: 442px) 100vw, 442px\" \/><\/a><\/figure>\n<\/div>\n<!-- \/wp:image -->\n\n<!-- wp:paragraph -->\n\nMehr dazu:&nbsp;<a href=\"https:\/\/www.nollendorfblog.de\/?p=8291\">Das Nollendorfblog braucht Deine Unterst\u00fctzung.<\/a>\n\n<!-- \/wp:paragraph -->\n\n<!-- wp:paragraph -->\n\n&nbsp;\n\n<!-- \/wp:paragraph -->","protected":false},"excerpt":{"rendered":"<p>Be\u00e4ngstigend ist, dass sich die drei Frauen in aller Unterschiedlichkeit in einem einig sind: Dass es zu viel, und nicht etwa zu wenig queere Politik gegeben hat. Der Eindruck, den alle drei damit suggerieren, stellt unsere Herausforderung f\u00fcr das n\u00e4chste Jahr da, zeigt das, was wir 2019 bek\u00e4mpfen m\u00fcssen.<\/p>\n","protected":false},"author":1,"featured_media":9501,"comment_status":"closed","ping_status":"closed","sticky":false,"template":"","format":"standard","meta":{"footnotes":""},"categories":[164,1],"tags":[99,114,174],"class_list":["post-9499","post","type-post","status-publish","format-standard","has-post-thumbnail","hentry","category-164","category-politik","tag-afd","tag-annegret-kramp-karrenbauer","tag-sahra-wagenknecht"],"_links":{"self":[{"href":"https:\/\/www.nollendorfblog.de\/index.php?rest_route=\/wp\/v2\/posts\/9499","targetHints":{"allow":["GET"]}}],"collection":[{"href":"https:\/\/www.nollendorfblog.de\/index.php?rest_route=\/wp\/v2\/posts"}],"about":[{"href":"https:\/\/www.nollendorfblog.de\/index.php?rest_route=\/wp\/v2\/types\/post"}],"author":[{"embeddable":true,"href":"https:\/\/www.nollendorfblog.de\/index.php?rest_route=\/wp\/v2\/users\/1"}],"replies":[{"embeddable":true,"href":"https:\/\/www.nollendorfblog.de\/index.php?rest_route=%2Fwp%2Fv2%2Fcomments&post=9499"}],"version-history":[{"count":13,"href":"https:\/\/www.nollendorfblog.de\/index.php?rest_route=\/wp\/v2\/posts\/9499\/revisions"}],"predecessor-version":[{"id":10395,"href":"https:\/\/www.nollendorfblog.de\/index.php?rest_route=\/wp\/v2\/posts\/9499\/revisions\/10395"}],"wp:featuredmedia":[{"embeddable":true,"href":"https:\/\/www.nollendorfblog.de\/index.php?rest_route=\/wp\/v2\/media\/9501"}],"wp:attachment":[{"href":"https:\/\/www.nollendorfblog.de\/index.php?rest_route=%2Fwp%2Fv2%2Fmedia&parent=9499"}],"wp:term":[{"taxonomy":"category","embeddable":true,"href":"https:\/\/www.nollendorfblog.de\/index.php?rest_route=%2Fwp%2Fv2%2Fcategories&post=9499"},{"taxonomy":"post_tag","embeddable":true,"href":"https:\/\/www.nollendorfblog.de\/index.php?rest_route=%2Fwp%2Fv2%2Ftags&post=9499"}],"curies":[{"name":"wp","href":"https:\/\/api.w.org\/{rel}","templated":true}]}}