{"id":9529,"date":"2019-01-06T23:59:10","date_gmt":"2019-01-06T21:59:10","guid":{"rendered":"http:\/\/www.nollendorfblog.de\/?p=9529"},"modified":"2019-03-02T12:33:22","modified_gmt":"2019-03-02T10:33:22","slug":"homophobie-angriff-auf-klaus-wowereit-die-geistig-moralische-verkommenheit-des-friedrich-merz-2-3-2-2","status":"publish","type":"post","link":"https:\/\/www.nollendorfblog.de\/?p=9529","title":{"rendered":"Solidarit\u00e4t f\u00fcr Fabrizio! &#8211; Nicht der DSDS-Kandidat war respektlos, sondern die Sendung, die ihn vorgef\u00fchrt hat."},"content":{"rendered":"<blockquote><p><em>&#8222;Ich find das einfach so schade .. alles wof\u00fcr alle jahrelang gek\u00e4mpft haben egal ob politisch oder gesellschaftlich etc geht dann einfach doch schonmal innerhalb von Sekunden kaputt.<\/em><br>\n<em>Nat\u00fcrlich sind wir nicht alle so , aber erkl\u00e4re dass mal Leuten die sowieso nicht weltoffen sind .&#8220;<\/em><\/p>\n<p>Katy B\u00f6hm, Berliner Dragqueen auf Facebbook<\/p><\/blockquote>\n<p>RTL bewirbt die neue Staffel seiner Castingshow &#8222;Deutschland sucht den Superstar&#8220; mit dem &#8222;wohl frechsten Kandidaten&#8220;, den das Format je gesehen habe. Sowohl in der Vor- als auch in der hauseigenen <a href=\"https:\/\/www.rtl.de\/cms\/dsds-2019-kandidat-fabrizio-legt-sich-mit-der-jury-an-oana-nechiti-platzt-der-kragen-4273272.html\">Nachberichterstattung<\/a> des Senders spielte der Auftritt des offen (und offensichtlich) schwulen 21-j\u00e4hrigen Fabrizio Giordano aus Pforzheim eine wichtige Rolle. Nach dessen schlechter Gesangperformance in High Heels <a href=\"https:\/\/www.queer.de\/detail.php?article_id=32688\">eskalierte die Diskussion mit der Jury<\/a>. In der Aufzeichnung sieht man, wie Fabrizio einzelne Jurymitgieder beleidigt. Schlie\u00dflich wird er von der Jurorin Oana Nechiti aus dem Studio gef\u00fchrt.<\/p>\n<p>Viele Medien \u00fcbernehmen heute die vom Sender vorgegebene Darstellung: &#8222;Das ist der wohl respektloseste Kandidat aller Zeiten&#8220; hei\u00dft es <a href=\"https:\/\/www.mopo.de\/news\/promi-show\/jury-platzt-der-kragen-der-respektloseste-dsds-kandidat-aller-zeiten-31830054?originalReferrer=https:\/\/www.bing.com\/\">hier<\/a> und<a href=\"https:\/\/www.express.de\/news\/promi-und-show\/jury-platzt-der-kragen-der-respektloseste-dsds-kandidat-aller-zeiten-31830054\"> hier<\/a> und<a href=\"https:\/\/www.msn.com\/de-de\/unterhaltung\/tv\/jury-platzt-der-kragen-der-wohl-respektloseste-dsds-kandidat-aller-zeiten\/ar-BBRPH8w?li=BBqg6Q9\"> hier<\/a>. Und ziemlich genau so konnte man es heute in unz\u00e4hligen Postings in den sozialen Netzwerken nachlesen. Oder noch schlimmer: Fabrizio habe durch sein unversch\u00e4mtes Verhalten und die gleichzeitige die Betonung seiner Homosexualit\u00e4t der Communiy einen B\u00e4rendienst erwiesen. Nicht nur einmal habe ich auf Facebook gelesen, er habe mit seinem Verhalten Homophobie bef\u00f6rdert.<\/p>\n<p>Was vielleicht viele Zuschauer nicht wissen: Vor dem Casting, das wir im Fernsehen zu sehen bekommen, haben die Kandidaten bereits ein Casting ohne die prominente Jury durchlaufen. Die Redaktion wei\u00df also genau, wen sie da vor sich hat. Trifft also ein Kandidat auf Dieter Bohlen, der nicht singen kann, dann trifft er nicht auf Dieter Bohlen, obwohl er nicht singen kann, sondern <em>weil<\/em> er nicht singen kann. Erst recht, wenn er sonst irgendwie auff\u00e4llig ist. Er trifft also auf die Jury, um vor einem Millionenpublikum vorgef\u00fchrt zu werden. Nat\u00fcrlich sagt eine Fernsehredaktion diesen chancenlosen Kandidaten nicht, dass die keine Chance haben, dass sie im Gegenteil nur deshalb noch einmal eingeladen wurden, weil sie keine Chance haben, sondern um sich l\u00e4cherlich zu machen. Aber es ist noch schlimmer: Oft wird solchen hoffnungslosen Kandidaten auch noch Hoffnung gemacht. Es reicht also nicht, dass sie sich in einer Primetimesendung erwartbar l\u00e4cherlich machen sollen. Sie sollen sich in Grund und Boden blamieren. Das ist Teil des Konzeptes.<\/p>\n<p>Nun kann man nat\u00fcrlich sagen, jemand der 21 ist, muss sich und seine Talente selber einsch\u00e4tzen k\u00f6nnen. Vor allen Dingen muss er aber auch ein Format einsch\u00e4tzen k\u00f6nnen, das es seit 16 Jahren gibt und in dem es immer so gewesen ist, dass Kandidaten sich blamieren und von der Jury hart angegriffen werden. Wer das nicht abkann, der sollte dort doch einfach nicht hingehen.<\/p>\n<p>Stimmt. Das sollte man nicht. Und trotzdem sollten wir nicht \u00fcber die urteilen, die es trotzdem tun, so lange es Laien sind, die das Business und seine Verhei\u00dfungen und Verf\u00fchrungen schlecht einsch\u00e4tzen und abwehren k\u00f6nnen. Ich m\u00f6chte daran erinnern, dass der peinlichste Medienmoment des letzten Jahres nicht einem DSDS-Kandidaten sondern dem gestandenen Filmregisseur <a href=\"https:\/\/www.nollendorfblog.de\/?p=9094\">Wim Wenders passiert ist,<\/a> dem jede Distanz und Realit\u00e4tssicht abhanden kam, nur weil er f\u00fcr einen Film den Papst interviewen durfte. Wenn Wim Wenders vor dem Papst kapituliert und bereit ist, seine seit Jahrzehnten angeh\u00e4ufte k\u00fcnstlerische Glaubw\u00fcrdigkeit \u00fcber Bord zu werfen, wie kann man dann \u00fcber einen 21-j\u00e4hrigen den Stab brechen, der vor den menschgewordenen Poptitan tritt?<\/p>\n<p>Zumindest sollten wir nicht einfach so die Deutungshoheit derjenigen \u00fcbernehmen, deren Gesch\u00e4ftsmodell es ist, junge Leute vor laufender Kamera ins offene Messer laufen lassen und dann daf\u00fcr zu sorgen, dass sie aus dem Messer so leicht nicht wieder herauskommen. Die Fabrizio-Sequenz dauerte in der Aufzeichnung ca. 10 Minuten, in einer Fernsehsendung ist das eine Ewigkeit. Au\u00dferdem k\u00f6nnen wir h\u00f6ren, dass sich der Kandidat fr\u00fch mit dem Urteil der Jury zufriedengibt: &#8222;Wenn ihr sagt, ich kann nicht singen, dann kann ich halt nicht singen.\u201c Im Gegensatz zu anderen Kandidaten scheint Fabrizio nicht um sein Weiterkommen in der Show gek\u00e4mpft zu haben. Wenn man sich die zusammengeschnittenen Szenen anschaut, spricht viel daf\u00fcr, dass die Jury ihn trotzdem weiterq\u00e4lte, als er sich schon l\u00e4ngst geschlagen gegeben hatte. Die Eskalation war in diesem Fall nicht von Fabizio ausgegangen, sondern von denjenigen, die einen jungen Mann weiter vorf\u00fchrten, der gerade nicht nur die Niederlage seines Lebens realisierte, sondern auch noch die abgrundtiefe Scham, diese nun mit einer Fernsehnation teilen zu m\u00fcssen.<\/p>\n<p>Und tun wir bitte nicht so, als sei das eben mal so nebenbei: Gerade seine Homosexualit\u00e4t vor einer Jury erkl\u00e4rt und auch noch verteidigt zu haben. All die vor den Fernsehger\u00e4ten sitzenden ungeouteten (weil um ihre Karriere bangenden) Bankangestellten, die sich am Samstag Abend k\u00f6stlich \u00fcber die dumme w\u00fctende Tunte amusiert haben, m\u00f6gen sich bitte nur eine Millisekunde fragen: Wie h\u00e4tten sie in einer Situation reagiert, die auch nur ein Bruchteil von der Scham und der Schande enthielt, die Frabizio da zu bew\u00e4ltigen hatte.<\/p>\n<p>Und warum musste sich Fabrizio auch so geben? Warum auch noch diese High Heels? Erste Antwort: Warum denn nicht! Zweite Antwort: Gro\u00dfe Fernsehmomente entstehen durch gro\u00dfe Siege und gro\u00dfe Niederlagen. Bei einer anderen Castingshow habe ich erlebt, wie ein (ebenfalls wahrscheinlich homosexueller) Kandidat in einem bescheurtem Kost\u00fcm auftrat, das seiner ebenfalls misslungene Darbietung die Krone aufsetzte. Von der Jury wurde er dann gefragt, warum er sich denn f\u00fcr diese dem\u00fctigenden Klamotten entschieden habe. Weil der Regisseur das so gewollt habe, sagte der Kandidat bei der Aufzeichung. In der gesendeten Show war das nat\u00fcrlich rausgeschnitten.&nbsp;Keine Ahnung, ob Fabrizio die Idee mit den High Heels hatte, oder ob die Redaktion ihm den Vorschlag gemacht hatte. Aber egal. Denn f\u00fcr ihn waren die Highheels ein Zeichen des Stolzes, w\u00e4hrend die Macher der Sendung wussten, dass sie seine Dem\u00fctigung vollenden w\u00fcrden. Mit dem auf den hohen Schuhen vorgetragenen Pathos war die Fallh\u00f6he perfekt, mit der der Sender den jungen Mann spektakul\u00e4r abst\u00fcrzen lassen konnte. Wer sich die Szenen anschaut, der sieht, dass Fabrizio kein Gro\u00dfkotz ist, sondern ein fast sch\u00fcchterner Mann, der eine gro\u00dfe Klappe braucht, um sich wehren zu k\u00f6nnen.<\/p>\n<p>Der Mut eines jungen Mannes, zu sich selber zu stehen, wurde missbraucht f\u00fcr die Inszenierung einer Vernichtung. Ja, Fabrizio hat sich schlecht geschlagen. Vor allem aber hatte er das Pech, dies in einem Format zu tun, das darauf angewiesen ist, daraus Kapital zu schlagen. Wer hierf\u00fcr Schadenfreude empfindet oder gar Wut auf den Kandidaten, weil er sich so f\u00fcr dessen peinliches Anderssein sch\u00e4mt, der muss sich fragen lassen, wie peinlich ihm das eigene Anderssein ist.<\/p>\n<p>\u2666<\/p>\n<p>Nachtrag: Fabrizio&nbsp;Giordano in einem Facebook-Kommentar heute:<\/p>\n<p>&#8222;&#8230; Aber die Schuhe habe ich mir nicht ausgesucht! Bei dem Casting ist gesagt worden, entweder in high heels oder du kommst nicht zu dieter&#8220;<\/p>\n\n\n<p><strong>SAVE THE DATE: Am 28. Mai findet im Tipi Am Kanzleramt die gro\u00dfe Community Gala anl\u00e4sslich von 10 Jahren Nollendorfblog statt. <\/strong><\/p>\n\n\n\n<p><a href=\"https:\/\/www.nollendorfblog.de\/?p=10008\"><strong>Hier weitere Informationen. <\/strong><\/a><\/p>\n\n\n\n<figure class=\"wp-block-image\"><img loading=\"lazy\" decoding=\"async\" width=\"596\" height=\"363\" src=\"https:\/\/www.nollendorfblog.de\/wp-content\/uploads\/2019\/02\/Screenshot-35.png\" alt=\"\" class=\"wp-image-10010\" srcset=\"https:\/\/www.nollendorfblog.de\/wp-content\/uploads\/2019\/02\/Screenshot-35.png 596w, https:\/\/www.nollendorfblog.de\/wp-content\/uploads\/2019\/02\/Screenshot-35-300x183.png 300w\" sizes=\"auto, (max-width: 596px) 100vw, 596px\" \/><\/figure>\n\n\n<hr>\n<p><!-- \/wp:post-content --><\/p>\n<p><!-- wp:paragraph --><\/p>\n<p><strong>Wir brauchen Deine Hilfe! Das Nollendorfblog bleibt werbefrei und unabh\u00e4ngig durch die freiwillige Unterst\u00fctzung seiner Leserinnen und Leser.<br>\n<\/strong><\/p>\n<p><!-- \/wp:paragraph --><\/p>\n<p><!-- wp:separator --><\/p>\n<hr class=\"wp-block-separator\">\n<p><!-- \/wp:separator --><\/p>\n<p><!-- wp:image {\"id\":8740,\"align\":\"left\",\"linkDestination\":\"custom\"} --><\/p>\n<div class=\"wp-block-image\">\n<figure class=\"alignleft\"><a href=\"https:\/\/steadyhq.com\/de\/nollendorfblog\"><img loading=\"lazy\" decoding=\"async\" width=\"442\" height=\"82\" class=\"wp-image-8740\" src=\"https:\/\/www.nollendorfblog.de\/wp-content\/uploads\/2018\/02\/Steady-nollendorfblog-klein.png\" alt=\"\" srcset=\"https:\/\/www.nollendorfblog.de\/wp-content\/uploads\/2018\/02\/Steady-nollendorfblog-klein.png 442w, https:\/\/www.nollendorfblog.de\/wp-content\/uploads\/2018\/02\/Steady-nollendorfblog-klein-300x56.png 300w\" sizes=\"auto, (max-width: 442px) 100vw, 442px\" \/><\/a><\/figure>\n<\/div>\n<p><!-- \/wp:image --><\/p>\n<p><!-- wp:paragraph --><\/p>\n<p>Mehr dazu:&nbsp;<a href=\"https:\/\/www.nollendorfblog.de\/?p=8291\">Das Nollendorfblog braucht Deine Unterst\u00fctzung.<\/a><\/p>\n<p><!-- \/wp:paragraph --><\/p>\n<p><!-- wp:paragraph --><\/p>\n<hr>\n<div id=\"main\">\n<section id=\"primary\">\n<div id=\"content\" role=\"main\">\n<article id=\"post-9461\">\n<header><\/header>\n<header><\/header>\n<header><\/header>\n<header><em>Hintergrund zu diesem Beitrag:<\/em><\/header>\n<\/article>\n<\/div>\n<\/section>\n<\/div>\n<div id=\"main\">\n<section id=\"primary\">\n<div role=\"main\"><\/div>\n<div role=\"main\"><a href=\"https:\/\/www.nollendorfblog.de\/?p=9094\"><em>Wim Wenders&#8216; krasser Traum mit dem Papst<\/em><\/a><\/div>\n<div role=\"main\"><\/div>\n<\/section>\n<\/div>\n<p><!-- \/wp:paragraph --><\/p>","protected":false},"excerpt":{"rendered":"<p>F\u00fcr ihn waren die Highheels ein Zeichen des Stolzes, w\u00e4hrend die Macher der Sendung wussten, dass sie seine Dem\u00fctigung vollenden w\u00fcrden. Foto: RTL<\/p>\n","protected":false},"author":1,"featured_media":9535,"comment_status":"closed","ping_status":"closed","sticky":false,"template":"","format":"standard","meta":{"footnotes":""},"categories":[165,74,153,151,167],"tags":[],"class_list":["post-9529","post","type-post","status-publish","format-standard","has-post-thumbnail","hentry","category-165","category-medien","category-pop-musik-show","category-solidaritaet","category-tv"],"_links":{"self":[{"href":"https:\/\/www.nollendorfblog.de\/index.php?rest_route=\/wp\/v2\/posts\/9529","targetHints":{"allow":["GET"]}}],"collection":[{"href":"https:\/\/www.nollendorfblog.de\/index.php?rest_route=\/wp\/v2\/posts"}],"about":[{"href":"https:\/\/www.nollendorfblog.de\/index.php?rest_route=\/wp\/v2\/types\/post"}],"author":[{"embeddable":true,"href":"https:\/\/www.nollendorfblog.de\/index.php?rest_route=\/wp\/v2\/users\/1"}],"replies":[{"embeddable":true,"href":"https:\/\/www.nollendorfblog.de\/index.php?rest_route=%2Fwp%2Fv2%2Fcomments&post=9529"}],"version-history":[{"count":41,"href":"https:\/\/www.nollendorfblog.de\/index.php?rest_route=\/wp\/v2\/posts\/9529\/revisions"}],"predecessor-version":[{"id":10166,"href":"https:\/\/www.nollendorfblog.de\/index.php?rest_route=\/wp\/v2\/posts\/9529\/revisions\/10166"}],"wp:featuredmedia":[{"embeddable":true,"href":"https:\/\/www.nollendorfblog.de\/index.php?rest_route=\/wp\/v2\/media\/9535"}],"wp:attachment":[{"href":"https:\/\/www.nollendorfblog.de\/index.php?rest_route=%2Fwp%2Fv2%2Fmedia&parent=9529"}],"wp:term":[{"taxonomy":"category","embeddable":true,"href":"https:\/\/www.nollendorfblog.de\/index.php?rest_route=%2Fwp%2Fv2%2Fcategories&post=9529"},{"taxonomy":"post_tag","embeddable":true,"href":"https:\/\/www.nollendorfblog.de\/index.php?rest_route=%2Fwp%2Fv2%2Ftags&post=9529"}],"curies":[{"name":"wp","href":"https:\/\/api.w.org\/{rel}","templated":true}]}}