{"id":9576,"date":"2019-01-18T07:48:45","date_gmt":"2019-01-18T05:48:45","guid":{"rendered":"http:\/\/www.nollendorfblog.de\/?p=9576"},"modified":"2019-03-02T12:44:34","modified_gmt":"2019-03-02T10:44:34","slug":"homophobie-angriff-auf-klaus-wowereit-die-geistig-moralische-verkommenheit-des-friedrich-merz-2-3-2-2-2","status":"publish","type":"post","link":"https:\/\/www.nollendorfblog.de\/?p=9576","title":{"rendered":"Gloria von Thurn und Taxis: Deutsche Medien machen der &#8222;Prinzessin der europ\u00e4ischen extremen Rechten&#8220; den Hof"},"content":{"rendered":"<p style=\"text-align: right;\"><em>Vorschaufoto: Screenshot WDR (&#8222;Ich stelle mich)<\/em><\/p>\nEin amerikanisches Museum entscheidet sich, eine geplante Ehrung von Gloria von Thurn und Taxis wegen derer extremer <a href=\"https:\/\/www.queer.de\/detail.php?article_id=32764\">politischen Positionierung<\/a> zur\u00fcckzuziehen. Doch wenn man die Berichte in deutschen Medien dazu liest (die alle auf einem <a href=\"https:\/\/www.rtl.de\/cms\/new-york-keine-auszeichnung-fuer-gloria-von-thurn-und-taxis-4277355.html\">Artikel von dpa<\/a> basieren, der sich wiederum auf einen Beitrag in der <a href=\"https:\/\/www.nytimes.com\/2019\/01\/10\/arts\/design\/el-museo-del-barrio-princess-gloria-von-thurn-und-taxis.html\">New York Times<\/a> bezieht), hat nicht die F\u00fcrstin, sondern das Museum ein Toleranzproblem. Nicht nur dass vor allem Glorias Sicht der Dinge verbreitet wird; \u00fcberhaupt ist der Tenor der Berichterstattung mehrheitlich so ausgerichtet, dass man wirklich meinen k\u00f6nnte, die F\u00fcrstin habe Recht, wenn sie sagt:\n<blockquote>\u201eDie Spie\u00dfer haben das Kommando \u00fcbernommen&#8220;.<\/blockquote>\nDie WELT <a href=\"https:\/\/www.welt.de\/vermischtes\/article187214378\/Abgesagte-Ehrung-Gloria-von-Thurn-und-Taxis-kritisiert-New-Yorker-Museum.html\">etwa behauptet<\/a> &#8230;\n<blockquote>Vorgeworfen wurden der selbstbewussten Katholikin ihre konservativen Aussagen, darunter offenbar mehr als f\u00fcnfzehn Jahre alte Aussagen.<\/blockquote>\n&#8230; , was gleich aus mehreren Gesichtspunkten beachtlich ist. Zum einen, weil das, was die WELT hier f\u00fcr &#8222;konservativ&#8220; h\u00e4lt, in den tats\u00e4chlichen Vorw\u00fcrfen ganz anders bewertet wird. In dem New York Times Artikel, der \u00fcber die Entscheidung des Museums berichtete und auf den sich auch die in Deutschland hierzu erschienenen Presseberichte st\u00fctzen, wird etwa ein Tweet einer amerikanischen Professorin zitiert:\n<blockquote>Ana Dopico, an associate professor at New York University who studies United States Latino cultures, <a class=\"css-1g7m0tk\" title=\"\" href=\"https:\/\/twitter.com\/ADopicodelValle\/status\/1082747887929446402\" target=\"_blank\" rel=\"noopener noreferrer\">wrote on Twitter<\/a> that it was \u201cstaggering and shocking\u201d that El Museo would honor \u201ca princess of Europe\u2019s extreme right wing.\u201d<\/blockquote>\nWo Gloria von Thurn und Taxis als eine &#8222;Prinzessin der europ\u00e4ischen extremen Rechten&#8220; bezeichnet wird, berichtet die WELT, vorgew\u00fcrfen w\u00fcrden ihr &#8222;konservativen Aussagen&#8220;.\n\nNun kann man ja Reaktion\u00e4res f\u00fcr &#8222;konservativ&#8220; halten oder meinetwegen auch dar\u00fcber streiten, ob Gloria tats\u00e4chlich reaktion\u00e4r ist. Aber wenn sie als Reaktion\u00e4rin bezeichnet wird (und &#8222;princess of Europe\u2019s extreme right wing&#8220; geht ja nun wirklich noch ein gutes St\u00fcck weiter) und dann so tut, als seien hier nur &#8222;konservative&#8220; Aussagen im Raum, macht man sich so oder so zur Pressesprecherin der F\u00fcrstin.\n\nDie Behauptung der WELT ist aber auch noch aus einem anderen Grund perfide. Denn das Label der &#8222;selbstbewussten Katholikin&#8220; tut so, als w\u00fcrde hier nur jemand seinen Glauben verteidigen. Die WELT und auch andere deutsche Medien \u00fcbernehmen hier komplett den Spin der F\u00fcrstin, die einfach so tut, als sei politisch Extremes dann nicht mehr politisch extrem, wenn man es mit seinem Glauben begr\u00fcndet:\n<blockquote>\u201eDas einzige was ich dazu sagen kann ist, dass ich entt\u00e4uscht dar\u00fcber bin, bis zu welchem Grade die Gesellschaft heute gespalten ist und dass es scheinbar \u00fcberhaupt keinen Platz f\u00fcr Toleranz gibt. Meine konservativen religi\u00f6sen Meinungen haben absolut keinen Einfluss auf meine Offenheit gegen\u00fcber kultureller Diversit\u00e4t und Einbeziehung.\u201c<\/blockquote>\nSelbst die Kumpanei mit Steve Bannon wird in der WELT aus ihrem Blickwinkel, dem Blickwinkel der aufrechten Gl\u00e4ubigen erz\u00e4hlt:\n<blockquote>In der \u201eTagespost\u201c sagte Gloria nun zum Thema Bannon: \u201eMein Gott, der war in Rom und da liegt es auf der Hand, ihn mit wichtigen Kirchenf\u00fchrern bekanntzumachen. Dass man sich dar\u00fcber aufregt, kann ich nicht verstehen, aber aus Spa\u00df haben wir schon fr\u00fcher gesagt: ,Wir sind die, vor denen Euch Eure Eltern immer gewarnt haben.&#8216; Das scheint sich also doch bewahrheitet zu haben.\u201c<\/blockquote>\nWas die WELT nur insinuiert, wird vom rechten Blog &#8222;Die freie Welt&#8220; ausgesprochen:\n<blockquote>Museum bestraft F\u00fcrstin Gloria von Thurn und Taxis f\u00fcr ihren Glauben.<\/blockquote>\nAber selbst politisch harmlose Seiten verheben sich an der Geschichte. Das Nachrichtenportal <a href=\"https:\/\/www.t-online.de\/unterhaltung\/stars\/royals\/id_85079104\/wegen-ihrer-ansichten-gloria-von-thurn-und-taxis-wird-nicht-geehrt.html\">t-online<\/a> etwa spricht von &#8222;umstrittenen \u00c4u\u00dferungen&#8220;, als ob \u00fcber Befunde der F\u00fcrstin (wie etwa die, Homosexuelle seien &#8222;gegen die Natur&#8220;) in Deutschland noch ernsthaft gestritten w\u00fcrde. Au\u00dfer unter Extremisten.\n\nWie harmlos Extremismus in deutschen Medien sein kann, macht t-online durch die Auswahl zweier weiterf\u00fchrender Links deutlich:\n<ul class=\"ul\">\n \t<li><span class=\"TshowLinkInXML\"><b>Wilde Partysause:<\/b> F\u00fcrstin Gloria von Thurn und Taxis dreht auf<\/span><\/li>\n \t<li><span class=\"TshowLinkInXML\"><b>Mafalda im B\u00e4llebad:<\/b>\u00a0So s\u00fc\u00df ist die Enkelin von Gloria von Thurn und Taxis.<\/span><\/li>\n<\/ul>\nNa dann. \u2666\n\n<header><em>Hintergrund zu diesem Beitrag:<\/em><\/header><header><a href=\"https:\/\/www.nollendorfblog.de\/?p=8819\">Gloria von Thurn und Taxis: K\u00f6nnen auch Frauen schwulen Selbsthass haben?<\/a><\/header>\n\n<hr \/>\n\n<!-- \/wp:post-content -->\n\n<!-- wp:paragraph -->\n\n<strong>Wir brauchen Deine Hilfe! Das Nollendorfblog bleibt werbefrei und unabh\u00e4ngig durch die freiwillige Unterst\u00fctzung seiner Leserinnen und Leser.\n<\/strong>\n\n<!-- \/wp:paragraph -->\n\n<!-- wp:separator -->\n\n<hr class=\"wp-block-separator\" \/>\n\n<!-- \/wp:separator -->\n\n<!-- wp:image {\"id\":8740,\"align\":\"left\",\"linkDestination\":\"custom\"} -->\n<div class=\"wp-block-image\">\n<figure class=\"alignleft\"><a href=\"https:\/\/steadyhq.com\/de\/nollendorfblog\"><img loading=\"lazy\" decoding=\"async\" width=\"442\" height=\"82\" class=\"wp-image-8740\" src=\"https:\/\/www.nollendorfblog.de\/wp-content\/uploads\/2018\/02\/Steady-nollendorfblog-klein.png\" alt=\"\" srcset=\"https:\/\/www.nollendorfblog.de\/wp-content\/uploads\/2018\/02\/Steady-nollendorfblog-klein.png 442w, https:\/\/www.nollendorfblog.de\/wp-content\/uploads\/2018\/02\/Steady-nollendorfblog-klein-300x56.png 300w\" sizes=\"auto, (max-width: 442px) 100vw, 442px\" \/><\/a><\/figure>\n<\/div>\n<!-- \/wp:image -->\n\n<!-- wp:paragraph -->\n\nMehr dazu:\u00a0<a href=\"https:\/\/www.nollendorfblog.de\/?p=8291\">Das Nollendorfblog braucht Deine Unterst\u00fctzung.<\/a>\n\n<!-- \/wp:paragraph -->\n\n<!-- wp:paragraph -->\n\n<hr \/>\n\n<div id=\"main\">\n<section id=\"primary\">\n<div id=\"content\" role=\"main\"><\/div>\n<\/section><\/div>\n<!-- \/wp:paragraph -->","protected":false},"excerpt":{"rendered":"<p>Die WELT macht sich zur Pressesprecherin einer Extremistin und auch andere Medien verheben sich an der Meldung \u00fcber eine abgesagte Ehrung der Prinzessin in New York. (Vorschaufoto: Screenshot WDR) <\/p>\n","protected":false},"author":1,"featured_media":9629,"comment_status":"closed","ping_status":"closed","sticky":false,"template":"","format":"standard","meta":{"footnotes":""},"categories":[165,54,74,169,112],"tags":[19,35],"class_list":["post-9576","post","type-post","status-publish","format-standard","has-post-thumbnail","hentry","category-165","category-kirche","category-medien","category-online","category-rassismus","tag-gloria-von-thurn-und-taxis","tag-welt"],"_links":{"self":[{"href":"https:\/\/www.nollendorfblog.de\/index.php?rest_route=\/wp\/v2\/posts\/9576","targetHints":{"allow":["GET"]}}],"collection":[{"href":"https:\/\/www.nollendorfblog.de\/index.php?rest_route=\/wp\/v2\/posts"}],"about":[{"href":"https:\/\/www.nollendorfblog.de\/index.php?rest_route=\/wp\/v2\/types\/post"}],"author":[{"embeddable":true,"href":"https:\/\/www.nollendorfblog.de\/index.php?rest_route=\/wp\/v2\/users\/1"}],"replies":[{"embeddable":true,"href":"https:\/\/www.nollendorfblog.de\/index.php?rest_route=%2Fwp%2Fv2%2Fcomments&post=9576"}],"version-history":[{"count":48,"href":"https:\/\/www.nollendorfblog.de\/index.php?rest_route=\/wp\/v2\/posts\/9576\/revisions"}],"predecessor-version":[{"id":9648,"href":"https:\/\/www.nollendorfblog.de\/index.php?rest_route=\/wp\/v2\/posts\/9576\/revisions\/9648"}],"wp:featuredmedia":[{"embeddable":true,"href":"https:\/\/www.nollendorfblog.de\/index.php?rest_route=\/wp\/v2\/media\/9629"}],"wp:attachment":[{"href":"https:\/\/www.nollendorfblog.de\/index.php?rest_route=%2Fwp%2Fv2%2Fmedia&parent=9576"}],"wp:term":[{"taxonomy":"category","embeddable":true,"href":"https:\/\/www.nollendorfblog.de\/index.php?rest_route=%2Fwp%2Fv2%2Fcategories&post=9576"},{"taxonomy":"post_tag","embeddable":true,"href":"https:\/\/www.nollendorfblog.de\/index.php?rest_route=%2Fwp%2Fv2%2Ftags&post=9576"}],"curies":[{"name":"wp","href":"https:\/\/api.w.org\/{rel}","templated":true}]}}