{"id":9978,"date":"2019-01-30T15:46:44","date_gmt":"2019-01-30T13:46:44","guid":{"rendered":"http:\/\/www.nollendorfblog.de\/?p=9978"},"modified":"2019-03-02T12:28:09","modified_gmt":"2019-03-02T10:28:09","slug":"vier-einfache-fragen-an-peter-kraus-zu-andreas-gabalier","status":"publish","type":"post","link":"https:\/\/www.nollendorfblog.de\/?p=9978","title":{"rendered":"Vier einfache Fragen an Peter Kraus zu Andreas Gabalier"},"content":{"rendered":"\n<p style=\"text-align:right\"><em>Vorschaufoto von <a href=\"https:\/\/commons.wikimedia.org\/wiki\/User:Haraldbischoff\">Harald Bischoff<\/a>, unver\u00e4ndert, <a href=\"https:\/\/de.wikipedia.org\/wiki\/Datei:Andreas_Gabalier_8191.jpg\">CC-Lizenz<\/a><\/em><\/p>\n\n\n\n<p>Lieber Peter Kraus,<\/p>\n\n\n\n<p>Sie wollen am Samstag dem &#8222;Volks-Rock-\u2018n\u2018-Roller\u201c Andreas Gabalier <a href=\"https:\/\/www.queer.de\/detail.php?article_id=32866\">einen Preis \u00fcberreichen<\/a>, obwohl dem S\u00e4nger Sexismus, <a href=\"https:\/\/www.queer.de\/detail.php?article_id=24111\">Homophobie<\/a> und <a href=\"http:\/\/www.kultort.at\/2018\/06\/13\/andreas-gabalier-der-vorbote-des-oesterreichischen-populismus\/\">Rechtspopulismus<\/a><a href=\"https:\/\/www.vice.com\/de_at\/article\/3bybvb\/wie-rechts-ist-andreas-gabalier\"> vorgeworfen<\/a> wird. Die BILD-Zeitung schreibt, Sie nehmen Gaballier vor diesen Vorw\u00fcrfen in Schutz und zitiert sie mit dem Satz:<\/p>\n\n\n\n<blockquote class=\"wp-block-quote is-layout-flow wp-block-quote-is-layout-flow\"><p>\u201eIch kenne Andreas als einen netten, h\u00f6flichen und respektvollen  Kollegen.\u201c<\/p><\/blockquote>\n\n\n\n<p>Leider hat die BILD-Zeitung vergessen nachzufragen, wie diese Worte in Bezug auf die Vorw\u00fcrfe zu vertstehen sind. Und weil es ja nicht irgendwelche Vorw\u00fcrfe sind, und weil Sie ja nicht irgendwer sind, und ja: Weil es heutzutage eine Unsitte geworden ist, Leute einfach so in die rechte Ecke zu stellen, nur weil sie irgendwelchen rechte Dinge sagen, m\u00f6chte ich nur gerne auf Nummer sicher gehen, damit wir Ihre Motivation, diesen Preis zu \u00fcberreichen, besser einsch\u00e4tzen k\u00f6nnen.<\/p>\n\n\n\n<p>Also: A: Kennen Sie Herrn Gabalier als netten, h\u00f6flichen und respektvollen  Kollegen, und deshalb k\u00f6nnen Sie sich nicht vortstellen, dass er sexistische, homophobe und rechtspopulistische Dinge sagt?<\/p>\n\n\n\n<p>B: Kennen Sie Herrn Gabalier als netten, h\u00f6flichen und respektvollen   Kollegen, und deshalb ist es Ihnen egal, ob er  sexistische, homophobe und rechtspopulistische Dinge sagt? <\/p>\n\n\n\n<p>C: Kennen Sie Herrn Gabalier als netten, h\u00f6flichen und respektvollen   Kollegen, und deshalb ist es nicht so schlimm, dass er sexistische, homophobe und rechtspopulistische Dinge sagt? <\/p>\n\n\n\n<p>D:  Kennen Sie Herrn Gabalier als netten, h\u00f6flichen und respektvollen    Kollegen, und finden, dass die sexistischen,  homophoben und rechtspopulistischen Dinge gar keine sexistischen,  homophoben und rechtspopulistischen Dinge sind?<\/p>\n\n\n\n<p>Sehen Sie: Es ist ganz einfach. Aber entscheiden m\u00fcssen Sie sich schon. <br><\/p>\n\n\n<p><strong>Wir brauchen Deine Hilfe! Das Nollendorfblog bleibt werbefrei und unabh\u00e4ngig durch die freiwillige Unterst\u00fctzung seiner Leserinnen und Leser.<br><\/strong><\/p>\n<p><!-- \/wp:post-content --><\/p>\n<p><!-- wp:separator --><\/p>\n<hr class=\"wp-block-separator\">\n<p><!-- \/wp:separator --><\/p>\n<p><!-- wp:image {\"id\":8740,\"align\":\"left\",\"linkDestination\":\"custom\"} --><\/p>\n<div class=\"wp-block-image\">\n<figure class=\"alignleft\"><a href=\"https:\/\/steadyhq.com\/de\/nollendorfblog\"><img loading=\"lazy\" decoding=\"async\" width=\"442\" height=\"82\" class=\"wp-image-8740\" src=\"https:\/\/www.nollendorfblog.de\/wp-content\/uploads\/2018\/02\/Steady-nollendorfblog-klein.png\" alt=\"\" srcset=\"https:\/\/www.nollendorfblog.de\/wp-content\/uploads\/2018\/02\/Steady-nollendorfblog-klein.png 442w, https:\/\/www.nollendorfblog.de\/wp-content\/uploads\/2018\/02\/Steady-nollendorfblog-klein-300x56.png 300w\" sizes=\"auto, (max-width: 442px) 100vw, 442px\" \/><\/a><\/figure>\n<\/div>\n<p><!-- \/wp:image --><\/p>\n<p><!-- wp:paragraph --><\/p>\n<p>Mehr dazu:&nbsp;<a href=\"https:\/\/www.nollendorfblog.de\/?p=8291\">Das Nollendorfblog braucht Deine Unterst\u00fctzung.<\/a><\/p>\n<hr>\n<p><!--EndFragment--><\/p>\n<p><!-- wp:paragraph --><\/p>\n<p><strong>Hintergrund hier im Blog:<\/strong><\/p>\n<p><!-- \/wp:paragraph --><\/p>\n<p><!-- wp:paragraph --><\/p>\n<p><strong> <\/strong><a href=\"https:\/\/www.nollendorfblog.de\/?p=4677\"><strong>M\u00fcllermilch hat kein Problem mit der Homophobie ihres Werbestars Andreas Gabalie<\/strong>r<\/a> <\/p>\n<p><!-- \/wp:paragraph --><\/p>","protected":false},"excerpt":{"rendered":"<p>Sehen Sie: Es ist ganz einfach. Aber entscheiden m\u00fcssen Sie sich schon. <\/p>\n<p>Foto: Harald Bischoff\/ CC-Lizenz<\/p>\n","protected":false},"author":1,"featured_media":9992,"comment_status":"closed","ping_status":"closed","sticky":false,"template":"","format":"standard","meta":{"footnotes":""},"categories":[165,74,153],"tags":[93,170],"class_list":["post-9978","post","type-post","status-publish","format-standard","has-post-thumbnail","hentry","category-165","category-medien","category-pop-musik-show","tag-andreas-gabalier","tag-peter-kraus"],"_links":{"self":[{"href":"https:\/\/www.nollendorfblog.de\/index.php?rest_route=\/wp\/v2\/posts\/9978","targetHints":{"allow":["GET"]}}],"collection":[{"href":"https:\/\/www.nollendorfblog.de\/index.php?rest_route=\/wp\/v2\/posts"}],"about":[{"href":"https:\/\/www.nollendorfblog.de\/index.php?rest_route=\/wp\/v2\/types\/post"}],"author":[{"embeddable":true,"href":"https:\/\/www.nollendorfblog.de\/index.php?rest_route=\/wp\/v2\/users\/1"}],"replies":[{"embeddable":true,"href":"https:\/\/www.nollendorfblog.de\/index.php?rest_route=%2Fwp%2Fv2%2Fcomments&post=9978"}],"version-history":[{"count":14,"href":"https:\/\/www.nollendorfblog.de\/index.php?rest_route=\/wp\/v2\/posts\/9978\/revisions"}],"predecessor-version":[{"id":10169,"href":"https:\/\/www.nollendorfblog.de\/index.php?rest_route=\/wp\/v2\/posts\/9978\/revisions\/10169"}],"wp:featuredmedia":[{"embeddable":true,"href":"https:\/\/www.nollendorfblog.de\/index.php?rest_route=\/wp\/v2\/media\/9992"}],"wp:attachment":[{"href":"https:\/\/www.nollendorfblog.de\/index.php?rest_route=%2Fwp%2Fv2%2Fmedia&parent=9978"}],"wp:term":[{"taxonomy":"category","embeddable":true,"href":"https:\/\/www.nollendorfblog.de\/index.php?rest_route=%2Fwp%2Fv2%2Fcategories&post=9978"},{"taxonomy":"post_tag","embeddable":true,"href":"https:\/\/www.nollendorfblog.de\/index.php?rest_route=%2Fwp%2Fv2%2Ftags&post=9978"}],"curies":[{"name":"wp","href":"https:\/\/api.w.org\/{rel}","templated":true}]}}